{"id":11425,"date":"2026-08-31T15:13:25","date_gmt":"2026-08-31T18:13:25","guid":{"rendered":"https:\/\/portalbahianoticia.com.br\/?p=11425"},"modified":"2026-08-31T15:13:25","modified_gmt":"2026-08-31T18:13:25","slug":"scarpa-admite-contato-do-sao-paulo-mas-indica-permanencia-no-atletico-mg-minha-vontade-e-ficar","status":"publish","type":"post","link":"https:\/\/portalbahianoticia.com.br\/?p=11425","title":{"rendered":"Scarpa admite contato do S\u00e3o Paulo, mas indica perman\u00eancia no Atl\u00e9tico-MG: \u201cMinha vontade \u00e9 ficar\u201d"},"content":{"rendered":"<p><strong>Gustavo Scarpa<\/strong> voltou aos gramados pela primeira vez no \u00faltimo s\u00e1bado ap\u00f3s meses afastado por les\u00f5es. O meia-atacante abriu o jogo sobre seu futuro e admitiu ter recebido sondagens de <strong><a href=\"https:\/\/www.gazetaesportiva.com\/times\/sao-paulo\/\">S\u00e3o Paulo<\/a><\/strong> e <a href=\"https:\/\/www.gazetaesportiva.com\/times\/santos\/\"><strong>Santos<\/strong><\/a>, mas indicou a perman\u00eancia no <strong><a href=\"https:\/\/www.gazetaesportiva.com\/times\/atletico-mg\/\">Atl\u00e9tico-MG<\/a><\/strong> para o restante da temporada.<\/p>\n<p>Como confirmado pela <strong>Gazeta Esportiva<\/strong>, o <strong><a href=\"https:\/\/www.gazetaesportiva.com\/times\/sao-paulo\/sao-paulo-negocia-gustavo-scarpa-atletico-mg\/\">S\u00e3o Paulo abriu conversas com o Atl\u00e9tico-MG<\/a><\/strong> no dia 20 de agosto para tentar contratar Scarpa por empr\u00e9stimo. Contudo, al\u00e9m do entrave financeiro, pesava contra o neg\u00f3cio a vontade do jogador de 32 anos a continuar no clube mineiro.<\/p>\n<p>\u201c\u00c9 legal ter o seu nome especulado em v\u00e1rios lugares, \u00e9 sinal que o trabalho, de um jeito ou de outro, vem sendo bem feito. Mas eu tratei todas as oportunidades com o maior profissionalismo, respeito poss\u00edvel. Teve com o S\u00e3o Paulo, com o Santos. Assim, n\u00e3o podemos de forma alguma fechar portas, mas eu entendo que meu momento no Galo ainda n\u00e3o acabou e tenho muito para contribuir. Se Deus quiser, mais jogos sem dores, e isso vai me ajudar a poder ajudar o Galo\u201d, afirmou o meia.<\/p>\n<blockquote class=\"twitter-tweet\">\n<p dir=\"ltr\" lang=\"pt\"><img decoding=\"async\" src=\"https:\/\/s.w.org\/images\/core\/emoji\/17.0.2\/72x72\/1f51b.png\" alt=\"\ud83d\udd1b\" class=\"wp-smiley\" style=\"height: 1em; max-height: 1em;\" \/> Os detalhes de uma noite de vit\u00f3ria do Tricolor no MorumBIS!<\/p>\n<p>Confira os <a href=\"https:\/\/x.com\/hashtag\/SuperBastidores?src=hash&#038;ref_src=twsrc%5Etfw\">#SuperBastidores<\/a> do duelo com o Red Bull Bragantino > <a href=\"https:\/\/t.co\/E81e8sstb2\">https:\/\/t.co\/E81e8sstb2<\/a><a href=\"https:\/\/x.com\/hashtag\/VamosS%C3%A3oPaulo?src=hash&#038;ref_src=twsrc%5Etfw\">#VamosS\u00e3oPaulo<\/a> <img decoding=\"async\" src=\"https:\/\/s.w.org\/images\/core\/emoji\/17.0.2\/72x72\/1f1fe-1f1ea.png\" alt=\"\ud83c\uddfe\ud83c\uddea\" class=\"wp-smiley\" style=\"height: 1em; max-height: 1em;\" \/><\/p>\n<p><img decoding=\"async\" src=\"https:\/\/s.w.org\/images\/core\/emoji\/17.0.2\/72x72\/1f3a5.png\" alt=\"\ud83c\udfa5\" class=\"wp-smiley\" style=\"height: 1em; max-height: 1em;\" \/> Gutierre Filmes <a href=\"https:\/\/t.co\/1mEthtvlia\">pic.twitter.com\/1mEthtvlia<\/a><\/p>\n<p>\u2014 S\u00e3o Paulo FC (@SaoPauloFC) <a href=\"https:\/\/x.com\/SaoPauloFC\/status\/2094474260148269256?ref_src=twsrc%5Etfw\">August 31, 2026<\/a><\/p>\n<\/blockquote>\n<p><script async src=\"https:\/\/platform.x.com\/widgets.js\" charset=\"utf-8\"><\/script><\/p>\n<p>Scarpa j\u00e1 chegou a ser procurado pelo clube tricolor em outras oportunidades, mas as negocia\u00e7\u00f5es nunca avan\u00e7aram \u2013 cen\u00e1rio que parece se repetir novamente.<\/p>\n<p>\u201cN\u00e3o sei o que vai ser o amanh\u00e3, mas minha vontade, hoje, \u00e9 ficar no Galo, cumprir o meu contrato. Apareceram algumas oportunidades, conversei, agardeci, mas entendo que minha hist\u00f3ria no Galo n\u00e3o acabou e meu sonho aqui \u00e9 conquistar um grande t\u00edtulo\u201d, concluiu o jogador.<\/p>\n<p>Ap\u00f3s tr\u00eas meses afastado por les\u00e3o, o meia-atacante retornou aos gramados na vit\u00f3ria por 2 a 1 do Atl\u00e9tico-MG sobre o Vit\u00f3ria, no \u00faltimo s\u00e1bado, pela 25\u00aa rodada do Brasileir\u00e3o. Ele tem contrato com o Galo at\u00e9 dezembro de 2027, mas perdeu espa\u00e7o na atual temporada, com apenas dois gols em 24 jogos.<\/p>\n<p>O S\u00e3o Paulo j\u00e1 contratou cinco refor\u00e7os nesta janela de transfer\u00eancias: os laterais Aur\u00e9lio Buta e Iago, o volante Newton, o zagueiro Domingos Duarte e o atacante Victor S\u00e1.<\/p>\n<div class=\"dugout-video dugout-embed-eyJrZXkiOiIiLCJwIjoiZ2F6ZXRhZXNwb3J0aXZhIiwicGwiOiI0a2hoSjVCWCJ9\"><\/div>\n<p><script type=\"text\/javascript\" src=\"https:\/\/embed.onefootball.com\/inline\/gazetaesportiva.js\"><\/script><\/p>\n<h2><strong>Pr\u00f3ximos jogos do S\u00e3o Paulo<\/strong><\/h2>\n<p><strong>S\u00e3o Paulo x Atl\u00e9tico-MG<\/strong>\u00a0(26\u00aa rodada do Campeonato Brasileiro)<br \/>\nData e hor\u00e1rio: 05\/09 (s\u00e1bado), \u00e0s 18h30 (de Bras\u00edlia)<br \/>\nLocal: Morumbis, em S\u00e3o Paulo (SP)<\/p>\n<p><strong>Boca Juniors x S\u00e3o Paulo<\/strong>\u00a0(jogo de ida das quartas de final da Copa Sul-Americana)<br \/>\nData e hor\u00e1rio: 08\/09 (ter\u00e7a-feira), \u00e0s 21h30 (de Bras\u00edlia)<br \/>\nLocal: La Bombonera, em Buenos Aires (ARG)<\/p>\n<p>O post <a href=\"https:\/\/www.gazetaesportiva.com\/times\/sao-paulo\/scarpa-fala-sao-paulo-futuro-atletico-mg\/\">Scarpa admite contato do S\u00e3o Paulo, mas indica perman\u00eancia no Atl\u00e9tico-MG: \u201cMinha vontade \u00e9 ficar\u201d<\/a> apareceu primeiro em <a href=\"https:\/\/www.gazetaesportiva.com\">Gazeta Esportiva<\/a>.<\/p>\n","protected":false},"excerpt":{"rendered":"<p>Gustavo Scarpa voltou aos gramados pela primeira vez no \u00faltimo s\u00e1bado ap\u00f3s meses afastado por les\u00f5es. O meia-atacante<\/p>\n","protected":false},"author":1,"featured_media":11426,"comment_status":"open","ping_status":"open","sticky":false,"template":"","format":"standard","meta":{"footnotes":""},"categories":[71],"tags":[],"class_list":["post-11425","post","type-post","status-publish","format-standard","has-post-thumbnail","hentry","category-esportes-news"],"_links":{"self":[{"href":"https:\/\/portalbahianoticia.com.br\/index.php?rest_route=\/wp\/v2\/posts\/11425","targetHints":{"allow":["GET"]}}],"collection":[{"href":"https:\/\/portalbahianoticia.com.br\/index.php?rest_route=\/wp\/v2\/posts"}],"about":[{"href":"https:\/\/portalbahianoticia.com.br\/index.php?rest_route=\/wp\/v2\/types\/post"}],"author":[{"embeddable":true,"href":"https:\/\/portalbahianoticia.com.br\/index.php?rest_route=\/wp\/v2\/users\/1"}],"replies":[{"embeddable":true,"href":"https:\/\/portalbahianoticia.com.br\/index.php?rest_route=%2Fwp%2Fv2%2Fcomments&post=11425"}],"version-history":[{"count":0,"href":"https:\/\/portalbahianoticia.com.br\/index.php?rest_route=\/wp\/v2\/posts\/11425\/revisions"}],"wp:featuredmedia":[{"embeddable":true,"href":"https:\/\/portalbahianoticia.com.br\/index.php?rest_route=\/wp\/v2\/media\/11426"}],"wp:attachment":[{"href":"https:\/\/portalbahianoticia.com.br\/index.php?rest_route=%2Fwp%2Fv2%2Fmedia&parent=11425"}],"wp:term":[{"taxonomy":"category","embeddable":true,"href":"https:\/\/portalbahianoticia.com.br\/index.php?rest_route=%2Fwp%2Fv2%2Fcategories&post=11425"},{"taxonomy":"post_tag","embeddable":true,"href":"https:\/\/portalbahianoticia.com.br\/index.php?rest_route=%2Fwp%2Fv2%2Ftags&post=11425"}],"curies":[{"name":"wp","href":"https:\/\/api.w.org\/{rel}","templated":true}]}}