{"id":11373,"date":"2026-08-31T15:12:12","date_gmt":"2026-08-31T18:12:12","guid":{"rendered":"https:\/\/portalbahianoticia.com.br\/?p=11373"},"modified":"2026-08-31T15:12:12","modified_gmt":"2026-08-31T18:12:12","slug":"windows-diz-que-antivirus-do-microsoft-defender-esta-desativado-e-bug","status":"publish","type":"post","link":"https:\/\/portalbahianoticia.com.br\/?p=11373","title":{"rendered":"Windows diz que antiv\u00edrus do Microsoft Defender est\u00e1 desativado? \u00c9 bug"},"content":{"rendered":"<figure data-wp-context=\"{\"imageId\":\"6a95bad3eea41\"}\" data-wp-interactive=\"core\/image\" data-wp-key=\"6a95bad3eea41\" class=\"wp-block-image size-large wp-lightbox-container\"><img loading=\"lazy\" decoding=\"async\" width=\"1060\" height=\"596\" data-wp-class--hide=\"state.isContentHidden\" data-wp-class--show=\"state.isContentVisible\" data-wp-init=\"callbacks.setButtonStyles\" data-wp-on--click=\"actions.showLightbox\" data-wp-on--load=\"callbacks.setButtonStyles\" data-wp-on--pointerdown=\"actions.preloadImage\" data-wp-on--pointerenter=\"actions.preloadImageWithDelay\" data-wp-on--pointerleave=\"actions.cancelPreload\" data-wp-on-window--resize=\"callbacks.setButtonStyles\" src=\"https:\/\/files.tecnoblog.net\/wp-content\/uploads\/2022\/04\/microsoft_capa-1_tb-1060x596.jpg\" alt=\"Logotipo do Windows sobre logotipos da Microsoft\" class=\"wp-image-620426\"><button class=\"lightbox-trigger\" type=\"button\" aria-haspopup=\"dialog\" data-wp-bind--aria-label=\"state.thisImage.triggerButtonAriaLabel\" data-wp-init=\"callbacks.initTriggerButton\" data-wp-on--click=\"actions.showLightbox\" data-wp-style--right=\"state.thisImage.buttonRight\" data-wp-style--top=\"state.thisImage.buttonTop\"><br \/>\n\t\t\t<svg xmlns=\"http:\/\/www.w3.org\/2000\/svg\" width=\"12\" height=\"12\" fill=\"none\" viewbox=\"0 0 12 12\">\n\t\t\t\t<path fill=\"#fff\" d=\"M2 0a2 2 0 0 0-2 2v2h1.5V2a.5.5 0 0 1 .5-.5h2V0H2Zm2 10.5H2a.5.5 0 0 1-.5-.5V8H0v2a2 2 0 0 0 2 2h2v-1.5ZM8 12v-1.5h2a.5.5 0 0 0 .5-.5V8H12v2a2 2 0 0 1-2 2H8Zm2-12a2 2 0 0 1 2 2v2h-1.5V2a.5.5 0 0 0-.5-.5H8V0h2Z\"><\/path>\n\t\t\t<\/svg><br \/>\n\t\t<\/button><figcaption class=\"wp-element-caption\">Windows diz que antiv\u00edrus do Microsoft Defender est\u00e1 desativado? \u00c9 bug (ilustra\u00e7\u00e3o: Vitor P\u00e1dua\/Tecnoblog)<\/figcaption><\/figure>\n<details class=\"tb-resumo tb-callout padrao\">\n<summary class=\"tb-callout-titulo\">Resumo<\/summary>\n<div class=\"tb-resumo-topicos tb-callout-texto\">\n<ul>\n<li>O Microsoft Defender apresenta um alerta falso de que est\u00e1 desativado devido a um bug no Windows 10 e Windows 11.<\/li>\n<li>Esse bug afeta v\u00e1rias vers\u00f5es do Windows, incluindo Windows 10, Windows 11 e Windows Server, e parece estar relacionado a atualiza\u00e7\u00f5es recentes do pr\u00f3prio Windows Defender.<\/li>\n<li>A Microsoft afirma que j\u00e1 est\u00e1 trabalhando em uma corre\u00e7\u00e3o para o problema e que ser\u00e1 liberada em uma atualiza\u00e7\u00e3o futura.<\/li>\n<\/ul>\n<\/div>\n<\/details>\n<p class=\"wp-block-paragraph\">Se ap\u00f3s ligar o seu computador voc\u00ea se deparar com um aviso de que o Microsoft Defender est\u00e1 desativado, n\u00e3o se assuste: a ferramenta de seguran\u00e7a continua funcionando e protegendo o sistema. O alerta \u00e9 causado por um bug que afeta o Windows 11 e o Windows 10.<\/p>\n<p class=\"wp-block-paragraph\">O Microsoft Defender \u00e9 o mecanismo de seguran\u00e7a nativo do sistema operacional. Apesar de n\u00e3o ser t\u00e3o avan\u00e7ado quanto solu\u00e7\u00f5es de empresas especializadas em seguran\u00e7a digital, a sua ativa\u00e7\u00e3o \u00e9 importante para proteger o computador contra v\u00edrus e outros malwares, principalmente quando n\u00e3o h\u00e1 mecanismos mais robustos em uso.<\/p>\n<p class=\"wp-block-paragraph\">No problema em quest\u00e3o, o usu\u00e1rio se depara com um aviso que diz que o antiv\u00edrus do Microsoft Defender est\u00e1 desativado (e n\u00e3o o Defender como um todo). Ao abrir as configura\u00e7\u00f5es da ferramenta, a pessoa percebe que se trata de um alerta falso, pois a prote\u00e7\u00e3o continua funcionando.<\/p>\n<p class=\"wp-block-paragraph\">Outra evid\u00eancia de que trata-se de um bug reside no fato de o alerta ser exibido mesmo em computadores que t\u00eam as notifica\u00e7\u00f5es do Windows Defender desativadas.<\/p>\n<figure data-wp-context=\"{\"imageId\":\"6a95bad3ef426\"}\" data-wp-interactive=\"core\/image\" data-wp-key=\"6a95bad3ef426\" class=\"wp-block-image size-large wp-lightbox-container\"><img loading=\"lazy\" decoding=\"async\" width=\"1060\" height=\"596\" data-wp-class--hide=\"state.isContentHidden\" data-wp-class--show=\"state.isContentVisible\" data-wp-init=\"callbacks.setButtonStyles\" data-wp-on--click=\"actions.showLightbox\" data-wp-on--load=\"callbacks.setButtonStyles\" data-wp-on--pointerdown=\"actions.preloadImage\" data-wp-on--pointerenter=\"actions.preloadImageWithDelay\" data-wp-on--pointerleave=\"actions.cancelPreload\" data-wp-on-window--resize=\"callbacks.setButtonStyles\" src=\"https:\/\/files.tecnoblog.net\/wp-content\/uploads\/2026\/04\/microsoft-defender-1060x596.jpg\" alt=\"Microsoft Defender\" class=\"wp-image-894397\"><button class=\"lightbox-trigger\" type=\"button\" aria-haspopup=\"dialog\" data-wp-bind--aria-label=\"state.thisImage.triggerButtonAriaLabel\" data-wp-init=\"callbacks.initTriggerButton\" data-wp-on--click=\"actions.showLightbox\" data-wp-style--right=\"state.thisImage.buttonRight\" data-wp-style--top=\"state.thisImage.buttonTop\"><br \/>\n\t\t\t<svg xmlns=\"http:\/\/www.w3.org\/2000\/svg\" width=\"12\" height=\"12\" fill=\"none\" viewbox=\"0 0 12 12\">\n\t\t\t\t<path fill=\"#fff\" d=\"M2 0a2 2 0 0 0-2 2v2h1.5V2a.5.5 0 0 1 .5-.5h2V0H2Zm2 10.5H2a.5.5 0 0 1-.5-.5V8H0v2a2 2 0 0 0 2 2h2v-1.5ZM8 12v-1.5h2a.5.5 0 0 0 .5-.5V8H12v2a2 2 0 0 1-2 2H8Zm2-12a2 2 0 0 1 2 2v2h-1.5V2a.5.5 0 0 0-.5-.5H8V0h2Z\"><\/path>\n\t\t\t<\/svg><br \/>\n\t\t<\/button><figcaption class=\"wp-element-caption\">Microsoft Defender (imagem: Emerson Alecrim\/Tecnoblog)<\/figcaption><\/figure>\n<h2 class=\"wp-block-heading\">Problema afeta o Windows 11, o Windows 10 e at\u00e9 o Windows Server<\/h2>\n<p class=\"wp-block-paragraph\"><a href=\"https:\/\/learn.microsoft.com\/en-au\/windows\/release-health\/status-windows-11-25h2#4956msgdesc\" target=\"_blank\" class=\"icon-external\">De acordo com a pr\u00f3pria Microsoft<\/a>, o falso alerta do Windows Defender aparece para usu\u00e1rios do Windows 10 nas vers\u00f5es 22H2, 21H2, Enterprise LTSC 2019 e Enterprise LTSC 2016.<\/p>\n<p class=\"wp-block-paragraph\">As seguintes vers\u00f5es para servidores tamb\u00e9m s\u00e3o afetadas: Windows Server 2022, Windows Server 2019, Windows Server 2016, indows Server 2012 R2 e Windows Server 2012.<\/p>\n<p class=\"wp-block-paragraph\">Por fim, no Windows 11, as vers\u00f5es afetadas s\u00e3o estas: 26H1, 25H2, 24H2 e 23H2.<\/p>\n<p class=\"wp-block-paragraph\">Em todos os casos, o problema parece ser oriundo de atualiza\u00e7\u00f5es recentes do pr\u00f3prio Windows Defender. \u00c9 por isso que tantas vers\u00f5es do Windows s\u00e3o afetadas.<\/p>\n<p class=\"wp-block-paragraph\">Mas h\u00e1 uma particularidade com rela\u00e7\u00e3o ao Windows 11: o problema surge ao mesmo tempo em que usu\u00e1rios relatam bugs ap\u00f3s o pacote KB5120998 ser instalado. Essa \u00e9 uma <a href=\"https:\/\/tecnoblog.net\/noticias\/windows-11-libera-barra-de-tarefas-movel-e-novo-menu-iniciar-saiba-ativar\/\">atualiza\u00e7\u00e3o opcional para o Windows 11 que traz um novo Menu Iniciar e marca o retorno da Barra de Tarefas m\u00f3vel<\/a>.<\/p>\n<p class=\"wp-block-paragraph\">Por\u00e9m, alguns usu\u00e1rios que instalaram o pacote KB5120998 notaram falhas como a perda de configura\u00e7\u00f5es personalizadas do mouse. Um problema que eu notei foi a troca do papel de parede por um fundo preto, mas pelo menos esse problema \u00e9 de resolu\u00e7\u00e3o f\u00e1cil: basta ativar o papel de parede novamente.<\/p>\n<p class=\"wp-block-paragraph\">Com rela\u00e7\u00e3o ao problema do Microsoft Defender, a companhia afirma que j\u00e1 est\u00e1 trabalhando em uma corre\u00e7\u00e3o e a liberar\u00e1 em uma atualiza\u00e7\u00e3o futura.<\/p>\n<p><a href=\"https:\/\/tecnoblog.net\/noticias\/windows-diz-que-antivirus-do-microsoft-defender-esta-desativado-e-bug\/\">Windows diz que antiv\u00edrus do Microsoft Defender est\u00e1 desativado? \u00c9 bug<\/a><\/p>\n","protected":false},"excerpt":{"rendered":"<p>Windows diz que antiv\u00edrus do Microsoft Defender est\u00e1 desativado? \u00c9 bug (ilustra\u00e7\u00e3o: Vitor P\u00e1dua\/Tecnoblog) Resumo O Microsoft Defender<\/p>\n","protected":false},"author":15,"featured_media":11374,"comment_status":"open","ping_status":"open","sticky":false,"template":"","format":"standard","meta":{"footnotes":""},"categories":[1],"tags":[],"class_list":["post-11373","post","type-post","status-publish","format-standard","has-post-thumbnail","hentry","category-tecnologia"],"_links":{"self":[{"href":"https:\/\/portalbahianoticia.com.br\/index.php?rest_route=\/wp\/v2\/posts\/11373","targetHints":{"allow":["GET"]}}],"collection":[{"href":"https:\/\/portalbahianoticia.com.br\/index.php?rest_route=\/wp\/v2\/posts"}],"about":[{"href":"https:\/\/portalbahianoticia.com.br\/index.php?rest_route=\/wp\/v2\/types\/post"}],"author":[{"embeddable":true,"href":"https:\/\/portalbahianoticia.com.br\/index.php?rest_route=\/wp\/v2\/users\/15"}],"replies":[{"embeddable":true,"href":"https:\/\/portalbahianoticia.com.br\/index.php?rest_route=%2Fwp%2Fv2%2Fcomments&post=11373"}],"version-history":[{"count":0,"href":"https:\/\/portalbahianoticia.com.br\/index.php?rest_route=\/wp\/v2\/posts\/11373\/revisions"}],"wp:featuredmedia":[{"embeddable":true,"href":"https:\/\/portalbahianoticia.com.br\/index.php?rest_route=\/wp\/v2\/media\/11374"}],"wp:attachment":[{"href":"https:\/\/portalbahianoticia.com.br\/index.php?rest_route=%2Fwp%2Fv2%2Fmedia&parent=11373"}],"wp:term":[{"taxonomy":"category","embeddable":true,"href":"https:\/\/portalbahianoticia.com.br\/index.php?rest_route=%2Fwp%2Fv2%2Fcategories&post=11373"},{"taxonomy":"post_tag","embeddable":true,"href":"https:\/\/portalbahianoticia.com.br\/index.php?rest_route=%2Fwp%2Fv2%2Ftags&post=11373"}],"curies":[{"name":"wp","href":"https:\/\/api.w.org\/{rel}","templated":true}]}}