{"id":11363,"date":"2026-08-31T15:11:55","date_gmt":"2026-08-31T18:11:55","guid":{"rendered":"https:\/\/portalbahianoticia.com.br\/?p=11363"},"modified":"2026-08-31T15:11:55","modified_gmt":"2026-08-31T18:11:55","slug":"brasil-e-eua-retomam-negociacao-apos-tarifacos-de-25-e-125","status":"publish","type":"post","link":"https:\/\/portalbahianoticia.com.br\/?p=11363","title":{"rendered":"Brasil e EUA retomam negocia\u00e7\u00e3o ap\u00f3s tarifa\u00e7os de 25% e 12,5%"},"content":{"rendered":"<\/p>\n<p><a class=\"\" href=\"https:\/\/agenciabrasil.ebc.com.br\/internacional\/noticia\/2026-08\/brasil-e-eua-retomam-negociacao-apos-tarifacos-de-25-e-125\"><br \/>\n                    <img decoding=\"async\" src=\"https:\/\/cdn.jsdelivr.net\/gh\/sergiosdlima\/assets-ebc@1.0.0\/abr\/assets\/images\/logo-agenciabrasil.svg\" alt=\"Logo Ag\u00eancia Brasil\"><br \/>\n\t\t\t\t<\/a><\/p>\n<p><strong>Os governos do Brasil e dos Estados Unidos (EUA) <a href=\"https:\/\/agenciabrasil.ebc.com.br\/economia\/noticia\/2026-07\/tarifaco-de-25-dos-eua-sobre-o-brasil-comeca-valer-nesta-quarta\" target=\"_blank\">retomam<\/a>\u00a0nesta segunda-feira (31)\u00a0as negocia\u00e7\u00f5es sobre o com\u00e9rcio entre os dois pa\u00edses ap\u00f3s a Casa Branca aplicar, unilateralmente, a tarifa de 25% sobre parte das importa\u00e7\u00f5es brasileiras no final de julho.\u00a0<\/strong><img decoding=\"async\" src=\"https:\/\/agenciabrasil.ebc.com.br\/ebc.png?id=1701085&#038;o=rss\"><img decoding=\"async\" src=\"https:\/\/agenciabrasil.ebc.com.br\/ebc.gif?id=1701085&#038;o=rss\"><\/p>\n<p>A volta \u00e0s negocia\u00e7\u00f5es ocorre ap\u00f3s o telefonema entre os presidentes Luiz In\u00e1cio Lula de Silva e Donald Trump, no dia 21 de agosto. Na ocasi\u00e3o, Lula refor\u00e7ou a posi\u00e7\u00e3o do Brasil de que as tarifas s\u00e3o infundadas. Trump, ent\u00e3o, prop\u00f4s <a href=\"https:\/\/agenciabrasil.ebc.com.br\/internacional\/noticia\/2026-08\/lula-liga-para-trump-e-diz-que-alegacoes-para-tarifaco-sao-infundadas\" target=\"_blank\">retomar as conversas entre as equipes dos dois pa\u00edses<\/a>.<\/p>\n<\/p>\n<h3>Not\u00edcias relacionadas:<\/h3>\n<ul>\n<li><a href=\"https:\/\/agenciabrasil.ebc.com.br\/economia\/noticia\/2026-08\/consulta-sobre-bens-sustentaveis-no-acordo-mercosul-ue-acaba-na-quarta\">Consulta sobre bens sustent\u00e1veis no acordo Mercosul\u2013UE acaba na quarta.<\/a><\/li>\n<li><a href=\"https:\/\/agenciabrasil.ebc.com.br\/internacional\/noticia\/2026-08\/lula-liga-para-trump-e-diz-que-alegacoes-para-tarifaco-sao-infundadas\">Lula liga para Trump e diz que alega\u00e7\u00f5es para tarifa\u00e7o s\u00e3o infundadas.<\/a><\/li>\n<li><a href=\"https:\/\/agenciabrasil.ebc.com.br\/economia\/noticia\/2026-08\/brasil-amplia-comercio-com-india-e-retoma-dialogo-sobre-tarifaco\">Brasil amplia com\u00e9rcio com \u00cdndia e retoma di\u00e1logo sobre tarifa\u00e7o.<\/a><\/li>\n<\/ul>\n<p><strong>Ap\u00f3s a tarifa de 25%, o Brasil ainda foi alvo de outro tarifa\u00e7o de 12,5% dos EUA sob a justificativa de falhas no combate ao trabalho for\u00e7ado. Essa justificativa foi usada por Washington para taxar 59 pa\u00edses e a Uni\u00e3o Europeia (UE).<\/strong><\/p>\n<p>Na avalia\u00e7\u00e3o do governo brasileiro, a justificativa para tarifa de 12,5% foi elaborada para substituir o tarifa\u00e7o dos EUA que foi derrubado pela Suprema Corte do pa\u00eds em fevereiro deste ano. Ou seja, o governo Trump teria elaborado uma nova justificativa legal para retomar as tarifas derrubadas no Judici\u00e1rio.<\/p>\n<p>No caso do tarifa\u00e7o de 25% destinado exclusivamente ao Brasil, o governo Trump se baseou na investiga\u00e7\u00e3o conduzida pelo Escrit\u00f3rio do Representante Comercial dos EUA (USTR, na sigla em ingl\u00eas), que alega que o Brasil adota pr\u00e1ticas \u201cdesleais\u201d no com\u00e9rcio com os EUA em temas como<a href=\"https:\/\/agenciabrasil.ebc.com.br\/economia\/noticia\/2026-07\/modelo-do-pix-desafia-controle-financeiro-dos-eua-sobre-o-brasil\" target=\"_blank\"> pagamentos eletr\u00f4nicos (Pix) e acesso ao mercado de etanol.<\/a>\u00a0<\/p>\n<p><strong>O governo brasileiro argumenta que o tarifa\u00e7o de 25% tem motiva\u00e7\u00e3o pol\u00edtica e que as justificativas n\u00e3o condizem com a realidade.<\/strong> Segundo o ministro das rela\u00e7\u00f5es exteriores, Mauro Vieira, os negociadores dos EUA pediam a abertura total de mercados do Brasil sem apresentar <a href=\"http:\/\/%C2%A0https\/\/agenciabrasil.ebc.com.br\/internacional\/noticia\/2026-07\/mauro-vieira-afirma-que-eua-queriam-abertura-total-sem-contrapartida\" target=\"_blank\">contrapartida<\/a>.\u00a0<\/p>\n<p>O tarifa\u00e7o do governo Trump contra o Brasil ocorre em meio a ofensiva da Casa Branca para reafirmar a <a href=\"https:\/\/agenciabrasil.ebc.com.br\/internacional\/noticia\/2025-12\/eua-afirmam-proeminencia-na-america-latina-em-recado-china\" target=\"_blank\">\u201cproemin\u00eancia\u201d sobre a Am\u00e9rica Latina<\/a> em meio ao crescimento da influ\u00eancia econ\u00f4mica chinesa na Am\u00e9rica Latina das \u00faltimas d\u00e9cadas. Bras\u00edlia v\u00ea ainda uma tentativa de influenciar as elei\u00e7\u00f5es gerais de outubro no Brasil.<\/p>\n","protected":false},"excerpt":{"rendered":"<p>Os governos do Brasil e dos Estados Unidos (EUA) retomam\u00a0nesta segunda-feira (31)\u00a0as negocia\u00e7\u00f5es sobre o com\u00e9rcio entre os<\/p>\n","protected":false},"author":6,"featured_media":11364,"comment_status":"open","ping_status":"open","sticky":false,"template":"","format":"standard","meta":{"footnotes":""},"categories":[27],"tags":[],"class_list":["post-11363","post","type-post","status-publish","format-standard","has-post-thumbnail","hentry","category-ultimas-noticias"],"_links":{"self":[{"href":"https:\/\/portalbahianoticia.com.br\/index.php?rest_route=\/wp\/v2\/posts\/11363","targetHints":{"allow":["GET"]}}],"collection":[{"href":"https:\/\/portalbahianoticia.com.br\/index.php?rest_route=\/wp\/v2\/posts"}],"about":[{"href":"https:\/\/portalbahianoticia.com.br\/index.php?rest_route=\/wp\/v2\/types\/post"}],"author":[{"embeddable":true,"href":"https:\/\/portalbahianoticia.com.br\/index.php?rest_route=\/wp\/v2\/users\/6"}],"replies":[{"embeddable":true,"href":"https:\/\/portalbahianoticia.com.br\/index.php?rest_route=%2Fwp%2Fv2%2Fcomments&post=11363"}],"version-history":[{"count":0,"href":"https:\/\/portalbahianoticia.com.br\/index.php?rest_route=\/wp\/v2\/posts\/11363\/revisions"}],"wp:featuredmedia":[{"embeddable":true,"href":"https:\/\/portalbahianoticia.com.br\/index.php?rest_route=\/wp\/v2\/media\/11364"}],"wp:attachment":[{"href":"https:\/\/portalbahianoticia.com.br\/index.php?rest_route=%2Fwp%2Fv2%2Fmedia&parent=11363"}],"wp:term":[{"taxonomy":"category","embeddable":true,"href":"https:\/\/portalbahianoticia.com.br\/index.php?rest_route=%2Fwp%2Fv2%2Fcategories&post=11363"},{"taxonomy":"post_tag","embeddable":true,"href":"https:\/\/portalbahianoticia.com.br\/index.php?rest_route=%2Fwp%2Fv2%2Ftags&post=11363"}],"curies":[{"name":"wp","href":"https:\/\/api.w.org\/{rel}","templated":true}]}}