{"id":11355,"date":"2026-08-31T15:11:59","date_gmt":"2026-08-31T18:11:59","guid":{"rendered":"https:\/\/portalbahianoticia.com.br\/?p=11355"},"modified":"2026-08-31T15:11:59","modified_gmt":"2026-08-31T18:11:59","slug":"sus-tera-tres-novos-medicamentos-para-cancer-de-pulmao","status":"publish","type":"post","link":"https:\/\/portalbahianoticia.com.br\/?p=11355","title":{"rendered":"SUS ter\u00e1 tr\u00eas novos medicamentos para c\u00e2ncer de pulm\u00e3o\u00a0"},"content":{"rendered":"<\/p>\n<p><a class=\"\" href=\"https:\/\/agenciabrasil.ebc.com.br\/saude\/noticia\/2026-08\/sus-tera-tres-novos-medicamentos-para-cancer-de-pulmao\"><br \/>\n                    <img decoding=\"async\" src=\"https:\/\/cdn.jsdelivr.net\/gh\/sergiosdlima\/assets-ebc@1.0.0\/abr\/assets\/images\/logo-agenciabrasil.svg\" alt=\"Logo Ag\u00eancia Brasil\"><br \/>\n\t\t\t\t<\/a><\/p>\n<p><strong>Tr\u00eas novos medicamentos para o tratamento de c\u00e2ncer de pulm\u00e3o ser\u00e3o disponibilizados a pacientes em tratamento no Sistema \u00danico de Sa\u00fade (SUS) a partir de outubro. S\u00e3o eles o brigatinibe, o gefitinibe e o durvalumabe. <\/strong><img decoding=\"async\" src=\"https:\/\/agenciabrasil.ebc.com.br\/ebc.png?id=1701107&#038;o=rss\"><img decoding=\"async\" src=\"https:\/\/agenciabrasil.ebc.com.br\/ebc.gif?id=1701107&#038;o=rss\"><\/p>\n<p>De acordo com o Minist\u00e9rio da Sa\u00fade, cerca de 1,9 mil pacientes devem ser atendidos. <strong>Consideradas medica\u00e7\u00f5es de alta tecnologia, os rem\u00e9dios podem custar at\u00e9 R$ 643 mil por ano na rede privada.<\/strong> \u00a0<\/p>\n<\/p>\n<h3>Not\u00edcias relacionadas:<\/h3>\n<ul>\n<li><a href=\"https:\/\/agenciabrasil.ebc.com.br\/saude\/noticia\/2026-08\/pacientes-com-cancer-colorretal-tem-medicamento-aprovado-pela-anvisa\">Pacientes com c\u00e2ncer colorretal t\u00eam medicamento aprovado pela Anvisa.<\/a><\/li>\n<li><a href=\"https:\/\/agenciabrasil.ebc.com.br\/saude\/noticia\/2026-08\/vacinacao-e-ampliada-em-comunidades-indigenas-da-amazonia\">Vacina\u00e7\u00e3o \u00e9 ampliada em comunidades ind\u00edgenas da Amaz\u00f4nia.<\/a><\/li>\n<\/ul>\n<p>O brigatinibe e o gefitinibe s\u00e3o duas terapias-alvo orais\u00a0que atuam diretamente sobre altera\u00e7\u00f5es espec\u00edficas das c\u00e9lulas cancer\u00edgenas. Uma das vantagens \u00e9 que o rem\u00e9dio pode ser administrado na casa do paciente com menor incid\u00eancia de eventos adversos em compara\u00e7\u00e3o aos esquemas convencionais de quimioterapia.\u00a0<\/p>\n<p>O terceiro medicamento, o durvalumabe, estimula a capacidade do sistema imunol\u00f3gico de combater os tumores cancer\u00edgenos. Ele \u00e9 indicado para pacientes com c\u00e2ncer de pulm\u00e3o em est\u00e1gio 3, que n\u00e3o podem ser tratadas com cirurgia.<\/p>\n<p>\u201cO\u00a0tratamento demonstra ganhos na sobrevida global dos pacientes\u201d, segundo o minist\u00e9rio. \u00a0<\/p>\n<p><strong>As medica\u00e7\u00f5es ser\u00e3o financiadas integralmente pelo governo federal a partir da implementa\u00e7\u00e3o da Assist\u00eancia Farmac\u00eautica Oncol\u00f3gica (AF-Onco), criada para ampliar a oferta de tratamentos pelo SUS.<\/strong><\/p>\n<p>De acordo com o minist\u00e9rio, ser\u00e3o ofertados por meio da AF-Onco 23 medicamentos oncol\u00f3gicos de alto custo, ampliando em 35% a oferta de tratamentos na rede p\u00fablica.\u00a0<\/p>\n<p><strong>A estimativa \u00e9 de que mais de 100 mil pessoas sejam contempladas pela pol\u00edtica, com or\u00e7amento anual estimado em R$ 2,1 bilh\u00f5es.<\/strong>\u00a0\u00a0<\/p>\n<p>\u00a0<\/p>\n","protected":false},"excerpt":{"rendered":"<p>Tr\u00eas novos medicamentos para o tratamento de c\u00e2ncer de pulm\u00e3o ser\u00e3o disponibilizados a pacientes em tratamento no Sistema<\/p>\n","protected":false},"author":76,"featured_media":11356,"comment_status":"open","ping_status":"open","sticky":false,"template":"","format":"standard","meta":{"footnotes":""},"categories":[27],"tags":[],"class_list":["post-11355","post","type-post","status-publish","format-standard","has-post-thumbnail","hentry","category-ultimas-noticias"],"_links":{"self":[{"href":"https:\/\/portalbahianoticia.com.br\/index.php?rest_route=\/wp\/v2\/posts\/11355","targetHints":{"allow":["GET"]}}],"collection":[{"href":"https:\/\/portalbahianoticia.com.br\/index.php?rest_route=\/wp\/v2\/posts"}],"about":[{"href":"https:\/\/portalbahianoticia.com.br\/index.php?rest_route=\/wp\/v2\/types\/post"}],"author":[{"embeddable":true,"href":"https:\/\/portalbahianoticia.com.br\/index.php?rest_route=\/wp\/v2\/users\/76"}],"replies":[{"embeddable":true,"href":"https:\/\/portalbahianoticia.com.br\/index.php?rest_route=%2Fwp%2Fv2%2Fcomments&post=11355"}],"version-history":[{"count":0,"href":"https:\/\/portalbahianoticia.com.br\/index.php?rest_route=\/wp\/v2\/posts\/11355\/revisions"}],"wp:featuredmedia":[{"embeddable":true,"href":"https:\/\/portalbahianoticia.com.br\/index.php?rest_route=\/wp\/v2\/media\/11356"}],"wp:attachment":[{"href":"https:\/\/portalbahianoticia.com.br\/index.php?rest_route=%2Fwp%2Fv2%2Fmedia&parent=11355"}],"wp:term":[{"taxonomy":"category","embeddable":true,"href":"https:\/\/portalbahianoticia.com.br\/index.php?rest_route=%2Fwp%2Fv2%2Fcategories&post=11355"},{"taxonomy":"post_tag","embeddable":true,"href":"https:\/\/portalbahianoticia.com.br\/index.php?rest_route=%2Fwp%2Fv2%2Ftags&post=11355"}],"curies":[{"name":"wp","href":"https:\/\/api.w.org\/{rel}","templated":true}]}}