{"id":11339,"date":"2026-08-31T11:13:18","date_gmt":"2026-08-31T14:13:18","guid":{"rendered":"https:\/\/portalbahianoticia.com.br\/?p=11339"},"modified":"2026-08-31T11:13:18","modified_gmt":"2026-08-31T14:13:18","slug":"quem-e-david-atacante-do-vasco-e-alvo-de-buscas-por-trafico-de-armas-e-drogas","status":"publish","type":"post","link":"https:\/\/portalbahianoticia.com.br\/?p=11339","title":{"rendered":"Quem \u00e9 David? Atacante do Vasco \u00e9 alvo de buscas por tr\u00e1fico de armas e drogas"},"content":{"rendered":"<p>David Corr\u00eaa se tornou alvo de buscas por tr\u00e1fico de armas e drogas na manh\u00e3 desta segunda-feira. O atacante de 30 anos est\u00e1 sendo investigado por um poss\u00edvel envolvimento em um grupo criminoso investigado pela Opera\u00e7\u00e3o A Tropa. Mas, afinal, quem \u00e9 David?<\/p>\n<h2>Trajet\u00f3ria da carreira<\/h2>\n<p>Natural de Vit\u00f3ria, no Esp\u00edrito Santo, David, ou como \u00e9 conhecido pela torcida do Vasco, DVD, estreou no futebol profissional pela equipe do Vit\u00f3ria, na Bahia, em 2015. Na sua temporada de estreia, o jovem de 19 anos fez parte do elenco que subiu a equipe para a primeira divis\u00e3o. Apesar disso, sua primeira temporada como titular na carreira aconteceu apenas em 2017, ainda no Vit\u00f3ria.<\/p>\n<p><strong>Veja tamb\u00e9m:<\/strong><br \/>\n<strong><a href=\"https:\/\/www.gazetaesportiva.com\/todas-as-noticias\/\">Todas as not\u00edcias da Gazeta Esportiva<\/a><\/strong><br \/>\n<strong><a href=\"https:\/\/www.youtube.com\/channel\/UCcndglQZmXnYjgE_Grqt5yg\">Canal da Gazeta Esportiva no YouTube<\/a><\/strong><br \/>\n<strong><a href=\"https:\/\/www.instagram.com\/gazetaesportiva\/\">Siga a Gazeta Esportiva no Instagram<\/a><\/strong><\/p>\n<p>Em 2018, DVD se transferiu para o Cruzeiro, onde permaneceu at\u00e9 2020. David esteve presente na campanha de rebaixamento do clube; por\u00e9m, na partida que marcou a queda, contra o Palmeiras na \u00faltima rodada do Brasileir\u00e3o, DVD n\u00e3o entrou em campo. Na temporada seguinte, David atuou pelo Fortaleza. L\u00e1, o atacante ficou at\u00e9 2022, quando, em janeiro, se tornou jogador do Internacional.<\/p>\n<p>Na equipe ga\u00facha, David fez parte do elenco que terminou na segunda coloca\u00e7\u00e3o do Brasileir\u00e3o em 2022. Com a grande concorr\u00eancia no elenco e os poucos minutos jogados, David foi emprestado ao S\u00e3o Paulo para jogar a temporada de 2023.<\/p>\n<p>No Tricolor Paulista, DVD tamb\u00e9m n\u00e3o conseguiu sequ\u00eancia e voltou ao Internacional no fim do empr\u00e9stimo. Em 2024, o Colorado emprestou o atacante novamente. Desta vez, para o Vasco da Gama. No fim, o Gigante da Colina comprou os direitos do jogador em 2025.<\/p>\n<h2>T\u00edtulos de David<\/h2>\n<p>David possui apenas dois t\u00edtulos em sua carreira, por\u00e9m s\u00e3o conquistas relevantes no \u00e2mbito nacional. Em 2018, enquanto era jogador do Cruzeiro, conquistou a Copa do Brasil daquela temporada. Sua outra conquista tamb\u00e9m \u00e9 uma Copa do Brasil, por\u00e9m em 2023, com a camisa do S\u00e3o Paulo.<\/p>\n<p>Com o Vasco, David entrou em campo 107 vezes, al\u00e9m de marcar 13 gols e distribuir 10 assist\u00eancias.<\/p>\n<div class=\"dugout-video dugout-embed-eyJrZXkiOiIiLCJwIjoiZ2F6ZXRhZXNwb3J0aXZhIiwicGwiOiI0a2hoSjVCWCJ9\"><\/div>\n<p><script type=\"text\/javascript\" src=\"https:\/\/embed.onefootball.com\/inline\/gazetaesportiva.js\"><\/script><\/p>\n<p>O post <a href=\"https:\/\/www.gazetaesportiva.com\/times\/vasco\/quem-e-david-correa-atacante-do-vasco-investigado\/\">Quem \u00e9 David? Atacante do Vasco \u00e9 alvo de buscas por tr\u00e1fico de armas e drogas<\/a> apareceu primeiro em <a href=\"https:\/\/www.gazetaesportiva.com\">Gazeta Esportiva<\/a>.<\/p>\n","protected":false},"excerpt":{"rendered":"<p>David Corr\u00eaa se tornou alvo de buscas por tr\u00e1fico de armas e drogas na manh\u00e3 desta segunda-feira. O<\/p>\n","protected":false},"author":1,"featured_media":11340,"comment_status":"open","ping_status":"open","sticky":false,"template":"","format":"standard","meta":{"footnotes":""},"categories":[71],"tags":[],"class_list":["post-11339","post","type-post","status-publish","format-standard","has-post-thumbnail","hentry","category-esportes-news"],"_links":{"self":[{"href":"https:\/\/portalbahianoticia.com.br\/index.php?rest_route=\/wp\/v2\/posts\/11339","targetHints":{"allow":["GET"]}}],"collection":[{"href":"https:\/\/portalbahianoticia.com.br\/index.php?rest_route=\/wp\/v2\/posts"}],"about":[{"href":"https:\/\/portalbahianoticia.com.br\/index.php?rest_route=\/wp\/v2\/types\/post"}],"author":[{"embeddable":true,"href":"https:\/\/portalbahianoticia.com.br\/index.php?rest_route=\/wp\/v2\/users\/1"}],"replies":[{"embeddable":true,"href":"https:\/\/portalbahianoticia.com.br\/index.php?rest_route=%2Fwp%2Fv2%2Fcomments&post=11339"}],"version-history":[{"count":0,"href":"https:\/\/portalbahianoticia.com.br\/index.php?rest_route=\/wp\/v2\/posts\/11339\/revisions"}],"wp:featuredmedia":[{"embeddable":true,"href":"https:\/\/portalbahianoticia.com.br\/index.php?rest_route=\/wp\/v2\/media\/11340"}],"wp:attachment":[{"href":"https:\/\/portalbahianoticia.com.br\/index.php?rest_route=%2Fwp%2Fv2%2Fmedia&parent=11339"}],"wp:term":[{"taxonomy":"category","embeddable":true,"href":"https:\/\/portalbahianoticia.com.br\/index.php?rest_route=%2Fwp%2Fv2%2Fcategories&post=11339"},{"taxonomy":"post_tag","embeddable":true,"href":"https:\/\/portalbahianoticia.com.br\/index.php?rest_route=%2Fwp%2Fv2%2Ftags&post=11339"}],"curies":[{"name":"wp","href":"https:\/\/api.w.org\/{rel}","templated":true}]}}