{"id":11331,"date":"2026-08-31T11:13:22","date_gmt":"2026-08-31T14:13:22","guid":{"rendered":"https:\/\/portalbahianoticia.com.br\/?p=11331"},"modified":"2026-08-31T11:13:22","modified_gmt":"2026-08-31T14:13:22","slug":"allan-e-anunciado-pelo-manchester-city-e-se-declara-ao-palmeiras","status":"publish","type":"post","link":"https:\/\/portalbahianoticia.com.br\/?p=11331","title":{"rendered":"Allan \u00e9 anunciado pelo Manchester City e se declara ao Palmeiras"},"content":{"rendered":"<p>O <a href=\"https:\/\/www.gazetaesportiva.com\/times\/manchester-city\/\"><strong>Manchester City<\/strong><\/a> anunciou, na manh\u00e3 desta segunda-feira, a contrata\u00e7\u00e3o de <strong>Allan<\/strong>, ex-jogador do <a href=\"https:\/\/www.gazetaesportiva.com\/times\/palmeiras\/\"><strong>Palmeiras<\/strong><\/a>, por <strong>40 milh\u00f5es de euros (cerca de R$ 240 milh\u00f5es)<\/strong>. O atacante de 22 anos assinou contrato por <strong>cinco temporadas<\/strong>, v\u00e1lido at\u00e9 junho de 2031.<\/p>\n<blockquote class=\"twitter-tweet\">\n<p dir=\"ltr\" lang=\"en\">Manchester loves a fighter. <a href=\"https:\/\/t.co\/jMN5zNKfrd\">pic.twitter.com\/jMN5zNKfrd<\/a><\/p>\n<p>\u2014 Manchester City (@ManCity) <a href=\"https:\/\/x.com\/ManCity\/status\/2094394921243308115?ref_src=twsrc%5Etfw\">August 31, 2026<\/a><\/p>\n<\/blockquote>\n<p><script async src=\"https:\/\/platform.x.com\/widgets.js\" charset=\"utf-8\"><\/script><\/p>\n<p>Em sua primeira entrevista como jogador do City, Allan se <strong>declarou ao Palmeiras<\/strong>, mas admitiu que a decis\u00e3o de se transferir para o clube ingl\u00eas foi \u201cf\u00e1cil\u201d.<\/p>\n<p>\u201cEu amo o Palmeiras e sempre vou amar, mas a decis\u00e3o de vir para o City foi f\u00e1cil. Quero ser o melhor jogador que posso ser, e as conversas que tive com as pessoas do City at\u00e9 agora me convenceram de que n\u00e3o existe lugar melhor para realizar minhas ambi\u00e7\u00f5es\u201d, afirmou.<\/p>\n<p>Inicialmente resistente \u00e0 negocia\u00e7\u00e3o, o Palmeiras acabou aceitando abrir conversas diante da alta proposta apresentada pelo Manchester City. Antes da investida dos ingleses, clubes como <strong>Aston Villa <\/strong>e<strong> Napoli<\/strong> j\u00e1 haviam demonstrado interesse no jogador, mas tiveram ofertas recusadas pela diretoria alviverde.<\/p>\n<p>A opera\u00e7\u00e3o foi fechada por <strong>37,5 milh\u00f5es de euros fixos<\/strong>, al\u00e9m de <strong>2,5 milh\u00f5es de euros em b\u00f4nus<\/strong> por metas, totalizando os 40 milh\u00f5es de euros. A informa\u00e7\u00e3o foi divulgada inicialmente pelo <em>ge<\/em> e posteriormente confirmada pela <a href=\"https:\/\/www.gazetaesportiva.com\/\"><strong><em>Gazeta Esportiva<\/em><\/strong><\/a>.<\/p>\n<p>\u201cO Manchester City, por tudo o que conquistou nos \u00faltimos 15 anos, \u00e9 um dos clubes mais atraentes do mundo para os jogadores. Poder estar aqui hoje e dizer que assinei com eles \u00e9 o momento de maior orgulho da minha vida\u201d, disse Allan.<\/p>\n<p><strong>Veja tamb\u00e9m:<\/strong><br \/>\n<strong><a href=\"https:\/\/www.gazetaesportiva.com\/todas-as-noticias\/\">Todas as not\u00edcias da Gazeta Esportiva<\/a><\/strong><br \/>\n<strong><a href=\"https:\/\/www.youtube.com\/channel\/UCcndglQZmXnYjgE_Grqt5yg\">Canal da Gazeta Esportiva no YouTube<\/a><\/strong><br \/>\n<strong><a href=\"https:\/\/www.instagram.com\/gazetaesportiva\/\">Siga a Gazeta Esportiva no Instagram<\/a><br \/>\n<\/strong><strong><a href=\"https:\/\/whatsapp.com\/channel\/0029Va9JQFL3WHTguJNfam3U\">Participe do canal da Gazeta Esportiva no WhatsApp<\/a><\/strong><\/p>\n<p>Al\u00e9m disso, o atacante tamb\u00e9m destacou a import\u00e2ncia de uma <strong>r\u00e1pida adapta\u00e7\u00e3o<\/strong> ao futebol ingl\u00eas e \u00e0 nova equipe.<\/p>\n<p>\u201cEstou muito focado em me adaptar aqui. Quero aprender o ingl\u00eas e me acostumar com o ritmo mais r\u00e1pido do futebol daqui. Acredito que meu foco est\u00e1 totalmente em me adaptar o mais r\u00e1pido poss\u00edvel. Porque, quando eu me adaptar, vou conseguir jogar um bom futebol.\u201d<\/p>\n<p>Allan \u00e9 o terceiro jogador revelado pelo Palmeiras a ser contratado pelo Manchester City. Antes dele, <strong>Gabriel Jesus<\/strong> foi vendido ao clube ingl\u00eas em 2016 por 32 milh\u00f5es de euros (cerca de R$ 121 milh\u00f5es na cota\u00e7\u00e3o da \u00e9poca). Mais recentemente, em 2025, o zagueiro <strong>Vitor Reis<\/strong> foi negociado por 37 milh\u00f5es de euros (cerca de R$ 232 milh\u00f5es), tornando-se o zagueiro mais caro da hist\u00f3ria do futebol brasileiro.<\/p>\n<p>\u201cQuero prometer aos torcedores do Manchester City que vou dar absolutamente tudo para aproveitar ao m\u00e1ximo esta oportunidade.<\/p>\n<p>Agora come\u00e7a o trabalho duro. Vou me dedicar 100% nos treinamentos e fazer o melhor poss\u00edvel para mostrar ao treinador que mere\u00e7o estar em campo.<\/p>\n<p>Meu objetivo \u00e9 ajudar o City a continuar conquistando t\u00edtulos. Se eu conseguir fazer isso, ser\u00e1 a realiza\u00e7\u00e3o de um sonho\u201d, completou Allan.<\/p>\n<h2><strong>Allan pelo Palmeiras<\/strong><\/h2>\n<p>Cria da Academia, Allan estreou profissionalmente pelo Palmeiras em janeiro de 2025 e, desde ent\u00e3o, disputou <strong>96 partidas<\/strong> pela equipe principal. No per\u00edodo, marcou <strong>nove gols<\/strong> e distribuiu <strong>12 assist\u00eancias<\/strong>, al\u00e9m de conquistar dois t\u00edtulos do <strong>Campeonato Paulista, em 2024 e 2026<\/strong>.<\/p>\n<p>O atacante assumiu a titularidade do Verd\u00e3o durante a \u00faltima temporada, ap\u00f3s a sa\u00edda de <strong>Est\u00eav\u00e3o<\/strong> para o <strong>Chelsea<\/strong>. Desde ent\u00e3o, tornou-se pe\u00e7a importante no sistema ofensivo de Abel Ferreira e presen\u00e7a constante entre os titulares.<\/p>\n<p><a href=\"https:\/\/www.gazetaesportiva.com\/times\/palmeiras\/de-saida-para-o-city-allan-agradece-palmeiras-e-se-declara-vou-levar-cada-pedaco-do-clube-comigo\/\"><strong>Em sua despedida<\/strong><\/a>, antes da partida contra o Santos pelas quartas de final da Copa do Brasil, Allan recebeu uma <strong>homenagem no gramado<\/strong> do Allianz Parque e se emocionou ao falar sobre sua trajet\u00f3ria no clube.<\/p>\n<div>\n<p>\u201cEstou com o cora\u00e7\u00e3o muito apertado. Cheguei ao clube com 14 anos e estou saindo hoje com 22, \u00e9 quase uma vida inteira aqui. Fui muito feliz no Palmeiras, \u00e9 um clube que aprendi a amar e torcer com a alma. Realmente era um torcedor dentro de campo. Fico feliz pelas noites e dias m\u00e1gicos que vivi aqui. Vou levar cada peda\u00e7o desse clube comigo\u201d, declarou ao <em>SporTV<\/em>.<\/p>\n<div id=\"attachment_3845256\" style=\"width: 1034px\" class=\"wp-caption alignnone\"><img fetchpriority=\"high\" decoding=\"async\" aria-describedby=\"caption-attachment-3845256\" class=\"wp-image-3845256 size-large\" src=\"https:\/\/static.gazetaesportiva.com\/uploads\/2026\/08\/WhatsApp-Image-2026-08-26-at-20.52.17-1024x466.webp\" alt=\"\" width=\"1024\" height=\"466\" srcset=\"https:\/\/static.gazetaesportiva.com\/uploads\/2026\/08\/WhatsApp-Image-2026-08-26-at-20.52.17-1024x466.webp 1024w, https:\/\/static.gazetaesportiva.com\/uploads\/2026\/08\/WhatsApp-Image-2026-08-26-at-20.52.17-360x164.webp 360w, https:\/\/static.gazetaesportiva.com\/uploads\/2026\/08\/WhatsApp-Image-2026-08-26-at-20.52.17-768x349.webp 768w, https:\/\/static.gazetaesportiva.com\/uploads\/2026\/08\/WhatsApp-Image-2026-08-26-at-20.52.17-150x68.webp 150w, https:\/\/static.gazetaesportiva.com\/uploads\/2026\/08\/WhatsApp-Image-2026-08-26-at-20.52.17.webp 1280w\" sizes=\"(max-width: 1024px) 100vw, 1024px\" \/><\/p>\n<p id=\"caption-attachment-3845256\" class=\"wp-caption-text\">(Foto: Thais Bueno\/Gazeta Press)<\/p>\n<\/div>\n<p>Allan fez sua \u00faltima partida com a camisa do Palmeiras na goleada por 4 a 1 sobre o Vasco, no Nubank Parque, pela 24\u00aa rodada do Campeonato Brasileiro. Ao final do confronto, o cria da Academia deixou o campo emocionado, abra\u00e7ando companheiros e integrantes da comiss\u00e3o t\u00e9cnica. Poucas horas depois, voltou ao gramado para tirar fotos com a fam\u00edlia e os amigos.<\/p>\n<p>Com a venda sacramentada por at\u00e9 40 milh\u00f5es de euros, Allan passou a integrar o ranking das maiores transfer\u00eancias da hist\u00f3ria do Palmeiras. O atacante ocupa a <strong>terceira coloca\u00e7\u00e3o<\/strong>, atr\u00e1s apenas de <strong>Est\u00eav\u00e3o<\/strong>, negociado com o Chelsea por 61,5 milh\u00f5es de euros, e de <strong>Endrick<\/strong>, vendido ao Real Madrid por 60 milh\u00f5es de euros.<\/p>\n<div class=\"dugout-video dugout-embed-eyJrZXkiOiIiLCJwIjoiZ2F6ZXRhZXNwb3J0aXZhIiwicGwiOiI0a2hoSjVCWCJ9\"><\/div>\n<p><script type=\"text\/javascript\" src=\"https:\/\/embed.onefootball.com\/inline\/gazetaesportiva.js\"><\/script><\/p>\n<\/div>\n<p>O post <a href=\"https:\/\/www.gazetaesportiva.com\/times\/palmeiras\/allan-e-anunciado-pelo-manchester-city-e-se-declara-ao-palmeiras\/\">Allan \u00e9 anunciado pelo Manchester City e se declara ao Palmeiras<\/a> apareceu primeiro em <a href=\"https:\/\/www.gazetaesportiva.com\">Gazeta Esportiva<\/a>.<\/p>\n","protected":false},"excerpt":{"rendered":"<p>O Manchester City anunciou, na manh\u00e3 desta segunda-feira, a contrata\u00e7\u00e3o de Allan, ex-jogador do Palmeiras, por 40 milh\u00f5es<\/p>\n","protected":false},"author":1,"featured_media":11332,"comment_status":"open","ping_status":"open","sticky":false,"template":"","format":"standard","meta":{"footnotes":""},"categories":[71],"tags":[],"class_list":["post-11331","post","type-post","status-publish","format-standard","has-post-thumbnail","hentry","category-esportes-news"],"_links":{"self":[{"href":"https:\/\/portalbahianoticia.com.br\/index.php?rest_route=\/wp\/v2\/posts\/11331","targetHints":{"allow":["GET"]}}],"collection":[{"href":"https:\/\/portalbahianoticia.com.br\/index.php?rest_route=\/wp\/v2\/posts"}],"about":[{"href":"https:\/\/portalbahianoticia.com.br\/index.php?rest_route=\/wp\/v2\/types\/post"}],"author":[{"embeddable":true,"href":"https:\/\/portalbahianoticia.com.br\/index.php?rest_route=\/wp\/v2\/users\/1"}],"replies":[{"embeddable":true,"href":"https:\/\/portalbahianoticia.com.br\/index.php?rest_route=%2Fwp%2Fv2%2Fcomments&post=11331"}],"version-history":[{"count":0,"href":"https:\/\/portalbahianoticia.com.br\/index.php?rest_route=\/wp\/v2\/posts\/11331\/revisions"}],"wp:featuredmedia":[{"embeddable":true,"href":"https:\/\/portalbahianoticia.com.br\/index.php?rest_route=\/wp\/v2\/media\/11332"}],"wp:attachment":[{"href":"https:\/\/portalbahianoticia.com.br\/index.php?rest_route=%2Fwp%2Fv2%2Fmedia&parent=11331"}],"wp:term":[{"taxonomy":"category","embeddable":true,"href":"https:\/\/portalbahianoticia.com.br\/index.php?rest_route=%2Fwp%2Fv2%2Fcategories&post=11331"},{"taxonomy":"post_tag","embeddable":true,"href":"https:\/\/portalbahianoticia.com.br\/index.php?rest_route=%2Fwp%2Fv2%2Ftags&post=11331"}],"curies":[{"name":"wp","href":"https:\/\/api.w.org\/{rel}","templated":true}]}}