{"id":11328,"date":"2026-08-31T11:13:24","date_gmt":"2026-08-31T14:13:24","guid":{"rendered":"https:\/\/portalbahianoticia.com.br\/?p=11328"},"modified":"2026-08-31T11:13:24","modified_gmt":"2026-08-31T14:13:24","slug":"o-gol-de-cabeca-decisivo-de-bremer-contra-o-frosinone","status":"publish","type":"post","link":"https:\/\/portalbahianoticia.com.br\/?p=11328","title":{"rendered":"O gol de cabe\u00e7a decisivo de Bremer contra o Frosinone"},"content":{"rendered":"<p>Relembre o gol de cabe\u00e7a de Bremer que garantiu a vit\u00f3ria do Juventus por 1 a 0 sobre o Frosinone.<\/p>\n<div class=\"dugout-video dugout-embed-eyJrZXkiOiJjcDhsMkxDbiIsInAiOiJnYXpldGFlc3BvcnRpdmEiLCJwbCI6IiJ9\"><\/div>\n<p><script type=\"text\/javascript\" src=\"https:\/\/embed.onefootball.com\/inline\/gazetaesportiva.js\"><\/script><\/p>\n<p>O post <a href=\"https:\/\/www.gazetaesportiva.com\/todas-as-noticias\/o-gol-de-cabeca-decisivo-de-bremer-contra-o-frosinone\/\">O gol de cabe\u00e7a decisivo de Bremer contra o Frosinone<\/a> apareceu primeiro em <a href=\"https:\/\/www.gazetaesportiva.com\">Gazeta Esportiva<\/a>.<\/p>\n","protected":false},"excerpt":{"rendered":"<p>Relembre o gol de cabe\u00e7a de Bremer que garantiu a vit\u00f3ria do Juventus por 1 a 0 sobre<\/p>\n","protected":false},"author":1,"featured_media":0,"comment_status":"open","ping_status":"open","sticky":false,"template":"","format":"standard","meta":{"footnotes":""},"categories":[71],"tags":[],"class_list":["post-11328","post","type-post","status-publish","format-standard","hentry","category-esportes-news"],"_links":{"self":[{"href":"https:\/\/portalbahianoticia.com.br\/index.php?rest_route=\/wp\/v2\/posts\/11328","targetHints":{"allow":["GET"]}}],"collection":[{"href":"https:\/\/portalbahianoticia.com.br\/index.php?rest_route=\/wp\/v2\/posts"}],"about":[{"href":"https:\/\/portalbahianoticia.com.br\/index.php?rest_route=\/wp\/v2\/types\/post"}],"author":[{"embeddable":true,"href":"https:\/\/portalbahianoticia.com.br\/index.php?rest_route=\/wp\/v2\/users\/1"}],"replies":[{"embeddable":true,"href":"https:\/\/portalbahianoticia.com.br\/index.php?rest_route=%2Fwp%2Fv2%2Fcomments&post=11328"}],"version-history":[{"count":0,"href":"https:\/\/portalbahianoticia.com.br\/index.php?rest_route=\/wp\/v2\/posts\/11328\/revisions"}],"wp:attachment":[{"href":"https:\/\/portalbahianoticia.com.br\/index.php?rest_route=%2Fwp%2Fv2%2Fmedia&parent=11328"}],"wp:term":[{"taxonomy":"category","embeddable":true,"href":"https:\/\/portalbahianoticia.com.br\/index.php?rest_route=%2Fwp%2Fv2%2Fcategories&post=11328"},{"taxonomy":"post_tag","embeddable":true,"href":"https:\/\/portalbahianoticia.com.br\/index.php?rest_route=%2Fwp%2Fv2%2Ftags&post=11328"}],"curies":[{"name":"wp","href":"https:\/\/api.w.org\/{rel}","templated":true}]}}