{"id":11268,"date":"2026-08-31T11:11:56","date_gmt":"2026-08-31T14:11:56","guid":{"rendered":"https:\/\/portalbahianoticia.com.br\/?p=11268"},"modified":"2026-08-31T11:11:56","modified_gmt":"2026-08-31T14:11:56","slug":"defesa-civil-reconhece-situacao-de-emergencia-em-seis-cidades-do-sul","status":"publish","type":"post","link":"https:\/\/portalbahianoticia.com.br\/?p=11268","title":{"rendered":"Defesa Civil reconhece situa\u00e7\u00e3o de emerg\u00eancia em seis cidades do Sul"},"content":{"rendered":"<\/p>\n<p><a class=\"\" href=\"https:\/\/agenciabrasil.ebc.com.br\/geral\/noticia\/2026-08\/defesa-civil-reconhece-situacao-de-emergencia-em-seis-cidades-do-sul\"><br \/>\n                    <img decoding=\"async\" src=\"https:\/\/cdn.jsdelivr.net\/gh\/sergiosdlima\/assets-ebc@1.0.0\/abr\/assets\/images\/logo-agenciabrasil.svg\" alt=\"Logo Ag\u00eancia Brasil\"><br \/>\n\t\t\t\t<\/a><\/p>\n<p><strong>A <a href=\"https:\/\/www.gov.br\/mdr\/pt-br\/composicao\/secretarias-nacionais\/protecao-e-defesa-civil\" target=\"_blank\">Secretaria Nacional de Prote\u00e7\u00e3o e Defesa Civil <\/a>reconheceu situa\u00e7\u00e3o de emerg\u00eancia em seis munic\u00edpios da Regi\u00e3o Sul atingidos por granizo e chuvas intensas nos meses de julho e agosto.\u00a0<\/strong><img decoding=\"async\" src=\"https:\/\/agenciabrasil.ebc.com.br\/ebc.png?id=1701061&#038;o=rss\"><img decoding=\"async\" src=\"https:\/\/agenciabrasil.ebc.com.br\/ebc.gif?id=1701061&#038;o=rss\"><\/p>\n<p>A <a href=\"https:\/\/www.in.gov.br\/web\/dou\/-\/portaria-n-2.808-de-28-de-agosto-de-2026-729106426\" target=\"_blank\">Portaria n\u00ba 2.808<\/a>, publicada no <em><a href=\"https:\/\/www.in.gov.br\/servicos\/diario-oficial-da-uniao\/destaques-do-diario-oficial-da-uniao\" target=\"_blank\">Di\u00e1rio Oficial da Uni\u00e3o<\/a><\/em>, cita os estados e as cidades de:<\/p>\n<ul>\n<li><strong>Paran\u00e1<\/strong><br \/>\n\tMarquinho;<br \/>\n\t\u00a0<\/li>\n<li><strong>Rio Grande do Sul<\/strong><br \/>\n\tBom Retiro do Sul, Caseiros, Jari e Rolante;\u00a0<br \/>\n\t\u00a0<\/li>\n<li><strong>Santa Catarina<\/strong><br \/>\n\tBocaina do Sul.<\/li>\n<\/ul>\n<h3>Not\u00edcias relacionadas:<\/h3>\n<ul>\n<li><a href=\"https:\/\/agenciabrasil.ebc.com.br\/geral\/noticia\/2026-08\/defesa-civil-reconhece-situacao-de-emergencia-em-oito-municipios-do-rs\">Defesa Civil reconhece situa\u00e7\u00e3o de emerg\u00eancia em oito munic\u00edpios do RS.<\/a><\/li>\n<li><a href=\"https:\/\/agenciabrasil.ebc.com.br\/meio-ambiente\/noticia\/2026-08\/chuvas-defesa-civil-reconhece-emergencia-em-19-municipios-do-rs\">Chuvas: Defesa Civil reconhece emerg\u00eancia em 19 munic\u00edpios do RS.<\/a><\/li>\n<\/ul>\n<p>De acordo com a portaria, os munic\u00edpios de Marquinho e Caseiros registraram danos provocados por granizo. Bom Retiro do Sul, Jari, Rolante e Bocaina do Sul foram atingidos por epis\u00f3dios de chuvas intensas.<\/p>\n<h2>Ajuda federal<\/h2>\n<p><strong>Cidades com o reconhecimento federal de situa\u00e7\u00e3o de emerg\u00eancia podem solicitar ao Minist\u00e9rio da Integra\u00e7\u00e3o e do Desenvolvimento Regional recursos para a\u00e7\u00f5es de defesa civil.\u00a0<\/strong><\/p>\n<p>O pedido deve ser feito por meio do Sistema Integrado de Informa\u00e7\u00f5es sobre Desastres (S2iD).\u00a0<\/p>\n<p>Com base nas informa\u00e7\u00f5es enviadas nos planos de trabalho, a equipe t\u00e9cnica da Defesa Civil Nacional avalia as metas e os valores solicitados.<\/p>\n<p>Entre as iniciativas que podem receber recursos est\u00e3o assist\u00eancia humanit\u00e1ria \u00e0 popula\u00e7\u00e3o afetada, aquisi\u00e7\u00e3o de cestas b\u00e1sicas, distribui\u00e7\u00e3o de \u00e1gua pot\u00e1vel, fornecimento de kits de higiene e limpeza, al\u00e9m da execu\u00e7\u00e3o de trabalhos emergenciais para restabelecimento de servi\u00e7os essenciais.<\/p>\n","protected":false},"excerpt":{"rendered":"<p>A Secretaria Nacional de Prote\u00e7\u00e3o e Defesa Civil reconheceu situa\u00e7\u00e3o de emerg\u00eancia em seis munic\u00edpios da Regi\u00e3o Sul<\/p>\n","protected":false},"author":76,"featured_media":11269,"comment_status":"open","ping_status":"open","sticky":false,"template":"","format":"standard","meta":{"footnotes":""},"categories":[27],"tags":[],"class_list":["post-11268","post","type-post","status-publish","format-standard","has-post-thumbnail","hentry","category-ultimas-noticias"],"_links":{"self":[{"href":"https:\/\/portalbahianoticia.com.br\/index.php?rest_route=\/wp\/v2\/posts\/11268","targetHints":{"allow":["GET"]}}],"collection":[{"href":"https:\/\/portalbahianoticia.com.br\/index.php?rest_route=\/wp\/v2\/posts"}],"about":[{"href":"https:\/\/portalbahianoticia.com.br\/index.php?rest_route=\/wp\/v2\/types\/post"}],"author":[{"embeddable":true,"href":"https:\/\/portalbahianoticia.com.br\/index.php?rest_route=\/wp\/v2\/users\/76"}],"replies":[{"embeddable":true,"href":"https:\/\/portalbahianoticia.com.br\/index.php?rest_route=%2Fwp%2Fv2%2Fcomments&post=11268"}],"version-history":[{"count":0,"href":"https:\/\/portalbahianoticia.com.br\/index.php?rest_route=\/wp\/v2\/posts\/11268\/revisions"}],"wp:featuredmedia":[{"embeddable":true,"href":"https:\/\/portalbahianoticia.com.br\/index.php?rest_route=\/wp\/v2\/media\/11269"}],"wp:attachment":[{"href":"https:\/\/portalbahianoticia.com.br\/index.php?rest_route=%2Fwp%2Fv2%2Fmedia&parent=11268"}],"wp:term":[{"taxonomy":"category","embeddable":true,"href":"https:\/\/portalbahianoticia.com.br\/index.php?rest_route=%2Fwp%2Fv2%2Fcategories&post=11268"},{"taxonomy":"post_tag","embeddable":true,"href":"https:\/\/portalbahianoticia.com.br\/index.php?rest_route=%2Fwp%2Fv2%2Ftags&post=11268"}],"curies":[{"name":"wp","href":"https:\/\/api.w.org\/{rel}","templated":true}]}}