{"id":11266,"date":"2026-08-31T11:11:57","date_gmt":"2026-08-31T14:11:57","guid":{"rendered":"https:\/\/portalbahianoticia.com.br\/?p=11266"},"modified":"2026-08-31T11:11:57","modified_gmt":"2026-08-31T14:11:57","slug":"caminhos-da-reportagem-aborda-construcao-da-identidade-parda","status":"publish","type":"post","link":"https:\/\/portalbahianoticia.com.br\/?p=11266","title":{"rendered":"Caminhos da Reportagem aborda constru\u00e7\u00e3o da identidade parda"},"content":{"rendered":"<\/p>\n<p><a class=\"\" href=\"https:\/\/agenciabrasil.ebc.com.br\/direitos-humanos\/noticia\/2026-08\/caminhos-da-reportagem-aborda-construcao-da-identidade-parda\"><br \/>\n                    <img decoding=\"async\" src=\"https:\/\/cdn.jsdelivr.net\/gh\/sergiosdlima\/assets-ebc@1.0.0\/abr\/assets\/images\/logo-agenciabrasil.svg\" alt=\"Logo Ag\u00eancia Brasil\"><br \/>\n\t\t\t\t<\/a><\/p>\n<p>O programa <em>Caminhos da Reportagem\u00a0<\/em>desta segunda-feira (31) aborda o tema A Cor do Meio, uma investiga\u00e7\u00e3o sobre como a identidade parda foi constru\u00edda ao longo da hist\u00f3ria do Brasil e como essas pessoas ocupam, hoje, os v\u00e1rios espa\u00e7os da sociedade.<img decoding=\"async\" src=\"https:\/\/agenciabrasil.ebc.com.br\/ebc.png?id=1700966&#038;o=rss\"><img decoding=\"async\" src=\"https:\/\/agenciabrasil.ebc.com.br\/ebc.gif?id=1700966&#038;o=rss\"><\/p>\n<p>A premiada atra\u00e7\u00e3o da <strong>TV Brasil<\/strong>\u00a0vai ao as \u00e0s 23h e traz traz entrevistas com especialistas, acad\u00eamicos, pensadores e pessoas comuns que ajudam a entender essa identidade que re\u00fane diferentes tons, povos e culturas.<\/p>\n<\/p>\n<h3>Not\u00edcias relacionadas:<\/h3>\n<ul>\n<li><a href=\"https:\/\/agenciabrasil.ebc.com.br\/geral\/noticia\/2026-08\/fenomeno-das-bikes-eletricas-e-tema-do-caminhos-da-reportagem\">Fen\u00f4meno das bikes el\u00e9tricas \u00e9 tema do Caminhos da Reportagem.<\/a><\/li>\n<li><a href=\"https:\/\/agenciabrasil.ebc.com.br\/direitos-humanos\/noticia\/2026-08\/relogio-da-longevidade-e-tema-do-caminhos-da-reportagem\">Rel\u00f3gio da longevidade \u00e9 tema do Caminhos da Reportagem .<\/a><\/li>\n<li><a href=\"https:\/\/agenciabrasil.ebc.com.br\/cultura\/noticia\/2026-07\/caminhos-da-reportagem-vence-o-2o-premio-adep-mg-de-jornalismo\">Caminhos da Reportagem vence o 2\u00ba Pr\u00eamio ADEP-MG de Jornalismo.<\/a><\/li>\n<\/ul>\n<p>No Brasil, mais de 90 milh\u00f5es de cidad\u00e3os se declararam pardas no Censo de 2022, o que representa entre quatro e cinco de cada dez pessoas e a maioria delas est\u00e1 na Regi\u00e3o Norte, onde se concentra 67,2% da popula\u00e7\u00e3o autodeclarada. \u00c9 nessa regi\u00e3o tamb\u00e9m que se encontram mais ind\u00edgenas no pa\u00eds: 45% de quem se identifica com essa cor.<\/p>\n<p>\u201cA Regi\u00e3o Norte \u00e9 majoritariamente habitada, tradicionalmente, por grupos ind\u00edgenas. Muitos que n\u00e3o querem se identificar como ind\u00edgenas, acabam incorporando a identidade parda. Muitas vezes at\u00e9 por uma quest\u00e3o de sobreviv\u00eancia, para evitar massacres, para evitar opress\u00f5es\u201d, explica Gersem Baniwa, professor do Departamento de Antropologia da Universidade de Bras\u00edlia.<\/p>\n<p>J\u00e1 para o fil\u00f3sofo, ambientalista e l\u00edder ind\u00edgena, Ailton Krenak, a inven\u00e7\u00e3o do pardo \u00e9 um truque colonial:\u00a0<\/p>\n<blockquote>\n<p>\u201cEssa disputa na nossa hist\u00f3ria colonial de quem \u00e9 pardo, quem \u00e9 preto, quem \u00e9 branco, quem \u00e9 mulato, quem \u00e9 ind\u00edgena, \u00e9 uma disputa pol\u00edtica. \u00c9 uma disputa pol\u00edtica que os ind\u00edgenas n\u00e3o entraram. E por isso eles perderam e passaram a ser chamados de pardos para que eles n\u00e3o pudessem reivindicar territ\u00f3rio, porque pardo n\u00e3o reivindica territ\u00f3rio.\u201d<\/p>\n<\/blockquote>\n<p>Pretos e pardos s\u00e3o os que mais abandonam os estudos antes de chegar ao ensino superior: s\u00e3o tr\u00eas em cada cinco brasileiros. Uma realidade que vem mudando gra\u00e7as \u00e0s a\u00e7\u00f5es afirmativas, como as cotas raciais, que destinam percentuais de vagas a pretos, pardos, ind\u00edgenas e quilombolas.<\/p>\n<p>Na contram\u00e3o das estat\u00edsticas, a assistente social Luiza Carvalho sabe bem o que \u00e9 conviver com o preconceito desde crian\u00e7a.<\/p>\n<p>\u201cEu lembro de receber essa orienta\u00e7\u00e3o, nitidamente. Que eu tinha que colocar o pregador no nariz, porque sen\u00e3o ia ficar largo. De controlar o meu consumo de caf\u00e9 e Coca-Cola, dizendo que se eu consumisse mais, eu iria ficar mais escura.\u201d<\/p>\n<p>Hoje, ela se orgulha de ter conquistado uma carreira acad\u00eamica driblando preconceitos:<\/p>\n<blockquote>\n<p>\u201cEu acabei de concluir o doutorado, mas foi extremamente cansativo, eu quase desisti. Eu fui a \u00fanica pessoa [negra] da minha sele\u00e7\u00e3o de doutorado. E eu sou uma mulher parda. Se isso n\u00e3o diz nada pra sociedade, sabe? N\u00e3o \u00e9 sobre ter vagas apenas. Mas \u00e9 sobre quem consegue chegar a fazer essa sele\u00e7\u00e3o\u201d.<\/p>\n<\/blockquote>\n<p>Para o presidente do Centro de Estudos e Dados sobre Desigualdades Raciais, Helio Santos, essas pol\u00edticas devem sempre ser inclusivas.<\/p>\n<p>\u201cPara cada cem afro-brasileiros, oitenta e dois s\u00e3o pardos e dezoito s\u00e3o pretos. Dentro dessa categoria, o pardo, vai ter uma elasticidade de tom de pele muito grande. Ent\u00e3o, quando a pessoa tem uma d\u00favida, significa que ela deve ser inclu\u00edda. Porque eu n\u00e3o tenho nenhuma d\u00favida quando estou diante de um branco\u201d.<\/p>\n<p>Mas a quest\u00e3o da identidade parda passa por outros recortes, como a do apagamento social. \u201cQuando a gente pensa em como a categoria parda se constituiu, foi justamente para esvaziar o ingrediente africano e ind\u00edgena\u201d.<\/p>\n<p>A historiadora Ana Fl\u00e1via Magalh\u00e3es chama aten\u00e7\u00e3o para como o racismo se mant\u00e9m at\u00e9 hoje no pa\u00eds:<\/p>\n<blockquote>\n<p>\u201cNo Brasil n\u00e3o existe racismo porque os negros sabem o seu lugar. Quando se diz isso, o que est\u00e1 se justificando? Aqui a gente n\u00e3o tem problema porque h\u00e1 um pacto de sil\u00eancio sobre isso. Embora todo mundo saiba o que cor e origem significam nesse pa\u00eds, n\u00e9?\u201d\u00a0<\/p>\n<\/blockquote>\n<p>Gustavo Amora \u00e9 pesquisador e precisou recorrer \u00e0 justi\u00e7a para garantir seu direito de ingressar em concurso p\u00fablico por meio das cotas raciais: &#8220;Fiz a prova, depois fui chamado para uma banca de heteroidentifica\u00e7\u00e3o&#8221;.<\/p>\n<p>Ap\u00f3s a avalia\u00e7\u00e3o ele teve o pedido indeferido. &#8220;Fui a p\u00fablico, ingressei na justi\u00e7a e depois pautei a imprensa. E a partir da primeira reportagem, centenas de pessoas do Brasil inteiro come\u00e7aram a me procurar. Ent\u00e3o a gente se organizou num grupo com aproximadamente 150 pessoas\u201d.<\/p>\n<p>Gustavo ganhou a causa na justi\u00e7a, mas ainda aguarda para assumir o cargo. Para ele, a uni\u00e3o de candidatos negros n\u00e3o reconhecidos pelas bancas pressionou por mudan\u00e7as na heteroidentifica\u00e7\u00e3o dos concursos p\u00fablicos.<\/p>\n<p>Mas garantir a representatividade de pessoas pardas no Brasil exige a\u00e7\u00f5es coordenadas em diversas frentes sociais, institucionais e pol\u00edticas. E essa mudan\u00e7a tamb\u00e9m passa pela educa\u00e7\u00e3o.<\/p>\n<p>Uma escola p\u00fablica de Ceil\u00e2ndia, na regi\u00e3o administrativa de Bras\u00edlia, trabalha conte\u00fados antirracistas durante todo o ano em sala de aula. \u00c9 o que explica a orientadora educacional Eliane dos Santos: \u201ca gente voltou de novo na Lei 10.639. A lei tem mais de 20 anos, ent\u00e3o por que isso n\u00e3o \u00e9 feito? A gente n\u00e3o precisa de mais leis, a gente precisa de coisa efetiva, vamos mostrar o que d\u00e1 pra fazer\u201d.<\/p>\n<p>Na escola, s\u00e3o feitas diversas atividades em que os professores mostram para as crian\u00e7as que n\u00e3o existe apenas uma cor de pele. Um aprendizado que a aluna Ana Luisa Souza, de 10 anos, diz que j\u00e1 experimenta na pr\u00e1tica:<\/p>\n<blockquote>\n<p>&#8220;Eu acho minha cor bonita. E n\u00e3o pode uma pessoa falar que a cor da outra pessoa que \u00e9 feia. Acho isso errado.\u201d<\/p>\n<\/blockquote>\n<p>Conhecimento que enche de orgulho os educadores da escola, como Eliane. \u201c\u00c9 muito transformador, d\u00e1 esperan\u00e7a para a gente ver que \u00e9 uma gera\u00e7\u00e3o diferente e faz valer a pena o trabalho da gente. E voc\u00ea descobrir que tem cor de pele, te fazer sentir orgulho disso, n\u00e3o querer ser igual o outro. E a crian\u00e7a branca tamb\u00e9m, aprende a respeitar a crian\u00e7a negra e a entender que a diversidade \u00e9 legal, porque tudo \u00e9 aprendido\u201d.<\/p>\n<h2>Ficha t\u00e9cnica<\/h2>\n<p>Reportagem: Carina Dourado<br \/>\nApoio \u00e0 reportagem: Thiago Padovan, Vitor Abdala<br \/>\nProdu\u00e7\u00e3o: Carol Oliveira<br \/>\nReportagem cinematogr\u00e1fica: Robson Moura, Sigmar Gon\u00e7alves<br \/>\nAux\u00edlio t\u00e9cnico: Alexandre Souza, Jairom Rio Branco<br \/>\nApoio \u00e0 reportagem cinematogr\u00e1fica: Am\u00e2ncio Ronqui, JM Barboza, Andr\u00e9 Rodrigo Pacheco, Manoel Lenaldo<br \/>\nColabora\u00e7\u00e3o t\u00e9cnica: Thiago Pinto, Thyago Pignata, Rafael Carvalho<br \/>\nEdi\u00e7\u00e3o de texto: Cintia Vargas<br \/>\nEdi\u00e7\u00e3o e finaliza\u00e7\u00e3o de imagem: Rivaldo Martins<br \/>\nArte: Aleixo Leite, Caroline Ramos, Wagner Maia<\/p>\n<h2>Sobre o programa<\/h2>\n<p>No ar desde 2008, o <em>Caminhos da Reportagem<\/em> \u00e9 uma das produ\u00e7\u00f5es jornal\u00edsticas brasileiras mais prestigiadas pelo p\u00fablico e pela cr\u00edtica. No final de 2025, o programa da <strong>TV Brasil<\/strong> ultrapassou a marca de 100 pr\u00eamios recebidos.<\/p>\n<p>Os reconhecimentos atestam a relev\u00e2ncia editorial, a qualidade jornal\u00edstica e o compromisso da equipe com reportagens aprofundadas sobre os mais variados temas de interesse p\u00fablico.<\/p>\n<p>Exibido \u00e0s segundas, \u00e0s 23h, o <em>Caminhos da Reportagem<\/em> tem hor\u00e1rio alternativo na madrugada para ter\u00e7a, \u00e0s 2h30. A produ\u00e7\u00e3o disponibiliza as edi\u00e7\u00f5es especiais no <em><a href=\"http:\/\/tvbrasil.ebc.com.br\/caminhosdareportagem\" target=\"_blank\">site<\/a><\/em> e no <a href=\"https:\/\/www.youtube.com\/tvbrasil\" target=\"_blank\">YouTube<\/a> da emissora p\u00fablica.<\/p>\n<p>As mat\u00e9rias anteriores tamb\u00e9m est\u00e3o no aplicativo <strong>TV Brasil Play<\/strong>, dispon\u00edvel nas vers\u00f5es Android e iOS, e no <a href=\"http:\/\/tvbrasilplay.com.br\/\" target=\"_blank\"><em>site<\/em><\/a>.<\/p>\n<h2>Ao vivo e on demand\u00a0 \u00a0\u00a0<\/h2>\n<p>Acompanhe a programa\u00e7\u00e3o da <strong>TV Brasil<\/strong> pelo canal aberto, TV por assinatura e parab\u00f3lica. Sintonize: <a href=\"https:\/\/tvbrasil.ebc.com.br\/comosintonizar\" target=\"_blank\">https:\/\/tvbrasil.ebc.com.br\/comosintonizar<\/a>.<\/p>\n<p>Seus programas favoritos est\u00e3o no TV Brasil Play, pelo site <a href=\"http:\/\/tvbrasilplay.com.br\/\" target=\"_blank\">http:\/\/tvbrasilplay.com.br<\/a> ou por aplicativo no smartphone.<\/p>\n<p>O app pode ser baixado gratuitamente e est\u00e1 dispon\u00edvel para Android e iOS. Assista tamb\u00e9m pela WebTV: <a href=\"https:\/\/tvbrasil.ebc.com.br\/webtv\" target=\"_blank\">https:\/\/tvbrasil.ebc.com.br\/webtv<\/a>.<\/p>\n<h2>Servi\u00e7o<\/h2>\n<p><em>Caminhos da Reportagem \u2013 A Cor do Meio<\/em>. Segunda-feira (31\/8), \u00e0s 23h30, na <strong>TV Brasil<\/strong> \u2013 com reprise na madrugada de segunda (31\/8) para ter\u00e7a-feira (1\u00ba\/9), \u00e0s 03h.<\/p>\n<p><strong>TV Brasil <\/strong>na internet e nas redes sociais:<br \/>\nSite \u2013 <a href=\"https:\/\/tvbrasil.ebc.com.br\/webtv\" target=\"_blank\">https:\/\/tvbrasil.ebc.com.br<\/a><br \/>\nInstagram \u2013 <a href=\"https:\/\/tvbrasil.ebc.com.br\/webtv\" target=\"_blank\">https:\/\/www.instagram.com\/tvbrasil<\/a><br \/>\nYouTube \u2013 <a href=\"https:\/\/www.youtube.com\/tvbrasil\" target=\"_blank\">https:\/\/www.youtube.com\/tvbrasil<\/a><br \/>\nX \u2013 <a href=\"https:\/\/x.com\/TVBrasil\" target=\"_blank\">https:\/\/x.com\/TVBrasil<\/a><br \/>\nFacebook \u2013 <a href=\"https:\/\/www.facebook.com\/tvbrasil\" target=\"_blank\">https:\/\/www.facebook.com\/tvbrasil<\/a><br \/>\nTikTok \u2013 <a href=\"https:\/\/www.tiktok.com\/@tvbrasil\" target=\"_blank\">https:\/\/www.tiktok.com\/@tvbrasil<\/a><br \/>\nTV Brasil Play &#8211; <a href=\"http:\/\/tvbrasilplay.com.br\/\" target=\"_blank\">http:\/\/tvbrasilplay.com.br<\/a><\/p>\n","protected":false},"excerpt":{"rendered":"<p>O programa Caminhos da Reportagem\u00a0desta segunda-feira (31) aborda o tema A Cor do Meio, uma investiga\u00e7\u00e3o sobre como<\/p>\n","protected":false},"author":10,"featured_media":11267,"comment_status":"open","ping_status":"open","sticky":false,"template":"","format":"standard","meta":{"footnotes":""},"categories":[27],"tags":[],"class_list":["post-11266","post","type-post","status-publish","format-standard","has-post-thumbnail","hentry","category-ultimas-noticias"],"_links":{"self":[{"href":"https:\/\/portalbahianoticia.com.br\/index.php?rest_route=\/wp\/v2\/posts\/11266","targetHints":{"allow":["GET"]}}],"collection":[{"href":"https:\/\/portalbahianoticia.com.br\/index.php?rest_route=\/wp\/v2\/posts"}],"about":[{"href":"https:\/\/portalbahianoticia.com.br\/index.php?rest_route=\/wp\/v2\/types\/post"}],"author":[{"embeddable":true,"href":"https:\/\/portalbahianoticia.com.br\/index.php?rest_route=\/wp\/v2\/users\/10"}],"replies":[{"embeddable":true,"href":"https:\/\/portalbahianoticia.com.br\/index.php?rest_route=%2Fwp%2Fv2%2Fcomments&post=11266"}],"version-history":[{"count":0,"href":"https:\/\/portalbahianoticia.com.br\/index.php?rest_route=\/wp\/v2\/posts\/11266\/revisions"}],"wp:featuredmedia":[{"embeddable":true,"href":"https:\/\/portalbahianoticia.com.br\/index.php?rest_route=\/wp\/v2\/media\/11267"}],"wp:attachment":[{"href":"https:\/\/portalbahianoticia.com.br\/index.php?rest_route=%2Fwp%2Fv2%2Fmedia&parent=11266"}],"wp:term":[{"taxonomy":"category","embeddable":true,"href":"https:\/\/portalbahianoticia.com.br\/index.php?rest_route=%2Fwp%2Fv2%2Fcategories&post=11266"},{"taxonomy":"post_tag","embeddable":true,"href":"https:\/\/portalbahianoticia.com.br\/index.php?rest_route=%2Fwp%2Fv2%2Ftags&post=11266"}],"curies":[{"name":"wp","href":"https:\/\/api.w.org\/{rel}","templated":true}]}}