{"id":11258,"date":"2026-08-31T11:12:01","date_gmt":"2026-08-31T14:12:01","guid":{"rendered":"https:\/\/portalbahianoticia.com.br\/?p=11258"},"modified":"2026-08-31T11:12:01","modified_gmt":"2026-08-31T14:12:01","slug":"confira-a-agenda-dos-presidenciaveis-nesta-segunda-feira-31","status":"publish","type":"post","link":"https:\/\/portalbahianoticia.com.br\/?p=11258","title":{"rendered":"Confira a agenda dos presidenci\u00e1veis nesta segunda-feira (31)"},"content":{"rendered":"<\/p>\n<p><a class=\"\" href=\"https:\/\/agenciabrasil.ebc.com.br\/politica\/noticia\/2026-08\/confira-agenda-dos-presidenciaveis-nesta-segunda-feira-31\"><br \/>\n                    <img decoding=\"async\" src=\"https:\/\/cdn.jsdelivr.net\/gh\/sergiosdlima\/assets-ebc@1.0.0\/abr\/assets\/images\/logo-agenciabrasil.svg\" alt=\"Logo Ag\u00eancia Brasil\"><br \/>\n\t\t\t\t<\/a><\/p>\n<p>A agenda dos candidatos \u00e0 Presid\u00eancia da Rep\u00fablica nesta segunda-feira (31) inclui sabatinas e debates, al\u00e9m de caminhadas e a\u00e7\u00f5es de campanha em diferentes cidades.<img decoding=\"async\" src=\"https:\/\/agenciabrasil.ebc.com.br\/ebc.png?id=1701064&#038;o=rss\"><img decoding=\"async\" src=\"https:\/\/agenciabrasil.ebc.com.br\/ebc.gif?id=1701064&#038;o=rss\"><\/p>\n<p>Os concorrentes ao Pal\u00e1cio do Planalto tamb\u00e9m participam de panfletagens e\u00a0encontros com apoiadores e empres\u00e1rios locais.\u00a0<\/p>\n<p><strong>Ronaldo Caiado<\/strong><br \/>\n\u00c0s 8h, participa de sabatina na r\u00e1dio Jovem Pan, no\u00a0<em>Jornal da Manh\u00e3<\/em>, S\u00e3o Paulo. \u00c0s 10h, tem reuni\u00e3o com a diretoria da Associa\u00e7\u00e3o Nacional dos Fabricantes de Ve\u00edculos Automotores (Anfavea)\u00a0tamb\u00e9m em S\u00e3o Paulo. \u00c0s 12h30, re\u00fane-se\u00a0com Sindicato da Ind\u00fastria da Constru\u00e7\u00e3o Civil do Estado de S\u00e3o Paulo (SindusCon-SP).<\/p>\n<p><strong>Wilson Grassi (Democrata)<\/strong><br \/>\n\u00c0s 9h, participa de reuni\u00e3o de alinhamento com comit\u00ea de campanha. \u00c0s 15h, tem grava\u00e7\u00e3o de v\u00eddeos para campanha com a \u00e1rea de marketing.<\/p>\n<\/p>\n<h3>Not\u00edcias relacionadas:<\/h3>\n<ul>\n<li><a href=\"https:\/\/agenciabrasil.ebc.com.br\/justica\/noticia\/2026-08\/eleicoes-2026-saiba-o-que-e-permitido-e-proibido-no-dia-da-votacao\">Elei\u00e7\u00f5es 2026: saiba o que \u00e9 permitido e proibido no dia da vota\u00e7\u00e3o.<\/a><\/li>\n<\/ul>\n<p><strong>Augusto Cury (Avante)<\/strong><br \/>\n\u00c0s 10h30, re\u00fane-se com a equipe do Sebrae Paran\u00e1, em Curitiba. Agenda em Florian\u00f3polis cancelada, devido ao mau tempo.<\/p>\n<p><strong>Clariana Bar\u00e3o<\/strong><br \/>\n\u00c0s 21h, participa de entrevista na R\u00e1dio Pinel, no Rio Grande do Sul.<\/p>\n<p><strong>Hertz Dias (PSTU)<\/strong><br \/>\n\u00c0s 7h30, faz\u00a0panfletagem e conversa com os trabalhadores dos Correios em Porto Alegre. \u00c0s\u00a09h30, participa de\u00a0caminhada no centro de Porto Alegre. \u00c0s 11h30, visita o campus do Vale da UFRGS. \u00c0s 15h, tem reuni\u00e3o com sindicalistas no Simpe. \u00c0s 17h, faz panfletagem no Hospital de Cl\u00ednicas. \u00c0s 19h, tem reuni\u00e3o com apoiadores na sede do PSTU.<\/p>\n<p><strong>Renan Santos (Miss\u00e3o)<\/strong><br \/>\n\u00c0s 7h30, participa do <em>Estad\u00e3o Entrevista &#8211; Presidenci\u00e1veis,\u00a0<\/em>em S\u00e3o Paulo. \u00c0s 11h, tem sabatina no jornal\u00a0Gazeta do Povo. \u00c0s 19h, estar\u00e1 na sabatina da Veja em Foco.\u00a0<\/p>\n<p><strong>Romeu Zema (Novo)\u00a0<\/strong><br \/>\n\u00c0s\u00a012h30, re\u00fane-se com moradores para conversar sobre corrup\u00e7\u00e3o em Santa C\u00e2ndida, Curitiba.<\/p>\n<p>Os candidatos\u00a0<strong>Rui Costa Pimenta (PCO)<\/strong>, <strong>Samara Martins (UP)<\/strong>,\u00a0<strong>Edmilson Costa (PCB)<\/strong>, <strong>Fl\u00e1vio Bolsonaro (PL)<\/strong> e\u00a0<strong>Luiz In\u00e1cio Lula da Silva (PT)\u00a0<\/strong>n\u00e3o divulgaram agenda de campanha at\u00e9 o momento desta publica\u00e7\u00e3o.\u00a0<\/p>\n<p>A ordem de apresenta\u00e7\u00e3o da cobertura da agenda dos candidatos a presidente segue rod\u00edzio di\u00e1rio em ordem alfab\u00e9tica.<\/p>\n<p><em>*Colaborou Paula Laboissi\u00e8re. Texto atualizado \u00e0s 10h32.<\/em><\/p>\n","protected":false},"excerpt":{"rendered":"<p>A agenda dos candidatos \u00e0 Presid\u00eancia da Rep\u00fablica nesta segunda-feira (31) inclui sabatinas e debates, al\u00e9m de caminhadas<\/p>\n","protected":false},"author":76,"featured_media":11259,"comment_status":"open","ping_status":"open","sticky":false,"template":"","format":"standard","meta":{"footnotes":""},"categories":[27],"tags":[],"class_list":["post-11258","post","type-post","status-publish","format-standard","has-post-thumbnail","hentry","category-ultimas-noticias"],"_links":{"self":[{"href":"https:\/\/portalbahianoticia.com.br\/index.php?rest_route=\/wp\/v2\/posts\/11258","targetHints":{"allow":["GET"]}}],"collection":[{"href":"https:\/\/portalbahianoticia.com.br\/index.php?rest_route=\/wp\/v2\/posts"}],"about":[{"href":"https:\/\/portalbahianoticia.com.br\/index.php?rest_route=\/wp\/v2\/types\/post"}],"author":[{"embeddable":true,"href":"https:\/\/portalbahianoticia.com.br\/index.php?rest_route=\/wp\/v2\/users\/76"}],"replies":[{"embeddable":true,"href":"https:\/\/portalbahianoticia.com.br\/index.php?rest_route=%2Fwp%2Fv2%2Fcomments&post=11258"}],"version-history":[{"count":0,"href":"https:\/\/portalbahianoticia.com.br\/index.php?rest_route=\/wp\/v2\/posts\/11258\/revisions"}],"wp:featuredmedia":[{"embeddable":true,"href":"https:\/\/portalbahianoticia.com.br\/index.php?rest_route=\/wp\/v2\/media\/11259"}],"wp:attachment":[{"href":"https:\/\/portalbahianoticia.com.br\/index.php?rest_route=%2Fwp%2Fv2%2Fmedia&parent=11258"}],"wp:term":[{"taxonomy":"category","embeddable":true,"href":"https:\/\/portalbahianoticia.com.br\/index.php?rest_route=%2Fwp%2Fv2%2Fcategories&post=11258"},{"taxonomy":"post_tag","embeddable":true,"href":"https:\/\/portalbahianoticia.com.br\/index.php?rest_route=%2Fwp%2Fv2%2Ftags&post=11258"}],"curies":[{"name":"wp","href":"https:\/\/api.w.org\/{rel}","templated":true}]}}