{"id":11254,"date":"2026-08-31T07:12:58","date_gmt":"2026-08-31T10:12:58","guid":{"rendered":"https:\/\/portalbahianoticia.com.br\/?p=11254"},"modified":"2026-08-31T07:12:58","modified_gmt":"2026-08-31T10:12:58","slug":"analise-ausencia-de-arias-pesa-e-palmeiras-sente-falta-de-criatividade-contra-o-mirassol","status":"publish","type":"post","link":"https:\/\/portalbahianoticia.com.br\/?p=11254","title":{"rendered":"An\u00e1lise: aus\u00eancia de Arias pesa, e Palmeiras sente falta de criatividade contra o Mirassol"},"content":{"rendered":"<p><strong>*Por Henrique Zaneti<\/strong><\/p>\n<p>Neste domingo, o Palmeiras empatou com o Mirassol em 1 a 1 pela 25\u00aa rodada do Campeonato Brasileiro. O Alviverde, que teve desfalques importantes como Ram\u00f3n Sosa, Piquerez e Jhon Arias, sentiu as aus\u00eancias, principalmente do meia colombiano.<\/p>\n<blockquote class=\"twitter-tweet\">\n<p dir=\"ltr\" lang=\"pt\">Fim de jogo: Mirassol 1\u00d71 Palmeiras.<a href=\"https:\/\/x.com\/hashtag\/FimDeJogoSEP?src=hash&#038;ref_src=twsrc%5Etfw\">#FimDeJogoSEP<\/a> <a href=\"https:\/\/x.com\/hashtag\/MIRxPAL?src=hash&#038;ref_src=twsrc%5Etfw\">#MIRxPAL<\/a> <a href=\"https:\/\/t.co\/S3pfskGUJt\">pic.twitter.com\/S3pfskGUJt<\/a><\/p>\n<p>\u2014 SE Palmeiras (@Palmeiras) <a href=\"https:\/\/x.com\/Palmeiras\/status\/2094206683450908793?ref_src=twsrc%5Etfw\">August 30, 2026<\/a><\/p>\n<\/blockquote>\n<p><script async src=\"https:\/\/platform.x.com\/widgets.js\" charset=\"utf-8\"><\/script><\/p>\n<h2>Dificuldade<\/h2>\n<p>Durante a primeira etapa, o Verd\u00e3o criou poucas chances e n\u00e3o conseguiu dominar o jogo em posse de bola. Jogando em casa, o Mirassol encerrou o primeiro tempo com 51% da posse de bola contra 49% do Palmeiras. Logo na volta do intervalo, aos quatro minutos, a equipe de Abel Ferreira sofreu gol e precisou mudar a abordagem.<\/p>\n<p>Precisando buscar o resultado, o portugu\u00eas colocou Lucas Evangelista no lugar de Vitor Roque e Khellven no de Felipe Anderson, o que pode ter sido uma mudan\u00e7a motivada pelos desfalques no banco.<\/p>\n<p>Com esta configura\u00e7\u00e3o, a equipe apostou mais em jogadas pelos lados e cruzamentos, que resultaram no gol de Maur\u00edcio, aos 30 minutos. Depois, as principais oportunidades da equipe no jogo continuaram saindo de bolas a\u00e9reas, mas o time passou a sofrer com contra-ataques do rival.<\/p>\n<p>O Mirassol chegou com muito perigo em pelo menos duas oportunidades de contra-ataque: o p\u00eanalti cometido por Giay, que posteriormente foi anulado pelo VAR, e a defesa\u00e7a de Carlos Miguel em chute cara a cara de Gustavo Silva.<\/p>\n<h2>Desfalque de peso<\/h2>\n<p>O que faltou \u00e0 equipe Alviverde na segunda etapa foram justamente as caracter\u00edsticas de Jhon Arias, que ficou de fora da partida por causa de um edema na coxa. O colombiano tem como\u00a0 suas principais val\u00eancias a condu\u00e7\u00e3o da posse de bola, a temporiza\u00e7\u00e3o das jogadas e a capacidade de construir pelo meio, artif\u00edcios que poderiam ter mudado a hist\u00f3ria do duelo.<\/p>\n<p>Dos 21 cruzamentos do Palmeiras no jogo, 14 foram no segundo tempo (66,7%). Jhon poderia n\u00e3o s\u00f3 ajudar a reduzir esse n\u00famero, mas tamb\u00e9m a potencializar o jogo dos dois atacantes do Verd\u00e3o: Vitor Roque e Flaco L\u00f3pez, fundamentais no esquema t\u00e1tico da equipe, que n\u00e3o tiveram grandes chances para marcar.<\/p>\n<div class='fotorama' data-click='false' data-nav='thumbs' data-allowfullscreen='true'><a data-caption='\n\n<div class=\"fotorama_legenda_galeria\">Foto: Cesar Greco\/Palmeiras\/by Canon<\/div>\n<p>&#8216; href=&#8217;https:\/\/static.gazetaesportiva.com\/uploads\/2026\/08\/30082026_cg_palmeiras_destaque_6573_6-1024&#215;577.webp&#8217; data-thumb=&#8217;https:\/\/static.gazetaesportiva.com\/uploads\/2026\/08\/30082026_cg_palmeiras_destaque_6573_6-1024&#215;577.webp&#8217;><\/a><a data-caption='\n\n<div class=\"fotorama_legenda_galeria\">Foto: Cesar Greco\/Palmeiras\/by Canon<\/div>\n<p>&#8216; href=&#8217;https:\/\/static.gazetaesportiva.com\/uploads\/2026\/08\/30082026_cg_palmeiras_destaque_6785_23-819&#215;1024.webp&#8217; data-thumb=&#8217;https:\/\/static.gazetaesportiva.com\/uploads\/2026\/08\/30082026_cg_palmeiras_destaque_6785_23-819&#215;1024.webp&#8217;><\/a><a data-caption='\n\n<div class=\"fotorama_legenda_galeria\">Foto: Cesar Greco\/Palmeiras\/by Canon<\/div>\n<p>&#8216; href=&#8217;https:\/\/static.gazetaesportiva.com\/uploads\/2026\/08\/30082026_cg_palmeiras_destaque_6778_22-819&#215;1024.webp&#8217; data-thumb=&#8217;https:\/\/static.gazetaesportiva.com\/uploads\/2026\/08\/30082026_cg_palmeiras_destaque_6778_22-819&#215;1024.webp&#8217;><\/a><a data-caption='\n\n<div class=\"fotorama_legenda_galeria\">Foto: Cesar Greco\/Palmeiras\/by Canon<\/div>\n<p>&#8216; href=&#8217;https:\/\/static.gazetaesportiva.com\/uploads\/2026\/08\/30082026_cg_palmeiras_destaque_6847_29-819&#215;1024.webp&#8217; data-thumb=&#8217;https:\/\/static.gazetaesportiva.com\/uploads\/2026\/08\/30082026_cg_palmeiras_destaque_6847_29-819&#215;1024.webp&#8217;><\/a><a data-caption='\n\n<div class=\"fotorama_legenda_galeria\">Foto: Cesar Greco\/Palmeiras\/by Canon<\/div>\n<p>&#8216; href=&#8217;https:\/\/static.gazetaesportiva.com\/uploads\/2026\/08\/30082026_cg_palmeiras_destaque_6823_26-819&#215;1024.webp&#8217; data-thumb=&#8217;https:\/\/static.gazetaesportiva.com\/uploads\/2026\/08\/30082026_cg_palmeiras_destaque_6823_26-819&#215;1024.webp&#8217;><\/a><a data-caption='\n\n<div class=\"fotorama_legenda_galeria\">Foto: Cesar Greco\/Palmeiras\/by Canon<\/div>\n<p>&#8216; href=&#8217;https:\/\/static.gazetaesportiva.com\/uploads\/2026\/08\/30082026_cg_palmeiras_destaque_6815_25-1024&#215;577.webp&#8217; data-thumb=&#8217;https:\/\/static.gazetaesportiva.com\/uploads\/2026\/08\/30082026_cg_palmeiras_destaque_6815_25-1024&#215;577.webp&#8217;><\/a><a data-caption='\n\n<div class=\"fotorama_legenda_galeria\">Foto: Cesar Greco\/Palmeiras\/by Canon<\/div>\n<p>&#8216; href=&#8217;https:\/\/static.gazetaesportiva.com\/uploads\/2026\/08\/30082026_cg_palmeiras_destaque_6744_19-1024&#215;577.webp&#8217; data-thumb=&#8217;https:\/\/static.gazetaesportiva.com\/uploads\/2026\/08\/30082026_cg_palmeiras_destaque_6744_19-1024&#215;577.webp&#8217;><\/a><a data-caption='\n\n<div class=\"fotorama_legenda_galeria\">Foto: Cesar Greco\/Palmeiras\/by Canon<\/div>\n<p>&#8216; href=&#8217;https:\/\/static.gazetaesportiva.com\/uploads\/2026\/08\/30082026_cg_palmeiras_destaque_6699_17-819&#215;1024.webp&#8217; data-thumb=&#8217;https:\/\/static.gazetaesportiva.com\/uploads\/2026\/08\/30082026_cg_palmeiras_destaque_6699_17-819&#215;1024.webp&#8217;><\/a><a data-caption='\n\n<div class=\"fotorama_legenda_galeria\">Foto: Cesar Greco\/Palmeiras\/by Canon<\/div>\n<p>&#8216; href=&#8217;https:\/\/static.gazetaesportiva.com\/uploads\/2026\/08\/30082026_cg_palmeiras_destaque_6613_9-1024&#215;577.webp&#8217; data-thumb=&#8217;https:\/\/static.gazetaesportiva.com\/uploads\/2026\/08\/30082026_cg_palmeiras_destaque_6613_9-1024&#215;577.webp&#8217;><\/a><a data-caption='\n\n<div class=\"fotorama_legenda_galeria\">Foto: Cesar Greco\/Palmeiras\/by Canon<\/div>\n<p>&#8216; href=&#8217;https:\/\/static.gazetaesportiva.com\/uploads\/2026\/08\/30082026_cg_palmeiras_destaque_6625_10-1024&#215;577.webp&#8217; data-thumb=&#8217;https:\/\/static.gazetaesportiva.com\/uploads\/2026\/08\/30082026_cg_palmeiras_destaque_6625_10-1024&#215;577.webp&#8217;><\/a><a data-caption='\n\n<div class=\"fotorama_legenda_galeria\">Foto: Cesar Greco\/Palmeiras\/by Canon<\/div>\n<p>&#8216; href=&#8217;https:\/\/static.gazetaesportiva.com\/uploads\/2026\/08\/30082026_cg_palmeiras_destaque_6649_12-1024&#215;577.webp&#8217; data-thumb=&#8217;https:\/\/static.gazetaesportiva.com\/uploads\/2026\/08\/30082026_cg_palmeiras_destaque_6649_12-1024&#215;577.webp&#8217;><\/a><a data-caption='\n\n<div class=\"fotorama_legenda_galeria\">Foto: Cesar Greco\/Palmeiras\/by Canon<\/div>\n<p>&#8216; href=&#8217;https:\/\/static.gazetaesportiva.com\/uploads\/2026\/08\/30082026_cg_palmeiras_destaque_6589_7-819&#215;1024.webp&#8217; data-thumb=&#8217;https:\/\/static.gazetaesportiva.com\/uploads\/2026\/08\/30082026_cg_palmeiras_destaque_6589_7-819&#215;1024.webp&#8217;><\/a><a data-caption='\n\n<div class=\"fotorama_legenda_galeria\">Foto: Cesar Greco\/Palmeiras\/by Canon<\/div>\n<p>&#8216; href=&#8217;https:\/\/static.gazetaesportiva.com\/uploads\/2026\/08\/30082026_cg_palmeiras_7068_62-1024&#215;577.webp&#8217; data-thumb=&#8217;https:\/\/static.gazetaesportiva.com\/uploads\/2026\/08\/30082026_cg_palmeiras_7068_62-1024&#215;577.webp&#8217;><\/a><a data-caption='\n\n<div class=\"fotorama_legenda_galeria\">Foto: Cesar Greco\/Palmeiras\/by Canon<\/div>\n<p>&#8216; href=&#8217;https:\/\/static.gazetaesportiva.com\/uploads\/2026\/08\/30082026_cg_palmeiras_7185_74-1.webp&#8217; data-thumb=&#8217;https:\/\/static.gazetaesportiva.com\/uploads\/2026\/08\/30082026_cg_palmeiras_7185_74-1.webp&#8217;><\/a><a data-caption='\n\n<div class=\"fotorama_legenda_galeria\">Foto: Cesar Greco\/Palmeiras\/by Canon<\/div>\n<p>&#8216; href=&#8217;https:\/\/static.gazetaesportiva.com\/uploads\/2026\/08\/30082026_cg_palmeiras_7176_70-1024&#215;577.webp&#8217; data-thumb=&#8217;https:\/\/static.gazetaesportiva.com\/uploads\/2026\/08\/30082026_cg_palmeiras_7176_70-1024&#215;577.webp&#8217;><\/a><\/div>\n<p><\/p>\n<p><strong>Veja tamb\u00e9m:<\/strong><br \/>\n<strong><a href=\"https:\/\/www.gazetaesportiva.com\/todas-as-noticias\/\">Todas as not\u00edcias da Gazeta Esportiva<\/a><\/strong><br \/>\n<strong><a href=\"https:\/\/www.youtube.com\/channel\/UCcndglQZmXnYjgE_Grqt5yg\">Canal da Gazeta Esportiva no YouTube<\/a><\/strong><br \/>\n<strong><a href=\"https:\/\/www.instagram.com\/gazetaesportiva\/\">Siga a Gazeta Esportiva no Instagram<\/a><\/strong><br \/>\n<strong><a href=\"https:\/\/whatsapp.com\/channel\/0029Va9JQFL3WHTguJNfam3U\">Canal da Gazeta Esportiva no WhatsApp<\/a><\/strong><\/p>\n<h2>Pr\u00f3ximo jogo do Palmeiras<\/h2>\n<p><strong>Jogo<\/strong>: Santos x Palmeiras<br \/>\n<strong>Competi\u00e7\u00e3o<\/strong>: Copa do Brasil (quartas de final | volta)<br \/>\n<strong>Data e hora<\/strong>: 2 de setembro de 2026 (quarta-feira), \u00e0s 21h30 (de Bras\u00edlia)<br \/>\n<strong>Local<\/strong>: Vila Belmiro, em Santos (SP)<\/p>\n<p>O post <a href=\"https:\/\/www.gazetaesportiva.com\/times\/palmeiras\/analise-ausencia-arias-pesa-palmeiras-sente-falta-criatividade-mirassol-2026\/\">An\u00e1lise: aus\u00eancia de Arias pesa, e Palmeiras sente falta de criatividade contra o Mirassol<\/a> apareceu primeiro em <a href=\"https:\/\/www.gazetaesportiva.com\">Gazeta Esportiva<\/a>.<\/p>\n","protected":false},"excerpt":{"rendered":"<p>*Por Henrique Zaneti Neste domingo, o Palmeiras empatou com o Mirassol em 1 a 1 pela 25\u00aa rodada<\/p>\n","protected":false},"author":1,"featured_media":11255,"comment_status":"open","ping_status":"open","sticky":false,"template":"","format":"standard","meta":{"footnotes":""},"categories":[71],"tags":[],"class_list":["post-11254","post","type-post","status-publish","format-standard","has-post-thumbnail","hentry","category-esportes-news"],"_links":{"self":[{"href":"https:\/\/portalbahianoticia.com.br\/index.php?rest_route=\/wp\/v2\/posts\/11254","targetHints":{"allow":["GET"]}}],"collection":[{"href":"https:\/\/portalbahianoticia.com.br\/index.php?rest_route=\/wp\/v2\/posts"}],"about":[{"href":"https:\/\/portalbahianoticia.com.br\/index.php?rest_route=\/wp\/v2\/types\/post"}],"author":[{"embeddable":true,"href":"https:\/\/portalbahianoticia.com.br\/index.php?rest_route=\/wp\/v2\/users\/1"}],"replies":[{"embeddable":true,"href":"https:\/\/portalbahianoticia.com.br\/index.php?rest_route=%2Fwp%2Fv2%2Fcomments&post=11254"}],"version-history":[{"count":0,"href":"https:\/\/portalbahianoticia.com.br\/index.php?rest_route=\/wp\/v2\/posts\/11254\/revisions"}],"wp:featuredmedia":[{"embeddable":true,"href":"https:\/\/portalbahianoticia.com.br\/index.php?rest_route=\/wp\/v2\/media\/11255"}],"wp:attachment":[{"href":"https:\/\/portalbahianoticia.com.br\/index.php?rest_route=%2Fwp%2Fv2%2Fmedia&parent=11254"}],"wp:term":[{"taxonomy":"category","embeddable":true,"href":"https:\/\/portalbahianoticia.com.br\/index.php?rest_route=%2Fwp%2Fv2%2Fcategories&post=11254"},{"taxonomy":"post_tag","embeddable":true,"href":"https:\/\/portalbahianoticia.com.br\/index.php?rest_route=%2Fwp%2Fv2%2Ftags&post=11254"}],"curies":[{"name":"wp","href":"https:\/\/api.w.org\/{rel}","templated":true}]}}