{"id":11252,"date":"2026-08-31T07:12:59","date_gmt":"2026-08-31T10:12:59","guid":{"rendered":"https:\/\/portalbahianoticia.com.br\/?p=11252"},"modified":"2026-08-31T07:12:59","modified_gmt":"2026-08-31T10:12:59","slug":"analise-corinthians-decepciona-maior-publico-do-ano-em-derrota-no-classico","status":"publish","type":"post","link":"https:\/\/portalbahianoticia.com.br\/?p=11252","title":{"rendered":"An\u00e1lise: Corinthians decepciona maior p\u00fablico do ano em derrota no cl\u00e1ssico"},"content":{"rendered":"<p><em><strong>*Por Thiago Henrique<\/strong><\/em><\/p>\n<p>O Corinthians chegou \u00e0 sua terceira derrota consecutiva no Campeonato Brasileiro. No \u00faltimo domingo, o Tim\u00e3o recebeu o Santos na Neo Qu\u00edmica Arena, contou com o maior p\u00fablico do ano, <a href=\"https:\/\/www.gazetaesportiva.com\/campeonatos\/brasileiro-serie-a\/corinthians-x-santos-campeonato-brasileiro-30-08-2026\/\"><strong>mas acabou perdendo para o Alvinegro Santista<\/strong><\/a> \u2013 no que foi o primeiro cl\u00e1ssico vencido pelo time de Cuca.<\/p>\n<p>Apesar de estar nas quartas de final da Copa Libertadores, o Alvinegro come\u00e7a a preocupar no Campeonato Brasileiro. Com tr\u00eas derrotas consecutivas, a equipe se distanciou das posi\u00e7\u00f5es de cima e come\u00e7ou a se aproximar da zona de rebaixamento.<\/p>\n<div class='fotorama' data-click='false' data-nav='thumbs' data-allowfullscreen='true'><a data-caption='\n\n<div class=\"fotorama_legenda_galeria\">(Foto: Rodrigo Coca \/ Ag. Corinthians)<\/div>\n<p>&#8216; href=&#8217;https:\/\/static.gazetaesportiva.com\/uploads\/2026\/08\/248234-963&#215;1024.webp&#8217; data-thumb=&#8217;https:\/\/static.gazetaesportiva.com\/uploads\/2026\/08\/248234-963&#215;1024.webp&#8217;><\/a><a data-caption='\n\n<div class=\"fotorama_legenda_galeria\">(Foto: Rodrigo Coca \/ Ag. Corinthians)<\/div>\n<p>&#8216; href=&#8217;https:\/\/static.gazetaesportiva.com\/uploads\/2026\/08\/248236-930&#215;1024.webp&#8217; data-thumb=&#8217;https:\/\/static.gazetaesportiva.com\/uploads\/2026\/08\/248236-930&#215;1024.webp&#8217;><\/a><a data-caption='\n\n<div class=\"fotorama_legenda_galeria\">(Foto: Divulga\u00e7\u00e3o \/ Santos)<\/div>\n<p>&#8216; href=&#8217;https:\/\/static.gazetaesportiva.com\/uploads\/2026\/08\/HQ_pM9JWMAA0rhA.webp&#8217; data-thumb=&#8217;https:\/\/static.gazetaesportiva.com\/uploads\/2026\/08\/HQ_pM9JWMAA0rhA.webp&#8217;><\/a><a data-caption='\n\n<div class=\"fotorama_legenda_galeria\">(Foto: Divulga\u00e7\u00e3o \/ Santos)<\/div>\n<p>&#8216; href=&#8217;https:\/\/static.gazetaesportiva.com\/uploads\/2026\/08\/HQ_pD96XAAAjAXU-1024&#215;650.webp&#8217; data-thumb=&#8217;https:\/\/static.gazetaesportiva.com\/uploads\/2026\/08\/HQ_pD96XAAAjAXU-1024&#215;650.webp&#8217;><\/a><a data-caption='\n\n<div class=\"fotorama_legenda_galeria\">(Foto: Rodrigo Coca \/ Ag. Corinthians)<\/div>\n<p>&#8216; href=&#8217;https:\/\/static.gazetaesportiva.com\/uploads\/2026\/08\/248232-976&#215;1024.webp&#8217; data-thumb=&#8217;https:\/\/static.gazetaesportiva.com\/uploads\/2026\/08\/248232-976&#215;1024.webp&#8217;><\/a><a data-caption='\n\n<div class=\"fotorama_legenda_galeria\">(Foto: Rodrigo Coca \/ Ag. Corinthians)<\/div>\n<p>&#8216; href=&#8217;https:\/\/static.gazetaesportiva.com\/uploads\/2026\/08\/248243-993&#215;1024.webp&#8217; data-thumb=&#8217;https:\/\/static.gazetaesportiva.com\/uploads\/2026\/08\/248243-993&#215;1024.webp&#8217;><\/a><a data-caption='\n\n<div class=\"fotorama_legenda_galeria\">(Foto: Rodrigo Coca \/ Ag. Corinthians)<\/div>\n<p>&#8216; href=&#8217;https:\/\/static.gazetaesportiva.com\/uploads\/2026\/08\/248244-898&#215;1024.webp&#8217; data-thumb=&#8217;https:\/\/static.gazetaesportiva.com\/uploads\/2026\/08\/248244-898&#215;1024.webp&#8217;><\/a><a data-caption='\n\n<div class=\"fotorama_legenda_galeria\">(Foto: Rodrigo Coca \/ Ag. Corinthians)<\/div>\n<p>&#8216; href=&#8217;https:\/\/static.gazetaesportiva.com\/uploads\/2026\/08\/248248-946&#215;1024.webp&#8217; data-thumb=&#8217;https:\/\/static.gazetaesportiva.com\/uploads\/2026\/08\/248248-946&#215;1024.webp&#8217;><\/a><\/div>\n<p><\/p>\n<h2>Como foi o cl\u00e1ssico entre Corinthians e Santos?<\/h2>\n<p>Em um jogo importante para as duas equipes, o Corinthians dominou a posse de bola, por\u00e9m n\u00e3o conseguiu transformar o tempo com a bola em dom\u00ednio efetivo.<\/p>\n<p>Sem criar chances no in\u00edcio do primeiro tempo, o Corinthians saiu atr\u00e1s do placar aos 32 minutos, quando Oliva aproveitou o rebote de falta cobrada por Neymar e balan\u00e7ou as redes.<\/p>\n<p>Depois disso, o Santos tentava sair para contra-atacar o Corinthians, mas n\u00e3o tinha sucesso. Enquanto isso, o Tim\u00e3o mantinha a bola, mas, assim como no in\u00edcio do jogo, n\u00e3o tinha sucesso em criar chances.<\/p>\n<p>A reta final contou com press\u00e3o do Corinthians, mas sem perturbar o goleiro Gabriel Braz\u00e3o, que terminou com apenas duas bolas finalizadas em sua meta. Assim, sem conseguir finalizar com efic\u00e1cia, o Tim\u00e3o deixou mais de 47 mil torcedores tristes na Arena.<\/p>\n<h2>Fase do Corinthians<\/h2>\n<p>Fora da Copa do Brasil, o Corinthians ter\u00e1 semana livre para se preparar para o jogo contra a Chapecoense. O duelo est\u00e1 agendado para o pr\u00f3ximo domingo, \u00e0s 19h30 (de Bras\u00edlia), novamente na Neo Qu\u00edmica Arena. Com a derrota no cl\u00e1ssico, o Corinthians segue na 10\u00aa posi\u00e7\u00e3o do Campeonato Brasileiro, com 32 pontos.<\/p>\n<h2>Pr\u00f3ximos jogos do Corinthians<\/h2>\n<p><strong>Jogo: Corinthians x Chapecoense<\/strong><br \/>\nCompeti\u00e7\u00e3o: Campeonato Brasileiro (26\u00aa rodada)<br \/>\nData e hora: 06\/09 (domingo), \u00e0s 19h30 (de Bras\u00edlia)<br \/>\nLocal: Neo Qu\u00edmica Arena, em S\u00e3o Paulo (SP)<\/p>\n<p><strong>Jogo: Estudiantes x Corinthians<\/strong><br \/>\nCompeti\u00e7\u00e3o: Copa Libertadores (jogo de ida das quartas de final)<br \/>\nData e hora: 09\/09 (quarta-feira), \u00e0s 21h30 (de Bras\u00edlia)<br \/>\nLocal: Est\u00e1dio Jorge Luis Hirschi, em La Plata, na Argentina<\/p>\n<p><strong>Veja tamb\u00e9m:<\/strong><br \/>\n<strong><a href=\"https:\/\/www.gazetaesportiva.com\/todas-as-noticias\/\">Todas as not\u00edcias da Gazeta Esportiva<\/a><\/strong><br \/>\n<strong><a href=\"https:\/\/www.youtube.com\/channel\/UCcndglQZmXnYjgE_Grqt5yg\">Canal da Gazeta Esportiva no YouTube<\/a><\/strong><br \/>\n<strong><a href=\"https:\/\/www.instagram.com\/gazetaesportiva\/\">Siga a Gazeta Esportiva no Instagram<\/a><br \/>\n<\/strong><strong><a href=\"https:\/\/whatsapp.com\/channel\/0029Va9JQFL3WHTguJNfam3U\">Canal da Gazeta Esportiva no WhatsApp<\/a><\/strong><\/p>\n<div style=\"margin: 0 auto; min-width: 300px;\">\n<div style=\"position: relative; padding-bottom: 56.25%; height: 0; overflow: hidden;\"><iframe style=\"width: 300px; min-width: 100%; position: absolute; top: 0; left: 0; height: 100%; overflow: hidden;\" src=\"https:\/\/embed.onefootball.com\/iframe\/?p=eyJrZXkiOiIiLCJwIjoiZ2F6ZXRhZXNwb3J0aXZhIiwicGwiOiI0a2hoSjVCWCJ9\" width=\"100%\" frameborder=\"0\" scrolling=\"no\" allowfullscreen=\"allowfullscreen\"><\/iframe><\/div>\n<\/div>\n<p>\u00a0<\/p>\n<p>O post <a href=\"https:\/\/www.gazetaesportiva.com\/times\/corinthians\/analise-corinthians-decepciona-maior-publico-do-ano-em-derrota-no-classico\/\">An\u00e1lise: Corinthians decepciona maior p\u00fablico do ano em derrota no cl\u00e1ssico<\/a> apareceu primeiro em <a href=\"https:\/\/www.gazetaesportiva.com\">Gazeta Esportiva<\/a>.<\/p>\n","protected":false},"excerpt":{"rendered":"<p>*Por Thiago Henrique O Corinthians chegou \u00e0 sua terceira derrota consecutiva no Campeonato Brasileiro. No \u00faltimo domingo, o<\/p>\n","protected":false},"author":1,"featured_media":11253,"comment_status":"open","ping_status":"open","sticky":false,"template":"","format":"standard","meta":{"footnotes":""},"categories":[71],"tags":[],"class_list":["post-11252","post","type-post","status-publish","format-standard","has-post-thumbnail","hentry","category-esportes-news"],"_links":{"self":[{"href":"https:\/\/portalbahianoticia.com.br\/index.php?rest_route=\/wp\/v2\/posts\/11252","targetHints":{"allow":["GET"]}}],"collection":[{"href":"https:\/\/portalbahianoticia.com.br\/index.php?rest_route=\/wp\/v2\/posts"}],"about":[{"href":"https:\/\/portalbahianoticia.com.br\/index.php?rest_route=\/wp\/v2\/types\/post"}],"author":[{"embeddable":true,"href":"https:\/\/portalbahianoticia.com.br\/index.php?rest_route=\/wp\/v2\/users\/1"}],"replies":[{"embeddable":true,"href":"https:\/\/portalbahianoticia.com.br\/index.php?rest_route=%2Fwp%2Fv2%2Fcomments&post=11252"}],"version-history":[{"count":0,"href":"https:\/\/portalbahianoticia.com.br\/index.php?rest_route=\/wp\/v2\/posts\/11252\/revisions"}],"wp:featuredmedia":[{"embeddable":true,"href":"https:\/\/portalbahianoticia.com.br\/index.php?rest_route=\/wp\/v2\/media\/11253"}],"wp:attachment":[{"href":"https:\/\/portalbahianoticia.com.br\/index.php?rest_route=%2Fwp%2Fv2%2Fmedia&parent=11252"}],"wp:term":[{"taxonomy":"category","embeddable":true,"href":"https:\/\/portalbahianoticia.com.br\/index.php?rest_route=%2Fwp%2Fv2%2Fcategories&post=11252"},{"taxonomy":"post_tag","embeddable":true,"href":"https:\/\/portalbahianoticia.com.br\/index.php?rest_route=%2Fwp%2Fv2%2Ftags&post=11252"}],"curies":[{"name":"wp","href":"https:\/\/api.w.org\/{rel}","templated":true}]}}