{"id":11248,"date":"2026-08-31T07:13:01","date_gmt":"2026-08-31T10:13:01","guid":{"rendered":"https:\/\/portalbahianoticia.com.br\/?p=11248"},"modified":"2026-08-31T07:13:01","modified_gmt":"2026-08-31T10:13:01","slug":"diniz-explica-ausencia-de-carrillo-contra-o-santos-nao-estava-seguro","status":"publish","type":"post","link":"https:\/\/portalbahianoticia.com.br\/?p=11248","title":{"rendered":"Diniz explica aus\u00eancia de Carrillo contra o Santos: \u201cN\u00e3o estava seguro\u201d"},"content":{"rendered":"<p>O t\u00e9cnico Fernando Diniz explicou a aus\u00eancia de Carrillo no cl\u00e1ssico contra o Santos, neste domingo, na Neo Qu\u00edmica Arena, pela 25\u00aa rodada do Campeonato Brasileiro. Segundo o treinador, o meio-campista apresentou edema na regi\u00e3o posterior da coxa, que regrediu durante a semana, mas n\u00e3o reuniu condi\u00e7\u00f5es consideradas seguras para entrar em campo.<\/p>\n<p>\u201cO Carrillo era uma possibilidade, mas se ele estivesse em condi\u00e7\u00f5es plenas. Mas ele estava com uma dor na posterior que a gente resolveu preservar, porque ele vinha de uma sequ\u00eancia grande e durante a semana ele n\u00e3o estava seguro. E a gente j\u00e1 est\u00e1 com v\u00e1rios desfalques nesse setor do meio para a frente e a gente achou melhor preserv\u00e1-lo para esse jogo. Mas n\u00e3o tem les\u00e3o muscular, mas tinha sinais importantes que a gente precisava respeitar\u201d, afirmou Diniz.<\/p>\n<div style=\"margin: 0 auto; min-width: 300px;\">\n<div style=\"position: relative; padding-bottom: 56.25%; height: 0; overflow: hidden;\"><iframe style=\"width: 300px; min-width: 100%; position: absolute; top: 0; left: 0; height: 100%; overflow: hidden;\" src=\"https:\/\/embed.onefootball.com\/iframe\/?p=eyJrZXkiOiI0d0tydjlqeSIsInAiOiJnYXpldGFlc3BvcnRpdmEiLCJwbCI6IiJ9\" width=\"100%\" frameborder=\"0\" scrolling=\"no\" allowfullscreen=\"allowfullscreen\"><\/iframe><\/div>\n<\/div>\n<p>\u00a0<\/p>\n<p>O treinador refor\u00e7ou que Carrillo n\u00e3o teve uma les\u00e3o muscular diagnosticada e que o edema regrediu ao longo da semana. Mesmo assim, a comiss\u00e3o t\u00e9cnica preferiu n\u00e3o correr riscos, principalmente diante dos outros desfalques que o Corinthians tem no meio de campo. Para o cl\u00e1ssico, Diniz tamb\u00e9m n\u00e3o contou com Andr\u00e9 e Breno Bidon.<\/p>\n<p>\u201cEnt\u00e3o, o Carrillo, assim, ele tinha condi\u00e7\u00f5es antes\u2026 Mas o edema regrediu durante a semana, mas ele n\u00e3o reuniu condi\u00e7\u00f5es, n\u00e3o estava seguro para jogar. Com o n\u00famero de jogadores, ainda mais que a gente tem no Departamento M\u00e9dico, principalmente no setor ofensivo, a gente achou melhor n\u00e3o arriscar com o Carrillo\u201d, explicou.<\/p>\n<h2>Corinthians evita risco com Carrillo<\/h2>\n<p>Diniz tamb\u00e9m destacou que o fato de o Corinthians ter tido uma semana livre entre os jogos n\u00e3o significava que Carrillo necessariamente deveria ser utilizado. O t\u00e9cnico citou Yuri Alberto e Andr\u00e9, que tamb\u00e9m tentam retornar aos gramados, e ressaltou a import\u00e2ncia de preservar a regi\u00e3o posterior da coxa. Os tr\u00eas jogadores tiveram les\u00f5es na mesma regi\u00e3o do corpo.<\/p>\n<p>\u201cEnt\u00e3o, n\u00e3o \u00e9 por conta que a gente teve uma semana aberta que a gente tinha que correr um risco com o Carrillo. A gente j\u00e1 tem o Yuri tentando voltar, o pr\u00f3prio Andr\u00e9, e tudo meio que\u2026 Uma regi\u00e3o do posterior de coxa. Se fosse um m\u00fasculo diferente, a gente poderia at\u00e9 arriscar com o Carrillo, mas \u00e9 um m\u00fasculo que \u00e9 muito solicitado pelos jogadores\u201d, completou Diniz.<\/p>\n<div class='fotorama' data-click='false' data-nav='thumbs' data-allowfullscreen='true'><a data-caption='\n\n<div class=\"fotorama_legenda_galeria\">(Foto: Rodrigo Coca \/ Ag. Corinthians)<\/div>\n<p>&#8216; href=&#8217;https:\/\/static.gazetaesportiva.com\/uploads\/2026\/08\/248234-963&#215;1024.webp&#8217; data-thumb=&#8217;https:\/\/static.gazetaesportiva.com\/uploads\/2026\/08\/248234-963&#215;1024.webp&#8217;><\/a><a data-caption='\n\n<div class=\"fotorama_legenda_galeria\">(Foto: Rodrigo Coca \/ Ag. Corinthians)<\/div>\n<p>&#8216; href=&#8217;https:\/\/static.gazetaesportiva.com\/uploads\/2026\/08\/248236-930&#215;1024.webp&#8217; data-thumb=&#8217;https:\/\/static.gazetaesportiva.com\/uploads\/2026\/08\/248236-930&#215;1024.webp&#8217;><\/a><a data-caption='\n\n<div class=\"fotorama_legenda_galeria\">(Foto: Divulga\u00e7\u00e3o \/ Santos)<\/div>\n<p>&#8216; href=&#8217;https:\/\/static.gazetaesportiva.com\/uploads\/2026\/08\/HQ_pM9JWMAA0rhA.webp&#8217; data-thumb=&#8217;https:\/\/static.gazetaesportiva.com\/uploads\/2026\/08\/HQ_pM9JWMAA0rhA.webp&#8217;><\/a><a data-caption='\n\n<div class=\"fotorama_legenda_galeria\">(Foto: Divulga\u00e7\u00e3o \/ Santos)<\/div>\n<p>&#8216; href=&#8217;https:\/\/static.gazetaesportiva.com\/uploads\/2026\/08\/HQ_pD96XAAAjAXU-1024&#215;650.webp&#8217; data-thumb=&#8217;https:\/\/static.gazetaesportiva.com\/uploads\/2026\/08\/HQ_pD96XAAAjAXU-1024&#215;650.webp&#8217;><\/a><a data-caption='\n\n<div class=\"fotorama_legenda_galeria\">(Foto: Rodrigo Coca \/ Ag. Corinthians)<\/div>\n<p>&#8216; href=&#8217;https:\/\/static.gazetaesportiva.com\/uploads\/2026\/08\/248232-976&#215;1024.webp&#8217; data-thumb=&#8217;https:\/\/static.gazetaesportiva.com\/uploads\/2026\/08\/248232-976&#215;1024.webp&#8217;><\/a><a data-caption='\n\n<div class=\"fotorama_legenda_galeria\">(Foto: Rodrigo Coca \/ Ag. Corinthians)<\/div>\n<p>&#8216; href=&#8217;https:\/\/static.gazetaesportiva.com\/uploads\/2026\/08\/248243-993&#215;1024.webp&#8217; data-thumb=&#8217;https:\/\/static.gazetaesportiva.com\/uploads\/2026\/08\/248243-993&#215;1024.webp&#8217;><\/a><a data-caption='\n\n<div class=\"fotorama_legenda_galeria\">(Foto: Rodrigo Coca \/ Ag. Corinthians)<\/div>\n<p>&#8216; href=&#8217;https:\/\/static.gazetaesportiva.com\/uploads\/2026\/08\/248244-898&#215;1024.webp&#8217; data-thumb=&#8217;https:\/\/static.gazetaesportiva.com\/uploads\/2026\/08\/248244-898&#215;1024.webp&#8217;><\/a><a data-caption='\n\n<div class=\"fotorama_legenda_galeria\">(Foto: Rodrigo Coca \/ Ag. Corinthians)<\/div>\n<p>&#8216; href=&#8217;https:\/\/static.gazetaesportiva.com\/uploads\/2026\/08\/248248-946&#215;1024.webp&#8217; data-thumb=&#8217;https:\/\/static.gazetaesportiva.com\/uploads\/2026\/08\/248248-946&#215;1024.webp&#8217;><\/a><\/div>\n<p><\/p>\n<p>Fora da Copa do Brasil, o Corinthians ter\u00e1 semana livre para se preparar para o jogo contra a Chapecoense. O duelo est\u00e1 agendado para o pr\u00f3ximo domingo, \u00e0s 19h30 (de Bras\u00edlia), novamente na Neo Qu\u00edmica Arena. Com a derrota no cl\u00e1ssico, o Corinthians segue na 10\u00aa posi\u00e7\u00e3o do Campeonato Brasileiro, com 32 pontos.<\/p>\n<h2>Pr\u00f3ximos jogos do Corinthians<\/h2>\n<p><strong>Jogo: Corinthians x Chapecoense<\/strong><br \/>\nCompeti\u00e7\u00e3o: Campeonato Brasileiro (26\u00aa rodada)<br \/>\nData e hora: 06\/09 (domingo), \u00e0s 19h30 (de Bras\u00edlia)<br \/>\nLocal: Neo Qu\u00edmica Arena, em S\u00e3o Paulo (SP)<\/p>\n<p><strong>Jogo: Estudiantes x Corinthians<\/strong><br \/>\nCompeti\u00e7\u00e3o: Copa Libertadores (jogo de ida das quartas de final)<br \/>\nData e hora: 09\/09 (quarta-feira), \u00e0s 21h30 (de Bras\u00edlia)<br \/>\nLocal: Est\u00e1dio Jorge Luis Hirschi, em La Plata, na Argentina<\/p>\n<p><strong>Veja tamb\u00e9m:<\/strong><br \/>\n<strong><a href=\"https:\/\/www.gazetaesportiva.com\/todas-as-noticias\/\">Todas as not\u00edcias da Gazeta Esportiva<\/a><\/strong><br \/>\n<strong><a href=\"https:\/\/www.youtube.com\/channel\/UCcndglQZmXnYjgE_Grqt5yg\">Canal da Gazeta Esportiva no YouTube<\/a><\/strong><br \/>\n<strong><a href=\"https:\/\/www.instagram.com\/gazetaesportiva\/\">Siga a Gazeta Esportiva no Instagram<\/a><br \/>\n<\/strong><\/p>\n<p>O post <a href=\"https:\/\/www.gazetaesportiva.com\/times\/corinthians\/diniz-explica-ausencia-de-carrillo-contra-o-santos-nao-estava-seguro\/\">Diniz explica aus\u00eancia de Carrillo contra o Santos: \u201cN\u00e3o estava seguro\u201d<\/a> apareceu primeiro em <a href=\"https:\/\/www.gazetaesportiva.com\">Gazeta Esportiva<\/a>.<\/p>\n","protected":false},"excerpt":{"rendered":"<p>O t\u00e9cnico Fernando Diniz explicou a aus\u00eancia de Carrillo no cl\u00e1ssico contra o Santos, neste domingo, na Neo<\/p>\n","protected":false},"author":1,"featured_media":11249,"comment_status":"open","ping_status":"open","sticky":false,"template":"","format":"standard","meta":{"footnotes":""},"categories":[71],"tags":[],"class_list":["post-11248","post","type-post","status-publish","format-standard","has-post-thumbnail","hentry","category-esportes-news"],"_links":{"self":[{"href":"https:\/\/portalbahianoticia.com.br\/index.php?rest_route=\/wp\/v2\/posts\/11248","targetHints":{"allow":["GET"]}}],"collection":[{"href":"https:\/\/portalbahianoticia.com.br\/index.php?rest_route=\/wp\/v2\/posts"}],"about":[{"href":"https:\/\/portalbahianoticia.com.br\/index.php?rest_route=\/wp\/v2\/types\/post"}],"author":[{"embeddable":true,"href":"https:\/\/portalbahianoticia.com.br\/index.php?rest_route=\/wp\/v2\/users\/1"}],"replies":[{"embeddable":true,"href":"https:\/\/portalbahianoticia.com.br\/index.php?rest_route=%2Fwp%2Fv2%2Fcomments&post=11248"}],"version-history":[{"count":0,"href":"https:\/\/portalbahianoticia.com.br\/index.php?rest_route=\/wp\/v2\/posts\/11248\/revisions"}],"wp:featuredmedia":[{"embeddable":true,"href":"https:\/\/portalbahianoticia.com.br\/index.php?rest_route=\/wp\/v2\/media\/11249"}],"wp:attachment":[{"href":"https:\/\/portalbahianoticia.com.br\/index.php?rest_route=%2Fwp%2Fv2%2Fmedia&parent=11248"}],"wp:term":[{"taxonomy":"category","embeddable":true,"href":"https:\/\/portalbahianoticia.com.br\/index.php?rest_route=%2Fwp%2Fv2%2Fcategories&post=11248"},{"taxonomy":"post_tag","embeddable":true,"href":"https:\/\/portalbahianoticia.com.br\/index.php?rest_route=%2Fwp%2Fv2%2Ftags&post=11248"}],"curies":[{"name":"wp","href":"https:\/\/api.w.org\/{rel}","templated":true}]}}