{"id":11246,"date":"2026-08-31T07:13:02","date_gmt":"2026-08-31T10:13:02","guid":{"rendered":"https:\/\/portalbahianoticia.com.br\/?p=11246"},"modified":"2026-08-31T07:13:02","modified_gmt":"2026-08-31T10:13:02","slug":"atuacoes-neymar-e-decisivo-oliva-marca-e-arao-se-destaca-em-vitoria-sobre-o-corinthians","status":"publish","type":"post","link":"https:\/\/portalbahianoticia.com.br\/?p=11246","title":{"rendered":"Atua\u00e7\u00f5es: Neymar \u00e9 decisivo, Oliva marca e Ar\u00e3o se destaca em vit\u00f3ria sobre o Corinthians"},"content":{"rendered":"<p class=\"isSelectedEnd\">O <a href=\"https:\/\/www.gazetaesportiva.com\/times\/santos\/\"><strong>Santos<\/strong> <\/a>venceu o <strong>Corinthians<\/strong> por<strong> 1 a 0<\/strong> na tarde deste domingo, na Neo Qu\u00edmica Arena, pela 25\u00aa rodada do Campeonato Brasileiro. Em um cl\u00e1ssico de poucas oportunidades, o Peixe contou com uma boa atua\u00e7\u00e3o defensiva e teve <strong>Neymar<\/strong> como principal destaque na vit\u00f3ria fora de casa.<\/p>\n<p class=\"isSelectedEnd\">O camisa 10 foi importante na bola parada e participou diretamente do gol santista ao cobrar a falta que acertou a trave antes de <strong>Christian Oliva<\/strong> aproveitar o rebote. O volante, por sua vez, apareceu bem na \u00e1rea para marcar seu primeiro gol com a camisa do Santos, aos 32 minutos do primeiro tempo.<\/p>\n<p class=\"isSelectedEnd\">No meio de campo, <strong>Willian Ar\u00e3o<\/strong> tamb\u00e9m teve uma atua\u00e7\u00e3o segura. O volante ajudou na prote\u00e7\u00e3o \u00e0 defesa e foi importante para dificultar as a\u00e7\u00f5es ofensivas do Corinthians, que teve mais posse de bola, mas encontrou dificuldades para criar chances claras durante a maior parte da partida.<\/p>\n<p><strong>Veja tamb\u00e9m:<strong><br \/>\n<a href=\"https:\/\/www.gazetaesportiva.com\/todas-as-noticias\/\">Todas as not\u00edcias da Gazeta Esportiva<\/a><\/strong><br \/>\n<strong><a href=\"https:\/\/www.youtube.com\/channel\/UCcndglQZmXnYjgE_Grqt5yg\">Canal da Gazeta Esportiva no YouTube<\/a><\/strong><br \/>\n<strong><a href=\"https:\/\/www.instagram.com\/gazetaesportiva\/\">Siga a Gazeta Esportiva no Instagram<\/a><br \/>\n<\/strong><strong><a href=\"https:\/\/whatsapp.com\/channel\/0029Va9JQFL3WHTguJNfam3U\">Participe do canal da Gazeta Esportiva no WhatsApp<\/a><\/strong><\/strong><\/p>\n<h2>Momento do Santos<\/h2>\n<p class=\"isSelectedEnd\">O Santos chega ao terceiro jogo consecutivo sem perder no Campeonato Brasileiro e agora ocupa a <strong>14\u00aa posi\u00e7\u00e3o<\/strong>, com <strong>29 pontos<\/strong>. A equipe de Cuca volta suas aten\u00e7\u00f5es para a <strong>Copa do Brasil<\/strong> e recebe o <strong>Palmeiras<\/strong> nesta quarta-feira, pela partida de volta das <strong>quartas de final.<\/strong><\/p>\n<p>Na partida de ida, o Peixe foi derrotado por<strong> 3 a 0<\/strong>, no Nubank Parque.<\/p>\n<div class='fotorama' data-click='false' data-nav='thumbs' data-allowfullscreen='true'><a data-caption='\n\n<div class=\"fotorama_legenda_galeria\">(Foto: Rodrigo Coca \/ Ag. Corinthians)<\/div>\n<p>&#8216; href=&#8217;https:\/\/static.gazetaesportiva.com\/uploads\/2026\/08\/248234-963&#215;1024.webp&#8217; data-thumb=&#8217;https:\/\/static.gazetaesportiva.com\/uploads\/2026\/08\/248234-963&#215;1024.webp&#8217;><\/a><a data-caption='\n\n<div class=\"fotorama_legenda_galeria\">(Foto: Rodrigo Coca \/ Ag. Corinthians)<\/div>\n<p>&#8216; href=&#8217;https:\/\/static.gazetaesportiva.com\/uploads\/2026\/08\/248236-930&#215;1024.webp&#8217; data-thumb=&#8217;https:\/\/static.gazetaesportiva.com\/uploads\/2026\/08\/248236-930&#215;1024.webp&#8217;><\/a><a data-caption='\n\n<div class=\"fotorama_legenda_galeria\">(Foto: Divulga\u00e7\u00e3o \/ Santos)<\/div>\n<p>&#8216; href=&#8217;https:\/\/static.gazetaesportiva.com\/uploads\/2026\/08\/HQ_pM9JWMAA0rhA.webp&#8217; data-thumb=&#8217;https:\/\/static.gazetaesportiva.com\/uploads\/2026\/08\/HQ_pM9JWMAA0rhA.webp&#8217;><\/a><a data-caption='\n\n<div class=\"fotorama_legenda_galeria\">(Foto: Divulga\u00e7\u00e3o \/ Santos)<\/div>\n<p>&#8216; href=&#8217;https:\/\/static.gazetaesportiva.com\/uploads\/2026\/08\/HQ_pD96XAAAjAXU-1024&#215;650.webp&#8217; data-thumb=&#8217;https:\/\/static.gazetaesportiva.com\/uploads\/2026\/08\/HQ_pD96XAAAjAXU-1024&#215;650.webp&#8217;><\/a><a data-caption='\n\n<div class=\"fotorama_legenda_galeria\">(Foto: Rodrigo Coca \/ Ag. Corinthians)<\/div>\n<p>&#8216; href=&#8217;https:\/\/static.gazetaesportiva.com\/uploads\/2026\/08\/248232-976&#215;1024.webp&#8217; data-thumb=&#8217;https:\/\/static.gazetaesportiva.com\/uploads\/2026\/08\/248232-976&#215;1024.webp&#8217;><\/a><a data-caption='\n\n<div class=\"fotorama_legenda_galeria\">(Foto: Rodrigo Coca \/ Ag. Corinthians)<\/div>\n<p>&#8216; href=&#8217;https:\/\/static.gazetaesportiva.com\/uploads\/2026\/08\/248243-993&#215;1024.webp&#8217; data-thumb=&#8217;https:\/\/static.gazetaesportiva.com\/uploads\/2026\/08\/248243-993&#215;1024.webp&#8217;><\/a><a data-caption='\n\n<div class=\"fotorama_legenda_galeria\">(Foto: Rodrigo Coca \/ Ag. Corinthians)<\/div>\n<p>&#8216; href=&#8217;https:\/\/static.gazetaesportiva.com\/uploads\/2026\/08\/248244-898&#215;1024.webp&#8217; data-thumb=&#8217;https:\/\/static.gazetaesportiva.com\/uploads\/2026\/08\/248244-898&#215;1024.webp&#8217;><\/a><a data-caption='\n\n<div class=\"fotorama_legenda_galeria\">(Foto: Rodrigo Coca \/ Ag. Corinthians)<\/div>\n<p>&#8216; href=&#8217;https:\/\/static.gazetaesportiva.com\/uploads\/2026\/08\/248248-946&#215;1024.webp&#8217; data-thumb=&#8217;https:\/\/static.gazetaesportiva.com\/uploads\/2026\/08\/248248-946&#215;1024.webp&#8217;><\/a><\/div>\n<p><\/p>\n<h2>Pr\u00f3ximos jogos do Santos<\/h2>\n<p><strong>Jogo:<\/strong> Santos x Palmeiras<br \/>\n<strong>Competi\u00e7\u00e3o:<\/strong> Copa do Brasil (quartas de final | volta)<br \/>\n<strong>Data e hora:<\/strong> 02\/09 (quarta-feira), \u00e0s 21h30 (de Bras\u00edlia)<br \/>\n<strong>Local:<\/strong> Vila Belmiro, em Santos (SP)<\/p>\n<p><strong>Internacional x Santos<\/strong><br \/>\nCompeti\u00e7\u00e3o: Campeonato Brasileiro \u2013 26\u00aa rodada<br \/>\nData e hora: 06\/09 (domingo), \u00e0s 16h (de Bras\u00edlia)<br \/>\nLocal: Beira-Rio, em Porto Alegre (RS)<\/p>\n<div style=\"margin: 0 auto; min-width: 300px;\">\n<div style=\"position: relative; padding-bottom: 56.25%; height: 0; overflow: hidden;\"><iframe style=\"width: 300px; min-width: 100%; position: absolute; top: 0; left: 0; height: 100%; overflow: hidden;\" src=\"https:\/\/embed.onefootball.com\/iframe\/?p=eyJrZXkiOiI0d0tydjlqeSIsInAiOiJnYXpldGFlc3BvcnRpdmEiLCJwbCI6IiJ9\" width=\"100%\" frameborder=\"0\" scrolling=\"no\" allowfullscreen=\"allowfullscreen\"><\/iframe><\/div>\n<\/div>\n<p>O post <a href=\"https:\/\/www.gazetaesportiva.com\/times\/santos\/santos-vence-corinthians-neymar-christian-oliva\/\">Atua\u00e7\u00f5es: Neymar \u00e9 decisivo, Oliva marca e Ar\u00e3o se destaca em vit\u00f3ria sobre o Corinthians<\/a> apareceu primeiro em <a href=\"https:\/\/www.gazetaesportiva.com\">Gazeta Esportiva<\/a>.<\/p>\n","protected":false},"excerpt":{"rendered":"<p>O Santos venceu o Corinthians por 1 a 0 na tarde deste domingo, na Neo Qu\u00edmica Arena, pela<\/p>\n","protected":false},"author":1,"featured_media":11247,"comment_status":"open","ping_status":"open","sticky":false,"template":"","format":"standard","meta":{"footnotes":""},"categories":[71],"tags":[],"class_list":["post-11246","post","type-post","status-publish","format-standard","has-post-thumbnail","hentry","category-esportes-news"],"_links":{"self":[{"href":"https:\/\/portalbahianoticia.com.br\/index.php?rest_route=\/wp\/v2\/posts\/11246","targetHints":{"allow":["GET"]}}],"collection":[{"href":"https:\/\/portalbahianoticia.com.br\/index.php?rest_route=\/wp\/v2\/posts"}],"about":[{"href":"https:\/\/portalbahianoticia.com.br\/index.php?rest_route=\/wp\/v2\/types\/post"}],"author":[{"embeddable":true,"href":"https:\/\/portalbahianoticia.com.br\/index.php?rest_route=\/wp\/v2\/users\/1"}],"replies":[{"embeddable":true,"href":"https:\/\/portalbahianoticia.com.br\/index.php?rest_route=%2Fwp%2Fv2%2Fcomments&post=11246"}],"version-history":[{"count":0,"href":"https:\/\/portalbahianoticia.com.br\/index.php?rest_route=\/wp\/v2\/posts\/11246\/revisions"}],"wp:featuredmedia":[{"embeddable":true,"href":"https:\/\/portalbahianoticia.com.br\/index.php?rest_route=\/wp\/v2\/media\/11247"}],"wp:attachment":[{"href":"https:\/\/portalbahianoticia.com.br\/index.php?rest_route=%2Fwp%2Fv2%2Fmedia&parent=11246"}],"wp:term":[{"taxonomy":"category","embeddable":true,"href":"https:\/\/portalbahianoticia.com.br\/index.php?rest_route=%2Fwp%2Fv2%2Fcategories&post=11246"},{"taxonomy":"post_tag","embeddable":true,"href":"https:\/\/portalbahianoticia.com.br\/index.php?rest_route=%2Fwp%2Fv2%2Ftags&post=11246"}],"curies":[{"name":"wp","href":"https:\/\/api.w.org\/{rel}","templated":true}]}}