{"id":11244,"date":"2026-08-31T07:13:03","date_gmt":"2026-08-31T10:13:03","guid":{"rendered":"https:\/\/portalbahianoticia.com.br\/?p=11244"},"modified":"2026-08-31T07:13:03","modified_gmt":"2026-08-31T10:13:03","slug":"mauricio-iguala-melhor-marca-da-carreira-e-reforca-protagonismo-no-palmeiras","status":"publish","type":"post","link":"https:\/\/portalbahianoticia.com.br\/?p=11244","title":{"rendered":"Maur\u00edcio iguala melhor marca da carreira e refor\u00e7a protagonismo no Palmeiras"},"content":{"rendered":"<p>Com mais de tr\u00eas meses de temporada ainda pela frente, Maur\u00edcio j\u00e1 igualou a melhor marca goleadora de sua carreira. <a href=\"https:\/\/www.gazetaesportiva.com\/times\/palmeiras\/mirassol-x-palmeiras-brasileirao-2026\/\">Autor do gol do Palmeiras no empate por 1 a 1 com o Mirassol neste domingo, pela 25\u00aa rodada do Campeonato Brasileiro<\/a>, o meia chegou a 11 tentos anotados em 2026 e alcan\u00e7ou o n\u00famero que havia registrado em 2023, quando defendia o Internacional.<\/p>\n<blockquote class=\"twitter-tweet\">\n<p dir=\"ltr\" lang=\"pt\">Mauricio empatou o jogo no Mai\u00e3o! <img decoding=\"async\" src=\"https:\/\/s.w.org\/images\/core\/emoji\/17.0.2\/72x72\/1f437.png\" alt=\"\ud83d\udc37\" class=\"wp-smiley\" style=\"height: 1em; max-height: 1em;\" \/><img decoding=\"async\" src=\"https:\/\/s.w.org\/images\/core\/emoji\/17.0.2\/72x72\/1f44a.png\" alt=\"\ud83d\udc4a\" class=\"wp-smiley\" style=\"height: 1em; max-height: 1em;\" \/> <a href=\"https:\/\/t.co\/Z5LbHK3eNJ\">pic.twitter.com\/Z5LbHK3eNJ<\/a><\/p>\n<p>\u2014 SE Palmeiras (@Palmeiras) <a href=\"https:\/\/x.com\/Palmeiras\/status\/2094204796739699005?ref_src=twsrc%5Etfw\">August 30, 2026<\/a><\/p>\n<\/blockquote>\n<p><script async src=\"https:\/\/platform.x.com\/widgets.js\" charset=\"utf-8\"><\/script><\/p>\n<h2>Marca igualada<\/h2>\n<p>At\u00e9 ent\u00e3o, o desempenho mais artilheiro de Maur\u00edcio havia sido registrado em 2023. Naquele ano, pelo Internacional, o meia marcou 11 gols e distribuiu 10 assist\u00eancias em 48 partidas, somando 21 participa\u00e7\u00f5es diretas em gols.<\/p>\n<p>Agora, o camisa 18 do Palmeiras iguala o n\u00famero de gols ainda no fim de agosto e tem pela frente a reta final do Campeonato Brasileiro, da Copa do Brasil e da Libertadores para estabelecer um novo recorde pessoal.<\/p>\n<h2>Artilheiro p\u00f3s-Copa<\/h2>\n<p>O retorno da Copa do Mundo marcou uma virada de chave para o meia. Desde a retomada do calend\u00e1rio, Maur\u00edcio disputou nove partidas e balan\u00e7ou as redes sete vezes, o que o configura como o artilheiro do time no per\u00edodo e o segundo maior goleador da equipe na temporada completa, atr\u00e1s somente de Flaco L\u00f3pez, que tem 21 tentos anotados.<\/p>\n<p>A sequ\u00eancia recente tamb\u00e9m chama aten\u00e7\u00e3o. Nos \u00faltimos cinco compromissos do Verd\u00e3o, o jogador marcou tr\u00eas gols e se tornou uma das principais armas ofensivas da equipe em meio a uma s\u00e9rie de desfalques importantes no elenco.<\/p>\n<div>\n<div class=\"_738995453157f28d _8df2fcf913bb1dd9\" data-line-index=\"29\">Ao todo, s\u00e3o 115 partidas disputadas, com 25 gols marcados e 13 assist\u00eancias pelo clube.<\/div>\n<div data-line-index=\"29\">\n<div class='fotorama' data-click='false' data-nav='thumbs' data-allowfullscreen='true'><a data-caption='\n\n<div class=\"fotorama_legenda_galeria\">Foto: Cesar Greco\/Palmeiras\/by Canon<\/div>\n<p>&#8216; href=&#8217;https:\/\/static.gazetaesportiva.com\/uploads\/2026\/08\/30082026_cg_palmeiras_destaque_6573_6-1024&#215;577.webp&#8217; data-thumb=&#8217;https:\/\/static.gazetaesportiva.com\/uploads\/2026\/08\/30082026_cg_palmeiras_destaque_6573_6-1024&#215;577.webp&#8217;><\/a><a data-caption='\n\n<div class=\"fotorama_legenda_galeria\">Foto: Cesar Greco\/Palmeiras\/by Canon<\/div>\n<p>&#8216; href=&#8217;https:\/\/static.gazetaesportiva.com\/uploads\/2026\/08\/30082026_cg_palmeiras_destaque_6785_23-819&#215;1024.webp&#8217; data-thumb=&#8217;https:\/\/static.gazetaesportiva.com\/uploads\/2026\/08\/30082026_cg_palmeiras_destaque_6785_23-819&#215;1024.webp&#8217;><\/a><a data-caption='\n\n<div class=\"fotorama_legenda_galeria\">Foto: Cesar Greco\/Palmeiras\/by Canon<\/div>\n<p>&#8216; href=&#8217;https:\/\/static.gazetaesportiva.com\/uploads\/2026\/08\/30082026_cg_palmeiras_destaque_6778_22-819&#215;1024.webp&#8217; data-thumb=&#8217;https:\/\/static.gazetaesportiva.com\/uploads\/2026\/08\/30082026_cg_palmeiras_destaque_6778_22-819&#215;1024.webp&#8217;><\/a><a data-caption='\n\n<div class=\"fotorama_legenda_galeria\">Foto: Cesar Greco\/Palmeiras\/by Canon<\/div>\n<p>&#8216; href=&#8217;https:\/\/static.gazetaesportiva.com\/uploads\/2026\/08\/30082026_cg_palmeiras_destaque_6847_29-819&#215;1024.webp&#8217; data-thumb=&#8217;https:\/\/static.gazetaesportiva.com\/uploads\/2026\/08\/30082026_cg_palmeiras_destaque_6847_29-819&#215;1024.webp&#8217;><\/a><a data-caption='\n\n<div class=\"fotorama_legenda_galeria\">Foto: Cesar Greco\/Palmeiras\/by Canon<\/div>\n<p>&#8216; href=&#8217;https:\/\/static.gazetaesportiva.com\/uploads\/2026\/08\/30082026_cg_palmeiras_destaque_6823_26-819&#215;1024.webp&#8217; data-thumb=&#8217;https:\/\/static.gazetaesportiva.com\/uploads\/2026\/08\/30082026_cg_palmeiras_destaque_6823_26-819&#215;1024.webp&#8217;><\/a><a data-caption='\n\n<div class=\"fotorama_legenda_galeria\">Foto: Cesar Greco\/Palmeiras\/by Canon<\/div>\n<p>&#8216; href=&#8217;https:\/\/static.gazetaesportiva.com\/uploads\/2026\/08\/30082026_cg_palmeiras_destaque_6815_25-1024&#215;577.webp&#8217; data-thumb=&#8217;https:\/\/static.gazetaesportiva.com\/uploads\/2026\/08\/30082026_cg_palmeiras_destaque_6815_25-1024&#215;577.webp&#8217;><\/a><a data-caption='\n\n<div class=\"fotorama_legenda_galeria\">Foto: Cesar Greco\/Palmeiras\/by Canon<\/div>\n<p>&#8216; href=&#8217;https:\/\/static.gazetaesportiva.com\/uploads\/2026\/08\/30082026_cg_palmeiras_destaque_6744_19-1024&#215;577.webp&#8217; data-thumb=&#8217;https:\/\/static.gazetaesportiva.com\/uploads\/2026\/08\/30082026_cg_palmeiras_destaque_6744_19-1024&#215;577.webp&#8217;><\/a><a data-caption='\n\n<div class=\"fotorama_legenda_galeria\">Foto: Cesar Greco\/Palmeiras\/by Canon<\/div>\n<p>&#8216; href=&#8217;https:\/\/static.gazetaesportiva.com\/uploads\/2026\/08\/30082026_cg_palmeiras_destaque_6699_17-819&#215;1024.webp&#8217; data-thumb=&#8217;https:\/\/static.gazetaesportiva.com\/uploads\/2026\/08\/30082026_cg_palmeiras_destaque_6699_17-819&#215;1024.webp&#8217;><\/a><a data-caption='\n\n<div class=\"fotorama_legenda_galeria\">Foto: Cesar Greco\/Palmeiras\/by Canon<\/div>\n<p>&#8216; href=&#8217;https:\/\/static.gazetaesportiva.com\/uploads\/2026\/08\/30082026_cg_palmeiras_destaque_6613_9-1024&#215;577.webp&#8217; data-thumb=&#8217;https:\/\/static.gazetaesportiva.com\/uploads\/2026\/08\/30082026_cg_palmeiras_destaque_6613_9-1024&#215;577.webp&#8217;><\/a><a data-caption='\n\n<div class=\"fotorama_legenda_galeria\">Foto: Cesar Greco\/Palmeiras\/by Canon<\/div>\n<p>&#8216; href=&#8217;https:\/\/static.gazetaesportiva.com\/uploads\/2026\/08\/30082026_cg_palmeiras_destaque_6625_10-1024&#215;577.webp&#8217; data-thumb=&#8217;https:\/\/static.gazetaesportiva.com\/uploads\/2026\/08\/30082026_cg_palmeiras_destaque_6625_10-1024&#215;577.webp&#8217;><\/a><a data-caption='\n\n<div class=\"fotorama_legenda_galeria\">Foto: Cesar Greco\/Palmeiras\/by Canon<\/div>\n<p>&#8216; href=&#8217;https:\/\/static.gazetaesportiva.com\/uploads\/2026\/08\/30082026_cg_palmeiras_destaque_6649_12-1024&#215;577.webp&#8217; data-thumb=&#8217;https:\/\/static.gazetaesportiva.com\/uploads\/2026\/08\/30082026_cg_palmeiras_destaque_6649_12-1024&#215;577.webp&#8217;><\/a><a data-caption='\n\n<div class=\"fotorama_legenda_galeria\">Foto: Cesar Greco\/Palmeiras\/by Canon<\/div>\n<p>&#8216; href=&#8217;https:\/\/static.gazetaesportiva.com\/uploads\/2026\/08\/30082026_cg_palmeiras_destaque_6589_7-819&#215;1024.webp&#8217; data-thumb=&#8217;https:\/\/static.gazetaesportiva.com\/uploads\/2026\/08\/30082026_cg_palmeiras_destaque_6589_7-819&#215;1024.webp&#8217;><\/a><a data-caption='\n\n<div class=\"fotorama_legenda_galeria\">Foto: Cesar Greco\/Palmeiras\/by Canon<\/div>\n<p>&#8216; href=&#8217;https:\/\/static.gazetaesportiva.com\/uploads\/2026\/08\/30082026_cg_palmeiras_7068_62-1024&#215;577.webp&#8217; data-thumb=&#8217;https:\/\/static.gazetaesportiva.com\/uploads\/2026\/08\/30082026_cg_palmeiras_7068_62-1024&#215;577.webp&#8217;><\/a><a data-caption='\n\n<div class=\"fotorama_legenda_galeria\">Foto: Cesar Greco\/Palmeiras\/by Canon<\/div>\n<p>&#8216; href=&#8217;https:\/\/static.gazetaesportiva.com\/uploads\/2026\/08\/30082026_cg_palmeiras_7185_74-1.webp&#8217; data-thumb=&#8217;https:\/\/static.gazetaesportiva.com\/uploads\/2026\/08\/30082026_cg_palmeiras_7185_74-1.webp&#8217;><\/a><a data-caption='\n\n<div class=\"fotorama_legenda_galeria\">Foto: Cesar Greco\/Palmeiras\/by Canon<\/div>\n<p>&#8216; href=&#8217;https:\/\/static.gazetaesportiva.com\/uploads\/2026\/08\/30082026_cg_palmeiras_7176_70-1024&#215;577.webp&#8217; data-thumb=&#8217;https:\/\/static.gazetaesportiva.com\/uploads\/2026\/08\/30082026_cg_palmeiras_7176_70-1024&#215;577.webp&#8217;><\/a><\/div>\n<p><\/p>\n<h2><strong>Pr\u00f3ximo jogo do Palmeiras<\/strong><\/h2>\n<p><strong>Jogo:<\/strong> Santos x Palmeiras<br \/>\n<strong>Competi\u00e7\u00e3o:<\/strong> Copa do Brasil (quartas de final | volta)<br \/>\n<strong>Data e hora:<\/strong> 2 de setembro de 2026 (quarta-feira), \u00e0s 21h30 (de Bras\u00edlia)<br \/>\n<strong>Local:<\/strong> Vila Belmiro, em Santos (SP)<\/p>\n<p data-start=\"2334\" data-end=\"2398\"><strong>Veja tamb\u00e9m:<\/strong><br \/>\n<strong><a href=\"https:\/\/www.gazetaesportiva.com\/todas-as-noticias\/\">Todas as not\u00edcias da Gazeta Esportiva<\/a><\/strong><br \/>\n<strong><a href=\"https:\/\/www.youtube.com\/channel\/UCcndglQZmXnYjgE_Grqt5yg\">Canal da Gazeta Esportiva no YouTube<\/a><\/strong><br \/>\n<strong><a href=\"https:\/\/www.instagram.com\/gazetaesportiva\/\">Siga a Gazeta Esportiva no Instagram<\/a><br \/>\n<\/strong><strong><a href=\"https:\/\/whatsapp.com\/channel\/0029Va9JQFL3WHTguJNfam3U\">Participe do canal da Gazeta Esportiva no WhatsApp<\/a><\/strong><\/p>\n<div class=\"dugout-video dugout-embed-eyJrZXkiOiIiLCJwIjoiZ2F6ZXRhZXNwb3J0aXZhIiwicGwiOiI0a2hoSjVCWCJ9\"><\/div>\n<p><script src=\"https:\/\/embed.onefootball.com\/inline\/gazetaesportiva.js\" type=\"text\/javascript\"><\/script><\/p>\n<\/div>\n<\/div>\n<p>O post <a href=\"https:\/\/www.gazetaesportiva.com\/times\/palmeiras\/mauricio-iguala-melhor-marca-carreira-ainda-em-agosto-palmeiras-2026\/\">Maur\u00edcio iguala melhor marca da carreira e refor\u00e7a protagonismo no Palmeiras<\/a> apareceu primeiro em <a href=\"https:\/\/www.gazetaesportiva.com\">Gazeta Esportiva<\/a>.<\/p>\n","protected":false},"excerpt":{"rendered":"<p>Com mais de tr\u00eas meses de temporada ainda pela frente, Maur\u00edcio j\u00e1 igualou a melhor marca goleadora de<\/p>\n","protected":false},"author":1,"featured_media":11245,"comment_status":"open","ping_status":"open","sticky":false,"template":"","format":"standard","meta":{"footnotes":""},"categories":[71],"tags":[],"class_list":["post-11244","post","type-post","status-publish","format-standard","has-post-thumbnail","hentry","category-esportes-news"],"_links":{"self":[{"href":"https:\/\/portalbahianoticia.com.br\/index.php?rest_route=\/wp\/v2\/posts\/11244","targetHints":{"allow":["GET"]}}],"collection":[{"href":"https:\/\/portalbahianoticia.com.br\/index.php?rest_route=\/wp\/v2\/posts"}],"about":[{"href":"https:\/\/portalbahianoticia.com.br\/index.php?rest_route=\/wp\/v2\/types\/post"}],"author":[{"embeddable":true,"href":"https:\/\/portalbahianoticia.com.br\/index.php?rest_route=\/wp\/v2\/users\/1"}],"replies":[{"embeddable":true,"href":"https:\/\/portalbahianoticia.com.br\/index.php?rest_route=%2Fwp%2Fv2%2Fcomments&post=11244"}],"version-history":[{"count":0,"href":"https:\/\/portalbahianoticia.com.br\/index.php?rest_route=\/wp\/v2\/posts\/11244\/revisions"}],"wp:featuredmedia":[{"embeddable":true,"href":"https:\/\/portalbahianoticia.com.br\/index.php?rest_route=\/wp\/v2\/media\/11245"}],"wp:attachment":[{"href":"https:\/\/portalbahianoticia.com.br\/index.php?rest_route=%2Fwp%2Fv2%2Fmedia&parent=11244"}],"wp:term":[{"taxonomy":"category","embeddable":true,"href":"https:\/\/portalbahianoticia.com.br\/index.php?rest_route=%2Fwp%2Fv2%2Fcategories&post=11244"},{"taxonomy":"post_tag","embeddable":true,"href":"https:\/\/portalbahianoticia.com.br\/index.php?rest_route=%2Fwp%2Fv2%2Ftags&post=11244"}],"curies":[{"name":"wp","href":"https:\/\/api.w.org\/{rel}","templated":true}]}}