{"id":11242,"date":"2026-08-31T07:13:04","date_gmt":"2026-08-31T10:13:04","guid":{"rendered":"https:\/\/portalbahianoticia.com.br\/?p=11242"},"modified":"2026-08-31T07:13:04","modified_gmt":"2026-08-31T10:13:04","slug":"luciano-iguala-careca-e-alcanca-marca-historica-no-sao-paulo","status":"publish","type":"post","link":"https:\/\/portalbahianoticia.com.br\/?p=11242","title":{"rendered":"Luciano iguala Careca e alcan\u00e7a marca hist\u00f3rica no S\u00e3o Paulo"},"content":{"rendered":"<p>O atacante Luciano alcan\u00e7ou uma marca hist\u00f3rica com a camisa do <a href=\"https:\/\/www.gazetaesportiva.com\/times\/sao-paulo\/\"><strong>S\u00e3o Paulo<\/strong><\/a>. Autor de um dos gols na vit\u00f3ria por 2 a 1 sobre o <a href=\"https:\/\/www.gazetaesportiva.com\/times\/bragantino\/\"><strong>Red Bull Bragantino<\/strong><\/a>, no \u00faltimo s\u00e1bado, no Morumbis, o camisa 10 chegou a 115 gols pelo Tricolor e igualou o ex-centroavante Careca na lista dos maiores artilheiros da hist\u00f3ria do clube.<\/p>\n<p>O gol que garantiu a marca foi anotado de p\u00eanalti diante do goleiro Tiago Volpi, ex-companheiro de equipe e amigo pessoal do atacante.<\/p>\n<p><strong>Veja tamb\u00e9m:<\/strong><br \/>\n<strong><a href=\"https:\/\/www.gazetaesportiva.com\/todas-as-noticias\/\">Todas as not\u00edcias da Gazeta Esportiva<\/a><\/strong><br \/>\n<strong><a href=\"https:\/\/www.youtube.com\/channel\/UCcndglQZmXnYjgE_Grqt5yg\">Canal da Gazeta Esportiva no YouTube<\/a><\/strong><br \/>\n<strong><a href=\"https:\/\/www.instagram.com\/gazetaesportiva\/\">Siga a Gazeta Esportiva no Instagram<\/a><br \/>\n<\/strong><strong><a href=\"https:\/\/whatsapp.com\/channel\/0029Va9JQFL3WHTguJNfam3U\">Canal da Gazeta Esportiva no WhatsApp<\/a><\/strong><\/p>\n<p>Com os 115 gols marcados, Luciano agora divide a 14\u00aa coloca\u00e7\u00e3o no ranking hist\u00f3rico de artilheiros do clube com Careca. \u00c0 frente deles aparecem nomes como Pedro Rocha, Ra\u00ed e Rog\u00e9rio Ceni, enquanto Serginho Chulapa lidera a lista com 242 tentos.<\/p>\n<h2><strong>Veja abaixo o top 15:<\/strong><\/h2>\n<ol>\n<li>Serginho Chulapa \u2014 242 gols<\/li>\n<li>Gino Orlando \u2014 233 gols<\/li>\n<li>Luis Fabiano \u2014 212 gols<\/li>\n<li>Teixeirinha \u2014 189 gols<\/li>\n<li>Fran\u00e7a \u2014 182 gols<\/li>\n<li>Luizinho \u2014 173 gols<\/li>\n<li>M\u00fcller \u2014 160 gols<\/li>\n<li>Le\u00f4nidas da Silva \u2014 143 gols<\/li>\n<li>Maurinho \u2014 136 gols<\/li>\n<li>Rog\u00e9rio Ceni \u2014 131 gols<\/li>\n<li>Ra\u00ed \u2014 128 gols<\/li>\n<li>Prado \u2014 121 gols<\/li>\n<li>Pedro Rocha \u2014 119 gols<\/li>\n<li>Careca \u2014 115 gols<\/li>\n<li><strong>Luciano \u2014 115 gols<\/strong><\/li>\n<\/ol>\n<div class='fotorama' data-click='false' data-nav='thumbs' data-allowfullscreen='true'><a data-caption='\n\n<div class=\"fotorama_legenda_galeria\">Foto: Rubens Chiri \/ S\u00e3o Paulo FC<\/div>\n<p>&#8216; href=&#8217;https:\/\/static.gazetaesportiva.com\/uploads\/2026\/08\/55495252087_06f0d6f261_o-1024&#215;683.webp&#8217; data-thumb=&#8217;https:\/\/static.gazetaesportiva.com\/uploads\/2026\/08\/55495252087_06f0d6f261_o-1024&#215;683.webp&#8217;><\/a><a data-caption='\n\n<div class=\"fotorama_legenda_galeria\">Foto: Rubens Chiri \/ S\u00e3o Paulo FC<\/div>\n<p>&#8216; href=&#8217;https:\/\/static.gazetaesportiva.com\/uploads\/2026\/08\/55495252107_6c78e24414_o-1024&#215;767.webp&#8217; data-thumb=&#8217;https:\/\/static.gazetaesportiva.com\/uploads\/2026\/08\/55495252107_6c78e24414_o-1024&#215;767.webp&#8217;><\/a><a data-caption='\n\n<div class=\"fotorama_legenda_galeria\">Foto: Rubens Chiri \/ S\u00e3o Paulo FC<\/div>\n<p>&#8216; href=&#8217;https:\/\/static.gazetaesportiva.com\/uploads\/2026\/08\/55496344738_d2cd06b633_o-1024&#215;873.webp&#8217; data-thumb=&#8217;https:\/\/static.gazetaesportiva.com\/uploads\/2026\/08\/55496344738_d2cd06b633_o-1024&#215;873.webp&#8217;><\/a><a data-caption='\n\n<div class=\"fotorama_legenda_galeria\">Foto: Rubens Chiri \/ S\u00e3o Paulo FC<\/div>\n<p>&#8216; href=&#8217;https:\/\/static.gazetaesportiva.com\/uploads\/2026\/08\/55496622055_3dc5723e84_o-1024&#215;731.webp&#8217; data-thumb=&#8217;https:\/\/static.gazetaesportiva.com\/uploads\/2026\/08\/55496622055_3dc5723e84_o-1024&#215;731.webp&#8217;><\/a><a data-caption='\n\n<div class=\"fotorama_legenda_galeria\">Foto: Rubens Chiri \/ S\u00e3o Paulo FC<\/div>\n<p>&#8216; href=&#8217;https:\/\/static.gazetaesportiva.com\/uploads\/2026\/08\/55496622070_4541da7100_o-1024&#215;746.webp&#8217; data-thumb=&#8217;https:\/\/static.gazetaesportiva.com\/uploads\/2026\/08\/55496622070_4541da7100_o-1024&#215;746.webp&#8217;><\/a><\/div>\n<p><\/p>\n<p>A marca ganha ainda mais relev\u00e2ncia pelo momento vivido pelo S\u00e3o Paulo. A vit\u00f3ria sobre o Bragantino representou um importante respiro para a equipe, que encerrou um jejum de dez jogos sem vencer no <a href=\"https:\/\/www.gazetaesportiva.com\/campeonatos\/brasileiro-serie-a\/\"><strong>Brasileir\u00e3o<\/strong><\/a>. Assim, o Tricolor alcan\u00e7ou os 30 pontos na tabela de classifica\u00e7\u00e3o e se distanciou da zona de rebaixamento.<\/p>\n<p>Agora, Luciano ter\u00e1 a oportunidade de ultrapassar Careca nos pr\u00f3ximos compromissos da equipe. O atacante tamb\u00e9m est\u00e1 a apenas quatro gols de alcan\u00e7ar Pedro Rocha, que soma 119 tentos pelo clube.<\/p>\n<p>O pr\u00f3ximo desafio do S\u00e3o Paulo ser\u00e1 diante do <a href=\"https:\/\/www.gazetaesportiva.com\/times\/atletico-mg\/\"><strong>Atl\u00e9tico-MG<\/strong><\/a>, novamente no Morumbis, pela 26\u00aa rodada do Campeonato Brasileiro. O duelo est\u00e1 agendado para o pr\u00f3ximo s\u00e1bado, \u00e0s 18h30 (de Bras\u00edlia).<\/p>\n<div class=\"dugout-video dugout-embed-eyJrZXkiOiIiLCJwIjoiZ2F6ZXRhZXNwb3J0aXZhIiwicGwiOiI0a2hoSjVCWCJ9\"><\/div>\n<p><script type=\"text\/javascript\" src=\"https:\/\/embed.onefootball.com\/inline\/gazetaesportiva.js\"><\/script><\/p>\n<p>O post <a href=\"https:\/\/www.gazetaesportiva.com\/times\/sao-paulo\/luciano-iguala-careca-e-alcanca-marca-historica-no-sao-paulo\/\">Luciano iguala Careca e alcan\u00e7a marca hist\u00f3rica no S\u00e3o Paulo<\/a> apareceu primeiro em <a href=\"https:\/\/www.gazetaesportiva.com\">Gazeta Esportiva<\/a>.<\/p>\n","protected":false},"excerpt":{"rendered":"<p>O atacante Luciano alcan\u00e7ou uma marca hist\u00f3rica com a camisa do S\u00e3o Paulo. Autor de um dos gols<\/p>\n","protected":false},"author":1,"featured_media":11243,"comment_status":"open","ping_status":"open","sticky":false,"template":"","format":"standard","meta":{"footnotes":""},"categories":[71],"tags":[],"class_list":["post-11242","post","type-post","status-publish","format-standard","has-post-thumbnail","hentry","category-esportes-news"],"_links":{"self":[{"href":"https:\/\/portalbahianoticia.com.br\/index.php?rest_route=\/wp\/v2\/posts\/11242","targetHints":{"allow":["GET"]}}],"collection":[{"href":"https:\/\/portalbahianoticia.com.br\/index.php?rest_route=\/wp\/v2\/posts"}],"about":[{"href":"https:\/\/portalbahianoticia.com.br\/index.php?rest_route=\/wp\/v2\/types\/post"}],"author":[{"embeddable":true,"href":"https:\/\/portalbahianoticia.com.br\/index.php?rest_route=\/wp\/v2\/users\/1"}],"replies":[{"embeddable":true,"href":"https:\/\/portalbahianoticia.com.br\/index.php?rest_route=%2Fwp%2Fv2%2Fcomments&post=11242"}],"version-history":[{"count":0,"href":"https:\/\/portalbahianoticia.com.br\/index.php?rest_route=\/wp\/v2\/posts\/11242\/revisions"}],"wp:featuredmedia":[{"embeddable":true,"href":"https:\/\/portalbahianoticia.com.br\/index.php?rest_route=\/wp\/v2\/media\/11243"}],"wp:attachment":[{"href":"https:\/\/portalbahianoticia.com.br\/index.php?rest_route=%2Fwp%2Fv2%2Fmedia&parent=11242"}],"wp:term":[{"taxonomy":"category","embeddable":true,"href":"https:\/\/portalbahianoticia.com.br\/index.php?rest_route=%2Fwp%2Fv2%2Fcategories&post=11242"},{"taxonomy":"post_tag","embeddable":true,"href":"https:\/\/portalbahianoticia.com.br\/index.php?rest_route=%2Fwp%2Fv2%2Ftags&post=11242"}],"curies":[{"name":"wp","href":"https:\/\/api.w.org\/{rel}","templated":true}]}}