{"id":11240,"date":"2026-08-31T07:13:05","date_gmt":"2026-08-31T10:13:05","guid":{"rendered":"https:\/\/portalbahianoticia.com.br\/?p=11240"},"modified":"2026-08-31T07:13:05","modified_gmt":"2026-08-31T10:13:05","slug":"santos-quebra-jejum-de-classicos-em-2026-e-encerra-tabu-contra-corinthians-no-brasileirao","status":"publish","type":"post","link":"https:\/\/portalbahianoticia.com.br\/?p=11240","title":{"rendered":"Santos quebra jejum de cl\u00e1ssicos em 2026 e encerra tabu contra Corinthians no Brasileir\u00e3o"},"content":{"rendered":"<p>O <a href=\"https:\/\/www.gazetaesportiva.com\/times\/santos\/\"><strong>Santos<\/strong><\/a> deixou para tr\u00e1s uma s\u00e9rie de inc\u00f4modos tabus neste domingo. Ao <a href=\"https:\/\/www.gazetaesportiva.com\/campeonatos\/brasileiro-serie-a\/corinthians-x-santos-campeonato-brasileiro-30-08-2026\/\"><strong>vencer o Corinthians por 1 a 0<\/strong><\/a>, na Neo Qu\u00edmica Arena, pela 25\u00aa rodada do <strong>Campeonato Brasileiro<\/strong>, o Peixe conquistou seu primeiro triunfo em cl\u00e1ssicos na temporada e voltou a superar o rival fora de casa pelo Brasileir\u00e3o <strong>ap\u00f3s 15 anos.<\/strong><\/p>\n<p>Antes do confronto deste domingo, o Santos havia disputado sete cl\u00e1ssicos em 2026 e ainda n\u00e3o tinha vencido nenhum. O retrospecto era de quatro empates e tr\u00eas derrotas, com quatro gols marcados e dez sofridos.<\/p>\n<p>A sequ\u00eancia negativa come\u00e7ou no Campeonato Paulista, com derrota para o Palmeiras, empate com o Corinthians e rev\u00e9s diante do S\u00e3o Paulo. No Brasileir\u00e3o, o Peixe empatou novamente com S\u00e3o Paulo, Corinthians e Palmeiras. Na \u00faltima quarta-feira, ainda perdeu por 3 a 0 para o Palmeiras, pela ida das quartas de final da Copa do Brasil.<\/p>\n<p>O cl\u00e1ssico contra o Corinthians, portanto, era a oitava oportunidade de o Santos conquistar sua primeira vit\u00f3ria diante dos principais rivais em 2026. E o time de Cuca conseguiu justamente na Neo Qu\u00edmica Arena, com gol de <strong>Christian Oliva<\/strong> no primeiro tempo.<\/p>\n<div class='fotorama' data-click='false' data-nav='thumbs' data-allowfullscreen='true'><a data-caption='\n\n<div class=\"fotorama_legenda_galeria\">(Foto: Rodrigo Coca \/ Ag. Corinthians)<\/div>\n<p>&#8216; href=&#8217;https:\/\/static.gazetaesportiva.com\/uploads\/2026\/08\/248234-963&#215;1024.webp&#8217; data-thumb=&#8217;https:\/\/static.gazetaesportiva.com\/uploads\/2026\/08\/248234-963&#215;1024.webp&#8217;><\/a><a data-caption='\n\n<div class=\"fotorama_legenda_galeria\">(Foto: Rodrigo Coca \/ Ag. Corinthians)<\/div>\n<p>&#8216; href=&#8217;https:\/\/static.gazetaesportiva.com\/uploads\/2026\/08\/248236-930&#215;1024.webp&#8217; data-thumb=&#8217;https:\/\/static.gazetaesportiva.com\/uploads\/2026\/08\/248236-930&#215;1024.webp&#8217;><\/a><a data-caption='\n\n<div class=\"fotorama_legenda_galeria\">(Foto: Divulga\u00e7\u00e3o \/ Santos)<\/div>\n<p>&#8216; href=&#8217;https:\/\/static.gazetaesportiva.com\/uploads\/2026\/08\/HQ_pM9JWMAA0rhA.webp&#8217; data-thumb=&#8217;https:\/\/static.gazetaesportiva.com\/uploads\/2026\/08\/HQ_pM9JWMAA0rhA.webp&#8217;><\/a><a data-caption='\n\n<div class=\"fotorama_legenda_galeria\">(Foto: Divulga\u00e7\u00e3o \/ Santos)<\/div>\n<p>&#8216; href=&#8217;https:\/\/static.gazetaesportiva.com\/uploads\/2026\/08\/HQ_pD96XAAAjAXU-1024&#215;650.webp&#8217; data-thumb=&#8217;https:\/\/static.gazetaesportiva.com\/uploads\/2026\/08\/HQ_pD96XAAAjAXU-1024&#215;650.webp&#8217;><\/a><a data-caption='\n\n<div class=\"fotorama_legenda_galeria\">(Foto: Rodrigo Coca \/ Ag. Corinthians)<\/div>\n<p>&#8216; href=&#8217;https:\/\/static.gazetaesportiva.com\/uploads\/2026\/08\/248232-976&#215;1024.webp&#8217; data-thumb=&#8217;https:\/\/static.gazetaesportiva.com\/uploads\/2026\/08\/248232-976&#215;1024.webp&#8217;><\/a><a data-caption='\n\n<div class=\"fotorama_legenda_galeria\">(Foto: Rodrigo Coca \/ Ag. Corinthians)<\/div>\n<p>&#8216; href=&#8217;https:\/\/static.gazetaesportiva.com\/uploads\/2026\/08\/248243-993&#215;1024.webp&#8217; data-thumb=&#8217;https:\/\/static.gazetaesportiva.com\/uploads\/2026\/08\/248243-993&#215;1024.webp&#8217;><\/a><a data-caption='\n\n<div class=\"fotorama_legenda_galeria\">(Foto: Rodrigo Coca \/ Ag. Corinthians)<\/div>\n<p>&#8216; href=&#8217;https:\/\/static.gazetaesportiva.com\/uploads\/2026\/08\/248244-898&#215;1024.webp&#8217; data-thumb=&#8217;https:\/\/static.gazetaesportiva.com\/uploads\/2026\/08\/248244-898&#215;1024.webp&#8217;><\/a><a data-caption='\n\n<div class=\"fotorama_legenda_galeria\">(Foto: Rodrigo Coca \/ Ag. Corinthians)<\/div>\n<p>&#8216; href=&#8217;https:\/\/static.gazetaesportiva.com\/uploads\/2026\/08\/248248-946&#215;1024.webp&#8217; data-thumb=&#8217;https:\/\/static.gazetaesportiva.com\/uploads\/2026\/08\/248248-946&#215;1024.webp&#8217;><\/a><\/div>\n<p><\/p>\n<h2>Tabu de 15 anos<\/h2>\n<p>Al\u00e9m de encerrar o jejum de cl\u00e1ssicos na temporada, o resultado colocou fim a uma espera ainda maior. O Santos n\u00e3o vencia o Corinthians como <strong>visitante<\/strong> pelo Campeonato Brasileiro <strong>desde 2011<\/strong>, quando derrotou o rival por 3 a 1 no Pacaembu. Neymar estava em campo naquela ocasi\u00e3o e voltou a ser decisivo neste domingo, ao acertar a trave na cobran\u00e7a de falta que originou o gol de Oliva.<\/p>\n<p>A vit\u00f3ria tamb\u00e9m foi a <strong>terceira<\/strong> do Santos em <strong>23 partidas<\/strong> disputadas na casa do Corinthians. A primeira foi <strong>em 2015<\/strong>, quando venceu por 2 a 1 pela Copa do Brasil. Depois voltou a triunfar em Itaquera apenas no Paulist\u00e3o de <strong>2022<\/strong>, tamb\u00e9m em 2 a 1.<\/p>\n<p>Com os tabus quebrados, o Santos agora volta suas aten\u00e7\u00f5es para outro cl\u00e1ssico. Na quarta-feira, o Peixe recebe o <strong>Palmeiras,<\/strong> na Vila Belmiro, pelo jogo de volta das quartas de final da <strong>Copa do Brasil<\/strong>. A equipe precisa reverter a derrota por<strong> 3 a 0<\/strong> sofrida na partida de ida para avan\u00e7ar \u00e0 semifinal.<\/p>\n<p><strong>Veja tamb\u00e9m:<strong><br \/>\n<a href=\"https:\/\/www.gazetaesportiva.com\/todas-as-noticias\/\">Todas as not\u00edcias da Gazeta Esportiva<\/a><\/strong><br \/>\n<strong><a href=\"https:\/\/www.youtube.com\/channel\/UCcndglQZmXnYjgE_Grqt5yg\">Canal da Gazeta Esportiva no YouTube<\/a><\/strong><br \/>\n<strong><a href=\"https:\/\/www.instagram.com\/gazetaesportiva\/\">Siga a Gazeta Esportiva no Instagram<\/a><br \/>\n<\/strong><strong><a href=\"https:\/\/whatsapp.com\/channel\/0029Va9JQFL3WHTguJNfam3U\">Participe do canal da Gazeta Esportiva no WhatsApp<\/a><\/strong><\/strong><\/p>\n<h2>Pr\u00f3ximos jogos do Santos<\/h2>\n<p><strong>Jogo:<\/strong> Santos x Palmeiras<br \/>\n<strong>Competi\u00e7\u00e3o:<\/strong> Copa do Brasil (quartas de final | volta)<br \/>\n<strong>Data e hora:<\/strong> 02\/09 (quarta-feira), \u00e0s 21h30 (de Bras\u00edlia)<br \/>\n<strong>Local:<\/strong> Vila Belmiro, em Santos (SP)<\/p>\n<p><strong>Internacional x Santos<\/strong><br \/>\nCompeti\u00e7\u00e3o: Campeonato Brasileiro \u2013 26\u00aa rodada<br \/>\nData e hora: 06\/09 (domingo), \u00e0s 16h (de Bras\u00edlia)<br \/>\nLocal: Beira-Rio, em Porto Alegre (RS)<\/p>\n<div style=\"margin: 0 auto; min-width: 300px;\">\n<div style=\"position: relative; padding-bottom: 56.25%; height: 0; overflow: hidden;\"><iframe style=\"width: 300px; min-width: 100%; position: absolute; top: 0; left: 0; height: 100%; overflow: hidden;\" src=\"https:\/\/embed.onefootball.com\/iframe\/?p=eyJrZXkiOiI0d0tydjlqeSIsInAiOiJnYXpldGFlc3BvcnRpdmEiLCJwbCI6IiJ9\" width=\"100%\" frameborder=\"0\" scrolling=\"no\" allowfullscreen=\"allowfullscreen\"><\/iframe><\/div>\n<\/div>\n<p>O post <a href=\"https:\/\/www.gazetaesportiva.com\/times\/santos\/santos-quebra-tabu-corinthians-brasileirao\/\">Santos quebra jejum de cl\u00e1ssicos em 2026 e encerra tabu contra Corinthians no Brasileir\u00e3o<\/a> apareceu primeiro em <a href=\"https:\/\/www.gazetaesportiva.com\">Gazeta Esportiva<\/a>.<\/p>\n","protected":false},"excerpt":{"rendered":"<p>O Santos deixou para tr\u00e1s uma s\u00e9rie de inc\u00f4modos tabus neste domingo. Ao vencer o Corinthians por 1<\/p>\n","protected":false},"author":1,"featured_media":11241,"comment_status":"open","ping_status":"open","sticky":false,"template":"","format":"standard","meta":{"footnotes":""},"categories":[71],"tags":[],"class_list":["post-11240","post","type-post","status-publish","format-standard","has-post-thumbnail","hentry","category-esportes-news"],"_links":{"self":[{"href":"https:\/\/portalbahianoticia.com.br\/index.php?rest_route=\/wp\/v2\/posts\/11240","targetHints":{"allow":["GET"]}}],"collection":[{"href":"https:\/\/portalbahianoticia.com.br\/index.php?rest_route=\/wp\/v2\/posts"}],"about":[{"href":"https:\/\/portalbahianoticia.com.br\/index.php?rest_route=\/wp\/v2\/types\/post"}],"author":[{"embeddable":true,"href":"https:\/\/portalbahianoticia.com.br\/index.php?rest_route=\/wp\/v2\/users\/1"}],"replies":[{"embeddable":true,"href":"https:\/\/portalbahianoticia.com.br\/index.php?rest_route=%2Fwp%2Fv2%2Fcomments&post=11240"}],"version-history":[{"count":0,"href":"https:\/\/portalbahianoticia.com.br\/index.php?rest_route=\/wp\/v2\/posts\/11240\/revisions"}],"wp:featuredmedia":[{"embeddable":true,"href":"https:\/\/portalbahianoticia.com.br\/index.php?rest_route=\/wp\/v2\/media\/11241"}],"wp:attachment":[{"href":"https:\/\/portalbahianoticia.com.br\/index.php?rest_route=%2Fwp%2Fv2%2Fmedia&parent=11240"}],"wp:term":[{"taxonomy":"category","embeddable":true,"href":"https:\/\/portalbahianoticia.com.br\/index.php?rest_route=%2Fwp%2Fv2%2Fcategories&post=11240"},{"taxonomy":"post_tag","embeddable":true,"href":"https:\/\/portalbahianoticia.com.br\/index.php?rest_route=%2Fwp%2Fv2%2Ftags&post=11240"}],"curies":[{"name":"wp","href":"https:\/\/api.w.org\/{rel}","templated":true}]}}