{"id":11238,"date":"2026-08-31T07:13:06","date_gmt":"2026-08-31T10:13:06","guid":{"rendered":"https:\/\/portalbahianoticia.com.br\/?p=11238"},"modified":"2026-08-31T07:13:06","modified_gmt":"2026-08-31T10:13:06","slug":"atuacoes-do-corinthians-ninguem-se-salva-em-derrota-para-o-santos","status":"publish","type":"post","link":"https:\/\/portalbahianoticia.com.br\/?p=11238","title":{"rendered":"Atua\u00e7\u00f5es do Corinthians: ningu\u00e9m se salva em derrota para o Santos"},"content":{"rendered":"<p>O Corinthians jogou mal e foi <a href=\"https:\/\/www.gazetaesportiva.com\/campeonatos\/brasileiro-serie-a\/corinthians-x-santos-campeonato-brasileiro-30-08-2026\/\"><strong>derrotado pelo Santos na tarde do \u00faltimo domingo<\/strong><\/a>, na Neo Qu\u00edmica Arena, pela 25\u00aa rodada do Campeonato Brasileiro. Ningu\u00e9m se salvou em uma noite pouco inspirada da equipe em todos os aspectos: coletivo e individual.<\/p>\n<p>O time decepcionou na defesa e no ataque. O sistema defensivo cometeu erros e n\u00e3o passou seguran\u00e7a. No meio de campo, nenhum dos tr\u00eas jogadores que entraram em campo tiveram uma boa atua\u00e7\u00e3o.<\/p>\n<p>J\u00e1 no ataque, nenhuma das op\u00e7\u00f5es de Fernando Diniz foi bem. Dieguinho at\u00e9 tentou criar algumas chances, mas o desempenho de Kaio C\u00e9sar e Memphis decepcionou. As entradas de Gui Neg\u00e3o e Pedro Raul tamb\u00e9m n\u00e3o fizeram bem para o Corinthians.<\/p>\n<p><iframe id=\"sofa-lineups-embed-15235447\" style=\"height: 786px!important; max-width: 800px!important; width: 100%!important;\" src=\"https:\/\/widgets.sofascore.com\/pt-BR\/embed\/lineups?id=15235447&#038;widgetTheme=light\" frameborder=\"0\" scrolling=\"no\"><\/iframe><\/p>\n<div style=\"font-size: 12px; font-family: Arial,sans-serif;\"><a href=\"https:\/\/www.sofascore.com\/pt\/football\/match\/santos-corinthians\/hOstO#id:15235447\" target=\"_blank\" rel=\"noopener noreferrer\"><br \/>\nPlacar ao Vivo Corinthians \u2013 Santos<br \/>\n<\/a><\/div>\n<h2>Fase do Corinthians<\/h2>\n<p>Fora da Copa do Brasil, o Corinthians ter\u00e1 semana livre para se preparar para o jogo contra a Chapecoense. O duelo est\u00e1 agendado para o pr\u00f3ximo domingo, \u00e0s 19h30 (de Bras\u00edlia), novamente na Neo Qu\u00edmica Arena. Com a derrota no cl\u00e1ssico, o Corinthians segue na 10\u00aa posi\u00e7\u00e3o do Campeonato Brasileiro, com 32 pontos.<\/p>\n<h2>Pr\u00f3ximos jogos do Corinthians<\/h2>\n<p><strong>Jogo: Corinthians x Chapecoense<\/strong><br \/>\nCompeti\u00e7\u00e3o: Campeonato Brasileiro (26\u00aa rodada)<br \/>\nData e hora: 06\/09 (domingo), \u00e0s 19h30 (de Bras\u00edlia)<br \/>\nLocal: Neo Qu\u00edmica Arena, em S\u00e3o Paulo (SP)<\/p>\n<p><strong>Jogo: Estudiantes x Corinthians<\/strong><br \/>\nCompeti\u00e7\u00e3o: Copa Libertadores (jogo de ida das quartas de final)<br \/>\nData e hora: 09\/09 (quarta-feira), \u00e0s 21h30 (de Bras\u00edlia)<br \/>\nLocal: Est\u00e1dio Jorge Luis Hirschi, em La Plata, na Argentina<\/p>\n<div class='fotorama' data-click='false' data-nav='thumbs' data-allowfullscreen='true'><a data-caption='\n\n<div class=\"fotorama_legenda_galeria\">(Foto: Rodrigo Coca \/ Ag. Corinthians)<\/div>\n<p>&#8216; href=&#8217;https:\/\/static.gazetaesportiva.com\/uploads\/2026\/08\/248234-963&#215;1024.webp&#8217; data-thumb=&#8217;https:\/\/static.gazetaesportiva.com\/uploads\/2026\/08\/248234-963&#215;1024.webp&#8217;><\/a><a data-caption='\n\n<div class=\"fotorama_legenda_galeria\">(Foto: Rodrigo Coca \/ Ag. Corinthians)<\/div>\n<p>&#8216; href=&#8217;https:\/\/static.gazetaesportiva.com\/uploads\/2026\/08\/248236-930&#215;1024.webp&#8217; data-thumb=&#8217;https:\/\/static.gazetaesportiva.com\/uploads\/2026\/08\/248236-930&#215;1024.webp&#8217;><\/a><a data-caption='\n\n<div class=\"fotorama_legenda_galeria\">(Foto: Divulga\u00e7\u00e3o \/ Santos)<\/div>\n<p>&#8216; href=&#8217;https:\/\/static.gazetaesportiva.com\/uploads\/2026\/08\/HQ_pM9JWMAA0rhA.webp&#8217; data-thumb=&#8217;https:\/\/static.gazetaesportiva.com\/uploads\/2026\/08\/HQ_pM9JWMAA0rhA.webp&#8217;><\/a><a data-caption='\n\n<div class=\"fotorama_legenda_galeria\">(Foto: Divulga\u00e7\u00e3o \/ Santos)<\/div>\n<p>&#8216; href=&#8217;https:\/\/static.gazetaesportiva.com\/uploads\/2026\/08\/HQ_pD96XAAAjAXU-1024&#215;650.webp&#8217; data-thumb=&#8217;https:\/\/static.gazetaesportiva.com\/uploads\/2026\/08\/HQ_pD96XAAAjAXU-1024&#215;650.webp&#8217;><\/a><a data-caption='\n\n<div class=\"fotorama_legenda_galeria\">(Foto: Rodrigo Coca \/ Ag. Corinthians)<\/div>\n<p>&#8216; href=&#8217;https:\/\/static.gazetaesportiva.com\/uploads\/2026\/08\/248232-976&#215;1024.webp&#8217; data-thumb=&#8217;https:\/\/static.gazetaesportiva.com\/uploads\/2026\/08\/248232-976&#215;1024.webp&#8217;><\/a><a data-caption='\n\n<div class=\"fotorama_legenda_galeria\">(Foto: Rodrigo Coca \/ Ag. Corinthians)<\/div>\n<p>&#8216; href=&#8217;https:\/\/static.gazetaesportiva.com\/uploads\/2026\/08\/248243-993&#215;1024.webp&#8217; data-thumb=&#8217;https:\/\/static.gazetaesportiva.com\/uploads\/2026\/08\/248243-993&#215;1024.webp&#8217;><\/a><a data-caption='\n\n<div class=\"fotorama_legenda_galeria\">(Foto: Rodrigo Coca \/ Ag. Corinthians)<\/div>\n<p>&#8216; href=&#8217;https:\/\/static.gazetaesportiva.com\/uploads\/2026\/08\/248244-898&#215;1024.webp&#8217; data-thumb=&#8217;https:\/\/static.gazetaesportiva.com\/uploads\/2026\/08\/248244-898&#215;1024.webp&#8217;><\/a><a data-caption='\n\n<div class=\"fotorama_legenda_galeria\">(Foto: Rodrigo Coca \/ Ag. Corinthians)<\/div>\n<p>&#8216; href=&#8217;https:\/\/static.gazetaesportiva.com\/uploads\/2026\/08\/248248-946&#215;1024.webp&#8217; data-thumb=&#8217;https:\/\/static.gazetaesportiva.com\/uploads\/2026\/08\/248248-946&#215;1024.webp&#8217;><\/a><\/div>\n<p><\/p>\n<p><strong>Veja tamb\u00e9m:<\/strong><br \/>\n<strong><a href=\"https:\/\/www.gazetaesportiva.com\/todas-as-noticias\/\">Todas as not\u00edcias da Gazeta Esportiva<\/a><\/strong><br \/>\n<strong><a href=\"https:\/\/www.youtube.com\/channel\/UCcndglQZmXnYjgE_Grqt5yg\">Canal da Gazeta Esportiva no YouTube<\/a><\/strong><br \/>\n<strong><a href=\"https:\/\/www.instagram.com\/gazetaesportiva\/\">Siga a Gazeta Esportiva no Instagram<\/a><br \/>\n<\/strong><strong><a href=\"https:\/\/whatsapp.com\/channel\/0029Va9JQFL3WHTguJNfam3U\">Canal da Gazeta Esportiva no WhatsApp<\/a><\/strong><\/p>\n<div style=\"margin: 0 auto; min-width: 300px;\">\n<div style=\"position: relative; padding-bottom: 56.25%; height: 0; overflow: hidden;\"><iframe style=\"width: 300px; min-width: 100%; position: absolute; top: 0; left: 0; height: 100%; overflow: hidden;\" src=\"https:\/\/embed.onefootball.com\/iframe\/?p=eyJrZXkiOiIiLCJwIjoiZ2F6ZXRhZXNwb3J0aXZhIiwicGwiOiI0a2hoSjVCWCJ9\" width=\"100%\" frameborder=\"0\" scrolling=\"no\" allowfullscreen=\"allowfullscreen\"><\/iframe><\/div>\n<\/div>\n<p>\u00a0<\/p>\n<p>O post <a href=\"https:\/\/www.gazetaesportiva.com\/times\/corinthians\/atuacoes-do-corinthians-ninguem-se-salva-em-derrota-para-o-santos\/\">Atua\u00e7\u00f5es do Corinthians: ningu\u00e9m se salva em derrota para o Santos<\/a> apareceu primeiro em <a href=\"https:\/\/www.gazetaesportiva.com\">Gazeta Esportiva<\/a>.<\/p>\n","protected":false},"excerpt":{"rendered":"<p>O Corinthians jogou mal e foi derrotado pelo Santos na tarde do \u00faltimo domingo, na Neo Qu\u00edmica Arena,<\/p>\n","protected":false},"author":1,"featured_media":11239,"comment_status":"open","ping_status":"open","sticky":false,"template":"","format":"standard","meta":{"footnotes":""},"categories":[71],"tags":[],"class_list":["post-11238","post","type-post","status-publish","format-standard","has-post-thumbnail","hentry","category-esportes-news"],"_links":{"self":[{"href":"https:\/\/portalbahianoticia.com.br\/index.php?rest_route=\/wp\/v2\/posts\/11238","targetHints":{"allow":["GET"]}}],"collection":[{"href":"https:\/\/portalbahianoticia.com.br\/index.php?rest_route=\/wp\/v2\/posts"}],"about":[{"href":"https:\/\/portalbahianoticia.com.br\/index.php?rest_route=\/wp\/v2\/types\/post"}],"author":[{"embeddable":true,"href":"https:\/\/portalbahianoticia.com.br\/index.php?rest_route=\/wp\/v2\/users\/1"}],"replies":[{"embeddable":true,"href":"https:\/\/portalbahianoticia.com.br\/index.php?rest_route=%2Fwp%2Fv2%2Fcomments&post=11238"}],"version-history":[{"count":0,"href":"https:\/\/portalbahianoticia.com.br\/index.php?rest_route=\/wp\/v2\/posts\/11238\/revisions"}],"wp:featuredmedia":[{"embeddable":true,"href":"https:\/\/portalbahianoticia.com.br\/index.php?rest_route=\/wp\/v2\/media\/11239"}],"wp:attachment":[{"href":"https:\/\/portalbahianoticia.com.br\/index.php?rest_route=%2Fwp%2Fv2%2Fmedia&parent=11238"}],"wp:term":[{"taxonomy":"category","embeddable":true,"href":"https:\/\/portalbahianoticia.com.br\/index.php?rest_route=%2Fwp%2Fv2%2Fcategories&post=11238"},{"taxonomy":"post_tag","embeddable":true,"href":"https:\/\/portalbahianoticia.com.br\/index.php?rest_route=%2Fwp%2Fv2%2Ftags&post=11238"}],"curies":[{"name":"wp","href":"https:\/\/api.w.org\/{rel}","templated":true}]}}