{"id":11236,"date":"2026-08-31T07:13:07","date_gmt":"2026-08-31T10:13:07","guid":{"rendered":"https:\/\/portalbahianoticia.com.br\/?p=11236"},"modified":"2026-08-31T07:13:07","modified_gmt":"2026-08-31T10:13:07","slug":"atuacoes-do-palmeiras-carlos-miguel-evita-derrota-contra-o-mirassol","status":"publish","type":"post","link":"https:\/\/portalbahianoticia.com.br\/?p=11236","title":{"rendered":"Atua\u00e7\u00f5es do Palmeiras: Carlos Miguel evita derrota contra o Mirassol"},"content":{"rendered":"<p>O <a href=\"https:\/\/www.gazetaesportiva.com\/times\/palmeiras\/mirassol-x-palmeiras-brasileirao-2026\/\">Palmeiras empatou em 1 a 1 com o Mirassol neste domingo<\/a>, no Est\u00e1dio Jos\u00e9 Maria de Campos Maia, em Mirassol (SP), pela 25\u00aa rodada do Brasileir\u00e3o. Com o resultado, o Verd\u00e3o viu a diferen\u00e7a para o vice-l\u00edder Flamengo diminuir para quatro pontos.<\/p>\n<p>Carlos Miguel foi o destaque do Palmeiras no jogo. O goleiro fez quatro defesas, sendo tr\u00eas delas dentro da \u00e1rea, e fez uma grande interven\u00e7\u00e3o em um chute cara a cara de Gustavo Silva nos momentos finais da partida.<\/p>\n<p><iframe id=\"sofa-lineups-embed-15235439\" style=\"height: 786px!important; max-width: 800px!important; width: 100%!important;\" src=\"https:\/\/widgets.sofascore.com\/pt-BR\/embed\/lineups?id=15235439&#038;widgetTheme=light\" frameborder=\"0\" scrolling=\"no\"><\/iframe><\/p>\n<p>Artilheiro do Alviverde no ano, Flaco L\u00f3pez n\u00e3o fez um grande jogo, mas foi o melhor jogador do trio de ataque do Palmeiras com tr\u00eas finaliza\u00e7\u00f5es e um passe decisivo. Marlon Freitas foi o principal articulador de jogo do Verd\u00e3o, com 54 passes certos de 61 tentados.<\/p>\n<p>Al\u00e9m de ter sido o jogador do Palmeiras com mais a\u00e7\u00f5es defensivas (11), Gustavo G\u00f3mez deu a assist\u00eancia para o gol de Maur\u00edcio, que saiu em jogada de bola a\u00e9rea. Os destaques negativos ficam para Vitor Roque, que pouco participou do jogo, com somente 21 a\u00e7\u00f5es com bola, e Arthur, que recebeu dois amarelos e foi expulso no final da partida.<\/p>\n<div class='fotorama' data-click='false' data-nav='thumbs' data-allowfullscreen='true'><a data-caption='\n\n<div class=\"fotorama_legenda_galeria\">Foto: Cesar Greco\/Palmeiras\/by Canon<\/div>\n<p>&#8216; href=&#8217;https:\/\/static.gazetaesportiva.com\/uploads\/2026\/08\/30082026_cg_palmeiras_destaque_6573_6-1024&#215;577.webp&#8217; data-thumb=&#8217;https:\/\/static.gazetaesportiva.com\/uploads\/2026\/08\/30082026_cg_palmeiras_destaque_6573_6-1024&#215;577.webp&#8217;><\/a><a data-caption='\n\n<div class=\"fotorama_legenda_galeria\">Foto: Cesar Greco\/Palmeiras\/by Canon<\/div>\n<p>&#8216; href=&#8217;https:\/\/static.gazetaesportiva.com\/uploads\/2026\/08\/30082026_cg_palmeiras_destaque_6785_23-819&#215;1024.webp&#8217; data-thumb=&#8217;https:\/\/static.gazetaesportiva.com\/uploads\/2026\/08\/30082026_cg_palmeiras_destaque_6785_23-819&#215;1024.webp&#8217;><\/a><a data-caption='\n\n<div class=\"fotorama_legenda_galeria\">Foto: Cesar Greco\/Palmeiras\/by Canon<\/div>\n<p>&#8216; href=&#8217;https:\/\/static.gazetaesportiva.com\/uploads\/2026\/08\/30082026_cg_palmeiras_destaque_6778_22-819&#215;1024.webp&#8217; data-thumb=&#8217;https:\/\/static.gazetaesportiva.com\/uploads\/2026\/08\/30082026_cg_palmeiras_destaque_6778_22-819&#215;1024.webp&#8217;><\/a><a data-caption='\n\n<div class=\"fotorama_legenda_galeria\">Foto: Cesar Greco\/Palmeiras\/by Canon<\/div>\n<p>&#8216; href=&#8217;https:\/\/static.gazetaesportiva.com\/uploads\/2026\/08\/30082026_cg_palmeiras_destaque_6847_29-819&#215;1024.webp&#8217; data-thumb=&#8217;https:\/\/static.gazetaesportiva.com\/uploads\/2026\/08\/30082026_cg_palmeiras_destaque_6847_29-819&#215;1024.webp&#8217;><\/a><a data-caption='\n\n<div class=\"fotorama_legenda_galeria\">Foto: Cesar Greco\/Palmeiras\/by Canon<\/div>\n<p>&#8216; href=&#8217;https:\/\/static.gazetaesportiva.com\/uploads\/2026\/08\/30082026_cg_palmeiras_destaque_6823_26-819&#215;1024.webp&#8217; data-thumb=&#8217;https:\/\/static.gazetaesportiva.com\/uploads\/2026\/08\/30082026_cg_palmeiras_destaque_6823_26-819&#215;1024.webp&#8217;><\/a><a data-caption='\n\n<div class=\"fotorama_legenda_galeria\">Foto: Cesar Greco\/Palmeiras\/by Canon<\/div>\n<p>&#8216; href=&#8217;https:\/\/static.gazetaesportiva.com\/uploads\/2026\/08\/30082026_cg_palmeiras_destaque_6815_25-1024&#215;577.webp&#8217; data-thumb=&#8217;https:\/\/static.gazetaesportiva.com\/uploads\/2026\/08\/30082026_cg_palmeiras_destaque_6815_25-1024&#215;577.webp&#8217;><\/a><a data-caption='\n\n<div class=\"fotorama_legenda_galeria\">Foto: Cesar Greco\/Palmeiras\/by Canon<\/div>\n<p>&#8216; href=&#8217;https:\/\/static.gazetaesportiva.com\/uploads\/2026\/08\/30082026_cg_palmeiras_destaque_6744_19-1024&#215;577.webp&#8217; data-thumb=&#8217;https:\/\/static.gazetaesportiva.com\/uploads\/2026\/08\/30082026_cg_palmeiras_destaque_6744_19-1024&#215;577.webp&#8217;><\/a><a data-caption='\n\n<div class=\"fotorama_legenda_galeria\">Foto: Cesar Greco\/Palmeiras\/by Canon<\/div>\n<p>&#8216; href=&#8217;https:\/\/static.gazetaesportiva.com\/uploads\/2026\/08\/30082026_cg_palmeiras_destaque_6699_17-819&#215;1024.webp&#8217; data-thumb=&#8217;https:\/\/static.gazetaesportiva.com\/uploads\/2026\/08\/30082026_cg_palmeiras_destaque_6699_17-819&#215;1024.webp&#8217;><\/a><a data-caption='\n\n<div class=\"fotorama_legenda_galeria\">Foto: Cesar Greco\/Palmeiras\/by Canon<\/div>\n<p>&#8216; href=&#8217;https:\/\/static.gazetaesportiva.com\/uploads\/2026\/08\/30082026_cg_palmeiras_destaque_6613_9-1024&#215;577.webp&#8217; data-thumb=&#8217;https:\/\/static.gazetaesportiva.com\/uploads\/2026\/08\/30082026_cg_palmeiras_destaque_6613_9-1024&#215;577.webp&#8217;><\/a><a data-caption='\n\n<div class=\"fotorama_legenda_galeria\">Foto: Cesar Greco\/Palmeiras\/by Canon<\/div>\n<p>&#8216; href=&#8217;https:\/\/static.gazetaesportiva.com\/uploads\/2026\/08\/30082026_cg_palmeiras_destaque_6625_10-1024&#215;577.webp&#8217; data-thumb=&#8217;https:\/\/static.gazetaesportiva.com\/uploads\/2026\/08\/30082026_cg_palmeiras_destaque_6625_10-1024&#215;577.webp&#8217;><\/a><a data-caption='\n\n<div class=\"fotorama_legenda_galeria\">Foto: Cesar Greco\/Palmeiras\/by Canon<\/div>\n<p>&#8216; href=&#8217;https:\/\/static.gazetaesportiva.com\/uploads\/2026\/08\/30082026_cg_palmeiras_destaque_6649_12-1024&#215;577.webp&#8217; data-thumb=&#8217;https:\/\/static.gazetaesportiva.com\/uploads\/2026\/08\/30082026_cg_palmeiras_destaque_6649_12-1024&#215;577.webp&#8217;><\/a><a data-caption='\n\n<div class=\"fotorama_legenda_galeria\">Foto: Cesar Greco\/Palmeiras\/by Canon<\/div>\n<p>&#8216; href=&#8217;https:\/\/static.gazetaesportiva.com\/uploads\/2026\/08\/30082026_cg_palmeiras_destaque_6589_7-819&#215;1024.webp&#8217; data-thumb=&#8217;https:\/\/static.gazetaesportiva.com\/uploads\/2026\/08\/30082026_cg_palmeiras_destaque_6589_7-819&#215;1024.webp&#8217;><\/a><a data-caption='\n\n<div class=\"fotorama_legenda_galeria\">Foto: Cesar Greco\/Palmeiras\/by Canon<\/div>\n<p>&#8216; href=&#8217;https:\/\/static.gazetaesportiva.com\/uploads\/2026\/08\/30082026_cg_palmeiras_7068_62-1024&#215;577.webp&#8217; data-thumb=&#8217;https:\/\/static.gazetaesportiva.com\/uploads\/2026\/08\/30082026_cg_palmeiras_7068_62-1024&#215;577.webp&#8217;><\/a><a data-caption='\n\n<div class=\"fotorama_legenda_galeria\">Foto: Cesar Greco\/Palmeiras\/by Canon<\/div>\n<p>&#8216; href=&#8217;https:\/\/static.gazetaesportiva.com\/uploads\/2026\/08\/30082026_cg_palmeiras_7185_74-1.webp&#8217; data-thumb=&#8217;https:\/\/static.gazetaesportiva.com\/uploads\/2026\/08\/30082026_cg_palmeiras_7185_74-1.webp&#8217;><\/a><a data-caption='\n\n<div class=\"fotorama_legenda_galeria\">Foto: Cesar Greco\/Palmeiras\/by Canon<\/div>\n<p>&#8216; href=&#8217;https:\/\/static.gazetaesportiva.com\/uploads\/2026\/08\/30082026_cg_palmeiras_7176_70-1024&#215;577.webp&#8217; data-thumb=&#8217;https:\/\/static.gazetaesportiva.com\/uploads\/2026\/08\/30082026_cg_palmeiras_7176_70-1024&#215;577.webp&#8217;><\/a><\/div>\n<p><\/p>\n<p><strong>Veja tamb\u00e9m:<\/strong><br \/>\n<strong><a href=\"https:\/\/www.gazetaesportiva.com\/todas-as-noticias\/\">Todas as not\u00edcias da Gazeta Esportiva<\/a><\/strong><br \/>\n<strong><a href=\"https:\/\/www.youtube.com\/channel\/UCcndglQZmXnYjgE_Grqt5yg\">Canal da Gazeta Esportiva no YouTube<\/a><\/strong><br \/>\n<strong><a href=\"https:\/\/www.instagram.com\/gazetaesportiva\/\">Siga a Gazeta Esportiva no Instagram<\/a><\/strong><br \/>\n<strong><a href=\"https:\/\/whatsapp.com\/channel\/0029Va9JQFL3WHTguJNfam3U\">Canal da Gazeta Esportiva no WhatsApp<\/a><\/strong><\/p>\n<h2>Pr\u00f3ximo jogo do Palmeiras<\/h2>\n<p><strong>Jogo<\/strong>: Santos x Palmeiras<br \/>\n<strong>Competi\u00e7\u00e3o<\/strong>: Copa do Brasil (quartas de final | volta)<br \/>\n<strong>Data e hora<\/strong>: 2 de setembro de 2026 (quarta-feira), \u00e0s 21h30 (de Bras\u00edlia)<br \/>\n<strong>Local<\/strong>: Vila Belmiro, em Santos (SP)<\/p>\n<p>O post <a href=\"https:\/\/www.gazetaesportiva.com\/times\/palmeiras\/atuacoes-palmeiras-carlos-miguel-evita-derrota-empate-mirassol-2026\/\">Atua\u00e7\u00f5es do Palmeiras: Carlos Miguel evita derrota contra o Mirassol<\/a> apareceu primeiro em <a href=\"https:\/\/www.gazetaesportiva.com\">Gazeta Esportiva<\/a>.<\/p>\n","protected":false},"excerpt":{"rendered":"<p>O Palmeiras empatou em 1 a 1 com o Mirassol neste domingo, no Est\u00e1dio Jos\u00e9 Maria de Campos<\/p>\n","protected":false},"author":1,"featured_media":11237,"comment_status":"open","ping_status":"open","sticky":false,"template":"","format":"standard","meta":{"footnotes":""},"categories":[71],"tags":[],"class_list":["post-11236","post","type-post","status-publish","format-standard","has-post-thumbnail","hentry","category-esportes-news"],"_links":{"self":[{"href":"https:\/\/portalbahianoticia.com.br\/index.php?rest_route=\/wp\/v2\/posts\/11236","targetHints":{"allow":["GET"]}}],"collection":[{"href":"https:\/\/portalbahianoticia.com.br\/index.php?rest_route=\/wp\/v2\/posts"}],"about":[{"href":"https:\/\/portalbahianoticia.com.br\/index.php?rest_route=\/wp\/v2\/types\/post"}],"author":[{"embeddable":true,"href":"https:\/\/portalbahianoticia.com.br\/index.php?rest_route=\/wp\/v2\/users\/1"}],"replies":[{"embeddable":true,"href":"https:\/\/portalbahianoticia.com.br\/index.php?rest_route=%2Fwp%2Fv2%2Fcomments&post=11236"}],"version-history":[{"count":0,"href":"https:\/\/portalbahianoticia.com.br\/index.php?rest_route=\/wp\/v2\/posts\/11236\/revisions"}],"wp:featuredmedia":[{"embeddable":true,"href":"https:\/\/portalbahianoticia.com.br\/index.php?rest_route=\/wp\/v2\/media\/11237"}],"wp:attachment":[{"href":"https:\/\/portalbahianoticia.com.br\/index.php?rest_route=%2Fwp%2Fv2%2Fmedia&parent=11236"}],"wp:term":[{"taxonomy":"category","embeddable":true,"href":"https:\/\/portalbahianoticia.com.br\/index.php?rest_route=%2Fwp%2Fv2%2Fcategories&post=11236"},{"taxonomy":"post_tag","embeddable":true,"href":"https:\/\/portalbahianoticia.com.br\/index.php?rest_route=%2Fwp%2Fv2%2Ftags&post=11236"}],"curies":[{"name":"wp","href":"https:\/\/api.w.org\/{rel}","templated":true}]}}