{"id":11220,"date":"2026-08-31T03:13:05","date_gmt":"2026-08-31T06:13:05","guid":{"rendered":"https:\/\/portalbahianoticia.com.br\/?p=11220"},"modified":"2026-08-31T03:13:05","modified_gmt":"2026-08-31T06:13:05","slug":"asa-e-uberlandia-avancam-as-finais-da-serie-d-do-brasileirao","status":"publish","type":"post","link":"https:\/\/portalbahianoticia.com.br\/?p=11220","title":{"rendered":"ASA e Uberl\u00e2ndia avan\u00e7am \u00e0s finais da S\u00e9rie D do Brasileir\u00e3o"},"content":{"rendered":"<p>Dois empates neste domingo (30) definiram os finalistas da S\u00e9rie D do Campeonato Brasileiro de 2026. No Distrito Federal, o ASA empatou o Gama por 0 a 0 e garantiu sua vaga, j\u00e1 que havia vencido o jogo de ida em casa por 2 a 0. Na outra partida das semifinais, no Rio Grande do Norte, o Uberl\u00e2ndia ficou no 1 a 1 com o ABC e tamb\u00e9m se garantiu, gra\u00e7as \u00e0 vit\u00f3ria por 1 a 0 no jogo de ida no Tri\u00e2ngulo Mineiro.<\/p>\n<h2>Situa\u00e7\u00e3o do confronto<\/h2>\n<p>Com os resultados, ASA e Uberl\u00e2ndia decidir\u00e3o o t\u00edtulo da S\u00e9rie D. Vale destacar que Gama e ABC, mesmo eliminados nas semifinais, tamb\u00e9m foram promovidos \u00e0 S\u00e9rie C de 2027.<\/p>\n<h2><img decoding=\"async\" src=\"https:\/\/s.w.org\/images\/core\/emoji\/17.0.2\/72x72\/1f4cb.png\" alt=\"\ud83d\udccb\" class=\"wp-smiley\" style=\"height: 1em; max-height: 1em;\" \/> Resumo do jogo<\/h2>\n<p><strong><img decoding=\"async\" src=\"https:\/\/s.w.org\/images\/core\/emoji\/17.0.2\/72x72\/26ab.png\" alt=\"\u26ab\" class=\"wp-smiley\" style=\"height: 1em; max-height: 1em;\" \/>\u00a0<img decoding=\"async\" src=\"https:\/\/s.w.org\/images\/core\/emoji\/17.0.2\/72x72\/26aa.png\" alt=\"\u26aa\" class=\"wp-smiley\" style=\"height: 1em; max-height: 1em;\" \/> ABC 1 x 1 UBERL\u00c2NDIA<span style=\"font-weight: 400;\"><img decoding=\"async\" src=\"https:\/\/s.w.org\/images\/core\/emoji\/17.0.2\/72x72\/1f7e2.png\" alt=\"\ud83d\udfe2\" class=\"wp-smiley\" style=\"height: 1em; max-height: 1em;\" \/><\/span><img decoding=\"async\" src=\"https:\/\/s.w.org\/images\/core\/emoji\/17.0.2\/72x72\/26aa.png\" alt=\"\u26aa\" class=\"wp-smiley\" style=\"height: 1em; max-height: 1em;\" \/><\/strong><\/p>\n<p><img decoding=\"async\" src=\"https:\/\/s.w.org\/images\/core\/emoji\/17.0.2\/72x72\/1f3c6.png\" alt=\"\ud83c\udfc6\" class=\"wp-smiley\" style=\"height: 1em; max-height: 1em;\" \/> Competi\u00e7\u00e3o: Brasileiro S\u00e9rie D \u2013 semifinais<br \/>\n<img decoding=\"async\" src=\"https:\/\/s.w.org\/images\/core\/emoji\/17.0.2\/72x72\/1f3df.png\" alt=\"\ud83c\udfdf\" class=\"wp-smiley\" style=\"height: 1em; max-height: 1em;\" \/> Local: Arena das Dunas, em Natal (RN)<br \/>\n<img decoding=\"async\" src=\"https:\/\/s.w.org\/images\/core\/emoji\/17.0.2\/72x72\/1f4c5.png\" alt=\"\ud83d\udcc5\" class=\"wp-smiley\" style=\"height: 1em; max-height: 1em;\" \/> Data: 30 de agosto de 2026 (domingo)<br \/>\n<img decoding=\"async\" src=\"https:\/\/s.w.org\/images\/core\/emoji\/17.0.2\/72x72\/23f0.png\" alt=\"\u23f0\" class=\"wp-smiley\" style=\"height: 1em; max-height: 1em;\" \/> Hor\u00e1rio: 17h (de Bras\u00edlia)<\/p>\n<div class=\"dugout-video dugout-embed-eyJrZXkiOiIiLCJwIjoiZ2F6ZXRhZXNwb3J0aXZhIiwicGwiOiI0a2hoSjVCWCJ9\"><\/div>\n<p><script src=\"https:\/\/embed.onefootball.com\/inline\/gazetaesportiva.js\" type=\"text\/javascript\"><\/script><\/p>\n<h2>Gols<\/h2>\n<p><img decoding=\"async\" src=\"https:\/\/s.w.org\/images\/core\/emoji\/17.0.2\/72x72\/26bd.png\" alt=\"\u26bd\" class=\"wp-smiley\" style=\"height: 1em; max-height: 1em;\" \/> Jhosefer, ao 14\u2032 do 2\u00baT (ABC)<br \/>\n<img decoding=\"async\" src=\"https:\/\/s.w.org\/images\/core\/emoji\/17.0.2\/72x72\/26bd.png\" alt=\"\u26bd\" class=\"wp-smiley\" style=\"height: 1em; max-height: 1em;\" \/> Tomas Bastos, ao 31\u2032 do 2\u00baT (Uberl\u00e2ndia)<\/p>\n<h2>Como foi o jogo<\/h2>\n<p>Depois de um primeiro tempo sem gols, foi o ABC quem conseguiu tirar o zero do placar. Aos 14 minutos, Wallyson cobrou falta pela direita e Jhosefer levou a melhor sobre a marca\u00e7\u00e3o, cabeceando para as redes.<\/p>\n<p>Mas o Uberl\u00e2ndia acabou com a festa abecedista ao empatar o jogo aos 31 minutos: Tomar Bastos avan\u00e7ou pela direita e arriscou de longe, contando com a falha do goleiro Matheus Alves para garantir o resultado.<\/p>\n<h2>No DF, ASA empata e avan\u00e7a<\/h2>\n<p>No Bezerr\u00e3o, no Gama (DF), o ASA ficou no 0 a 0 com o Gama e tamb\u00e9m avan\u00e7ou, gra\u00e7as \u00e0 vit\u00f3ria por 2 a 0 no jogo de ida em Arapiraca (AL). O atacante Luan, do Gama, foi expulso no fim do jogo ap\u00f3s atingir uma cotovelada em Allef, do ASA. O lance deu in\u00edcio a uma confus\u00e3o generalizada, o que levou a arbitragem a encerrar a partida.<\/p>\n<h2>Pr\u00f3ximos jogos<\/h2>\n<p>As finais da S\u00e9rie D do Brasileiro acontecem nos dias 6 e 13 de setembro, conforme calend\u00e1rios da CBF. A entidade, no entanto, ainda deve divulgar mandos, est\u00e1dios e hor\u00e1rios das partidas.<\/p>\n<p><strong>Veja tamb\u00e9m:<\/strong><\/p>\n<p><strong><a href=\"https:\/\/www.gazetaesportiva.com\/todas-as-noticias\/\">Todas as not\u00edcias da Gazeta Esportiva<\/a><\/strong><br \/>\n<strong><a href=\"https:\/\/www.youtube.com\/channel\/UCcndglQZmXnYjgE_Grqt5yg\">Canal da Gazeta Esportiva no YouTube<\/a><\/strong><br \/>\n<strong><a href=\"https:\/\/www.instagram.com\/gazetaesportiva\/\">Siga a Gazeta Esportiva no Instagram<\/a><br \/>\n<\/strong><strong><a href=\"https:\/\/whatsapp.com\/channel\/0029Va9JQFL3WHTguJNfam3U\">Participe do canal da Gazeta Esportiva no WhatsApp<\/a><\/strong><\/p>\n<p>O post <a href=\"https:\/\/www.gazetaesportiva.com\/todas-as-noticias\/asa-e-uberlandia-avancam-as-finais-da-serie-d-do-brasileirao\/\">ASA e Uberl\u00e2ndia avan\u00e7am \u00e0s finais da S\u00e9rie D do Brasileir\u00e3o<\/a> apareceu primeiro em <a href=\"https:\/\/www.gazetaesportiva.com\">Gazeta Esportiva<\/a>.<\/p>\n","protected":false},"excerpt":{"rendered":"<p>Dois empates neste domingo (30) definiram os finalistas da S\u00e9rie D do Campeonato Brasileiro de 2026. No Distrito<\/p>\n","protected":false},"author":1,"featured_media":11221,"comment_status":"open","ping_status":"open","sticky":false,"template":"","format":"standard","meta":{"footnotes":""},"categories":[71],"tags":[],"class_list":["post-11220","post","type-post","status-publish","format-standard","has-post-thumbnail","hentry","category-esportes-news"],"_links":{"self":[{"href":"https:\/\/portalbahianoticia.com.br\/index.php?rest_route=\/wp\/v2\/posts\/11220","targetHints":{"allow":["GET"]}}],"collection":[{"href":"https:\/\/portalbahianoticia.com.br\/index.php?rest_route=\/wp\/v2\/posts"}],"about":[{"href":"https:\/\/portalbahianoticia.com.br\/index.php?rest_route=\/wp\/v2\/types\/post"}],"author":[{"embeddable":true,"href":"https:\/\/portalbahianoticia.com.br\/index.php?rest_route=\/wp\/v2\/users\/1"}],"replies":[{"embeddable":true,"href":"https:\/\/portalbahianoticia.com.br\/index.php?rest_route=%2Fwp%2Fv2%2Fcomments&post=11220"}],"version-history":[{"count":0,"href":"https:\/\/portalbahianoticia.com.br\/index.php?rest_route=\/wp\/v2\/posts\/11220\/revisions"}],"wp:featuredmedia":[{"embeddable":true,"href":"https:\/\/portalbahianoticia.com.br\/index.php?rest_route=\/wp\/v2\/media\/11221"}],"wp:attachment":[{"href":"https:\/\/portalbahianoticia.com.br\/index.php?rest_route=%2Fwp%2Fv2%2Fmedia&parent=11220"}],"wp:term":[{"taxonomy":"category","embeddable":true,"href":"https:\/\/portalbahianoticia.com.br\/index.php?rest_route=%2Fwp%2Fv2%2Fcategories&post=11220"},{"taxonomy":"post_tag","embeddable":true,"href":"https:\/\/portalbahianoticia.com.br\/index.php?rest_route=%2Fwp%2Fv2%2Ftags&post=11220"}],"curies":[{"name":"wp","href":"https:\/\/api.w.org\/{rel}","templated":true}]}}