{"id":11218,"date":"2026-08-31T03:13:06","date_gmt":"2026-08-31T06:13:06","guid":{"rendered":"https:\/\/portalbahianoticia.com.br\/?p=11218"},"modified":"2026-08-31T03:13:06","modified_gmt":"2026-08-31T06:13:06","slug":"inter-de-milao-assume-lideranca-do-italiano-napoli-perde-em-casa","status":"publish","type":"post","link":"https:\/\/portalbahianoticia.com.br\/?p=11218","title":{"rendered":"Inter de Mil\u00e3o assume lideran\u00e7a do Italiano; Napoli perde em casa"},"content":{"rendered":"<p>A Inter de Mil\u00e3o, atual campe\u00e3, assumiu a lideran\u00e7a do Campeonato Italiano ao derrotar o Cagliari por 1 a 0 neste domingo (30), que tamb\u00e9m teve a vit\u00f3ria do Como sobre o Napoli por 2 a 1 em pleno est\u00e1dio Diego Maradona.<\/p>\n<blockquote class=\"twitter-tweet\">\n<p dir=\"ltr\" lang=\"in\">Benji e Calha <img decoding=\"async\" src=\"https:\/\/s.w.org\/images\/core\/emoji\/17.0.2\/72x72\/1f5a4.png\" alt=\"\ud83d\udda4\" class=\"wp-smiley\" style=\"height: 1em; max-height: 1em;\" \/><img decoding=\"async\" src=\"https:\/\/s.w.org\/images\/core\/emoji\/17.0.2\/72x72\/1f499.png\" alt=\"\ud83d\udc99\" class=\"wp-smiley\" style=\"height: 1em; max-height: 1em;\" \/> <a href=\"https:\/\/t.co\/pPQIROHraQ\">pic.twitter.com\/pPQIROHraQ<\/a><\/p>\n<p>\u2014 Inter <img decoding=\"async\" src=\"https:\/\/s.w.org\/images\/core\/emoji\/17.0.2\/72x72\/2b50.png\" alt=\"\u2b50\" class=\"wp-smiley\" style=\"height: 1em; max-height: 1em;\" \/><img decoding=\"async\" src=\"https:\/\/s.w.org\/images\/core\/emoji\/17.0.2\/72x72\/2b50.png\" alt=\"\u2b50\" class=\"wp-smiley\" style=\"height: 1em; max-height: 1em;\" \/> (@Inter) <a href=\"https:\/\/x.com\/Inter\/status\/2094190931188797586?ref_src=twsrc%5Etfw\">August 30, 2026<\/a><\/p>\n<\/blockquote>\n<p><script async src=\"https:\/\/platform.x.com\/widgets.js\" charset=\"utf-8\"><\/script><\/p>\n<h2>Vit\u00f3ria Nerazzurri<\/h2>\n<p>O autor do \u00fanico gol interista na Sardenha foi o turco Hakan Calhanoglu, que na semana passada havia aberto o placar na goleada sobre o Monza pela 1\u00aa rodada e agora \u00e9 o artilheiro da competi\u00e7\u00e3o.<\/p>\n<p>Calhanoglu marcou aos nove minutos batendo rasteiro depois de receber um passe de Nicol\u00f2 Barella. Foi o suficiente para garantir os tr\u00eas pontos para a Inter em um jogo sem grandes emo\u00e7\u00f5es.<\/p>\n<p>Os \u2018nerazzurri\u2019 dominaram amplamente at\u00e9 o in\u00edcio do segundo tempo, mas tiveram bastante dificuldade nos 30 minutos finais diante da press\u00e3o do Cagliari (13\u00ba colocado, 3 pontos).<\/p>\n<p>\u201cSofremos muito no segundo tempo. Ainda temos trabalho a fazer, especialmente antes dos nossos pr\u00f3ximos dois jogos\u201d, disse o defensor franc\u00eas Benjamin Pavard, j\u00e1 pensando nos confrontos que a Inter ter\u00e1 no in\u00edcio de setembro contra Napoli e o Real Madrid.<\/p>\n<p>Com seis pontos, o time lombardo lidera o campeonato gra\u00e7as a um melhor saldo de gols em rela\u00e7\u00e3o a Milan, Juventus e Lazio, que tamb\u00e9m venceram nas duas primeiras rodadas.<\/p>\n<p>No entanto, a Roma, que terminou a 1\u00aa rodada na lideran\u00e7a, tem a chance de retornar ao topo da tabela se vencer o Lecce fora de casa na segunda-feira.<\/p>\n<h2>Primeira derrota do Napoli<\/h2>\n<p>No grande jogo da rodada da Serie A neste fim de semana, o primeiro entre equipes que representam a It\u00e1lia na Liga dos Campe\u00f5es desta temporada, o Como venceu o Napoli por 2 a 1 fora de casa.<\/p>\n<p>O espanhol Cesc F\u00e0bregas, t\u00e9cnico do Como, venceu o duelo t\u00e1tico contra o experiente Massimiliano Allegri, que assumiu o Napoli ap\u00f3s a sa\u00edda de Antonio Conte e fazia sua estreia diante da nova torcida neste domingo.<\/p>\n<p>Em jogo disputado sob calor sufocante, os visitantes abriram o placar aos 17 minutos com o croata Martin Baturina.<\/p>\n<p>O dinamarqu\u00eas Rasmus Hojlund empatou para os napolitanos aos 30 minutos em uma jogada individual, mas pouco depois o grego Anastasios Douvikas (34\u2032) colocou o Como novamente em vantagem.<\/p>\n<p>\u201cEsta vit\u00f3ria, neste est\u00e1dio, significa muito para mim (\u2026) Tenho muito orgulho da minha equipe. Foi dif\u00edcil com este calor e eles corresponderam; s\u00e3o her\u00f3is\u201d, disse F\u00e0bregas \u00e0 plataforma DAZN.<\/p>\n<p>Ap\u00f3s um empate na 1\u00aa rodada com a Udinese, o Como conquista sua primeira vit\u00f3ria e sobe provisoriamente para a sexta posi\u00e7\u00e3o, enquanto o Napoli (11\u00ba, 3 pontos) fica no meio da tabela.<\/p>\n<p>\u201cPrecisamos ser mais agressivos na defesa. Praticamente demos os dois gols de presente para eles, especialmente o segundo. No in\u00edcio da temporada, o time que comete menos erros \u00e9 o que vence as partidas\u201d, lamentou Allegri.<\/p>\n<p><strong>*Conte\u00fado produzido pela AFP<\/strong><\/p>\n<p><strong>Veja tamb\u00e9m:<\/strong><br \/>\n<strong><a href=\"https:\/\/www.gazetaesportiva.com\/todas-as-noticias\/\">Todas as not\u00edcias da Gazeta Esportiva<\/a><\/strong><br \/>\n<strong><a href=\"https:\/\/www.youtube.com\/channel\/UCcndglQZmXnYjgE_Grqt5yg\">Canal da Gazeta Esportiva no YouTube<\/a><\/strong><br \/>\n<strong><a href=\"https:\/\/www.instagram.com\/gazetaesportiva\/\">Siga a Gazeta Esportiva no Instagram<\/a><br \/>\n<\/strong><strong><a href=\"https:\/\/whatsapp.com\/channel\/0029Va9JQFL3WHTguJNfam3U\">Participe do canal da Gazeta Esportiva no WhatsApp<\/a>\u00a0<\/strong><\/p>\n<p>O post <a href=\"https:\/\/www.gazetaesportiva.com\/times\/internazionale\/inter-de-milao-assume-lideranca-do-italiano-napoli-perde-em-casa\/\">Inter de Mil\u00e3o assume lideran\u00e7a do Italiano; Napoli perde em casa<\/a> apareceu primeiro em <a href=\"https:\/\/www.gazetaesportiva.com\">Gazeta Esportiva<\/a>.<\/p>\n","protected":false},"excerpt":{"rendered":"<p>A Inter de Mil\u00e3o, atual campe\u00e3, assumiu a lideran\u00e7a do Campeonato Italiano ao derrotar o Cagliari por 1<\/p>\n","protected":false},"author":1,"featured_media":11219,"comment_status":"open","ping_status":"open","sticky":false,"template":"","format":"standard","meta":{"footnotes":""},"categories":[71],"tags":[],"class_list":["post-11218","post","type-post","status-publish","format-standard","has-post-thumbnail","hentry","category-esportes-news"],"_links":{"self":[{"href":"https:\/\/portalbahianoticia.com.br\/index.php?rest_route=\/wp\/v2\/posts\/11218","targetHints":{"allow":["GET"]}}],"collection":[{"href":"https:\/\/portalbahianoticia.com.br\/index.php?rest_route=\/wp\/v2\/posts"}],"about":[{"href":"https:\/\/portalbahianoticia.com.br\/index.php?rest_route=\/wp\/v2\/types\/post"}],"author":[{"embeddable":true,"href":"https:\/\/portalbahianoticia.com.br\/index.php?rest_route=\/wp\/v2\/users\/1"}],"replies":[{"embeddable":true,"href":"https:\/\/portalbahianoticia.com.br\/index.php?rest_route=%2Fwp%2Fv2%2Fcomments&post=11218"}],"version-history":[{"count":0,"href":"https:\/\/portalbahianoticia.com.br\/index.php?rest_route=\/wp\/v2\/posts\/11218\/revisions"}],"wp:featuredmedia":[{"embeddable":true,"href":"https:\/\/portalbahianoticia.com.br\/index.php?rest_route=\/wp\/v2\/media\/11219"}],"wp:attachment":[{"href":"https:\/\/portalbahianoticia.com.br\/index.php?rest_route=%2Fwp%2Fv2%2Fmedia&parent=11218"}],"wp:term":[{"taxonomy":"category","embeddable":true,"href":"https:\/\/portalbahianoticia.com.br\/index.php?rest_route=%2Fwp%2Fv2%2Fcategories&post=11218"},{"taxonomy":"post_tag","embeddable":true,"href":"https:\/\/portalbahianoticia.com.br\/index.php?rest_route=%2Fwp%2Fv2%2Ftags&post=11218"}],"curies":[{"name":"wp","href":"https:\/\/api.w.org\/{rel}","templated":true}]}}