{"id":11202,"date":"2026-08-30T23:12:48","date_gmt":"2026-08-31T02:12:48","guid":{"rendered":"https:\/\/portalbahianoticia.com.br\/?p=11202"},"modified":"2026-08-30T23:12:48","modified_gmt":"2026-08-31T02:12:48","slug":"aston-villa-x-arsenal-provaveis-escalacoes-e-onde-assistir-ao-jogo-pelo-ingles","status":"publish","type":"post","link":"https:\/\/portalbahianoticia.com.br\/?p=11202","title":{"rendered":"Aston Villa x Arsenal: prov\u00e1veis escala\u00e7\u00f5es e onde assistir ao jogo pelo Ingl\u00eas"},"content":{"rendered":"<p>Nesta segunda-feira, Aston Villa e Arsenal se enfrentam pela 2\u00aa rodada do Campeonato Ingl\u00eas. A partida ser\u00e1 realizada \u00e0s 16h (de Bras\u00edlia), no Villa Park, em Birmingham, na Inglaterra.<\/p>\n<h2><b>Onde assistir Aston Villa x Arsenal ao vivo?<\/b><\/h2>\n<p>A partida ter\u00e1 transmiss\u00e3o da <b><i>ESPN<\/i><\/b> (TV fechada) e do <b><i>Disney+<\/i><\/b> (streaming).<\/p>\n<p><strong>Veja tamb\u00e9m:<\/strong><br \/>\n<strong><a href=\"https:\/\/www.gazetaesportiva.com\/todas-as-noticias\/\">Todas as not\u00edcias da Gazeta Esportiva<\/a><\/strong><br \/>\n<strong><a href=\"https:\/\/www.youtube.com\/channel\/UCcndglQZmXnYjgE_Grqt5yg\">Canal da Gazeta Esportiva no YouTube<\/a><\/strong><br \/>\n<strong><a href=\"https:\/\/www.instagram.com\/gazetaesportiva\/\">Siga a Gazeta Esportiva no Instagram<\/a><\/strong><\/p>\n<h2><b>Como chegam as equipes<\/b><\/h2>\n<p>O Aston Villa tenta se recuperar ap\u00f3s a dura derrota por 4 a 0 para o Brighton na estreia da Premier League. A equipe de Unai Emery ainda lida com desfalques importantes e busca seus primeiros pontos diante da torcida.<\/p>\n<p>J\u00e1 o Arsenal come\u00e7ou a defesa do t\u00edtulo ingl\u00eas com vit\u00f3ria por 3 a 0 sobre o Coventry. Os Gunners chegam embalados, ocupando as primeiras posi\u00e7\u00f5es da tabela e buscando manter os 100% de aproveitamento.<\/p>\n<h2><b>Prov\u00e1veis escala\u00e7\u00f5es<\/b><\/h2>\n<h3><img decoding=\"async\" src=\"https:\/\/s.w.org\/images\/core\/emoji\/17.0.2\/72x72\/1f535.png\" alt=\"\ud83d\udd35\" class=\"wp-smiley\" style=\"height: 1em; max-height: 1em;\" \/><img decoding=\"async\" src=\"https:\/\/s.w.org\/images\/core\/emoji\/17.0.2\/72x72\/1f7e1.png\" alt=\"\ud83d\udfe1\" class=\"wp-smiley\" style=\"height: 1em; max-height: 1em;\" \/>\u00a0<b>Aston Villa <img decoding=\"async\" src=\"https:\/\/s.w.org\/images\/core\/emoji\/17.0.2\/72x72\/1f7e1.png\" alt=\"\ud83d\udfe1\" class=\"wp-smiley\" style=\"height: 1em; max-height: 1em;\" \/><\/b><img decoding=\"async\" src=\"https:\/\/s.w.org\/images\/core\/emoji\/17.0.2\/72x72\/1f535.png\" alt=\"\ud83d\udd35\" class=\"wp-smiley\" style=\"height: 1em; max-height: 1em;\" \/><\/h3>\n<p>Bizot; Cash, Pau Torres, Lindel\u00f6f e Maatsen; Barkley, Kamara; McGinn, Bogarde, Hemmings; Buend\u00eda.<br \/>\n<b>T\u00e9cnico:<\/b> Unai Emery.<\/p>\n<h3><img decoding=\"async\" src=\"https:\/\/s.w.org\/images\/core\/emoji\/17.0.2\/72x72\/1f534.png\" alt=\"\ud83d\udd34\" class=\"wp-smiley\" style=\"height: 1em; max-height: 1em;\" \/><img decoding=\"async\" src=\"https:\/\/s.w.org\/images\/core\/emoji\/17.0.2\/72x72\/26aa.png\" alt=\"\u26aa\" class=\"wp-smiley\" style=\"height: 1em; max-height: 1em;\" \/><b>Arsenal<\/b><img decoding=\"async\" src=\"https:\/\/s.w.org\/images\/core\/emoji\/17.0.2\/72x72\/26aa.png\" alt=\"\u26aa\" class=\"wp-smiley\" style=\"height: 1em; max-height: 1em;\" \/><img decoding=\"async\" src=\"https:\/\/s.w.org\/images\/core\/emoji\/17.0.2\/72x72\/1f534.png\" alt=\"\ud83d\udd34\" class=\"wp-smiley\" style=\"height: 1em; max-height: 1em;\" \/><\/h3>\n<p>David Raya; Ben White, Mosquera, Gabriel Magalh\u00e3es e Calafiori; Declan Rice, Lewis-Skelly e Odegaard; Saka, Havertz e Tzolis.<br \/>\n<b>T\u00e9cnico:<\/b> Mikel Arteta.<\/p>\n<h2><b>Arbitragem<\/b><\/h2>\n<p>Jarred Gillett ser\u00e1 o \u00e1rbitro do confronto.<\/p>\n<h2><b>Ficha t\u00e9cnica<\/b><\/h2>\n<p><b>Confronto:<\/b> Aston Villa x Arsenal<br \/>\n<b>Competi\u00e7\u00e3o:<\/b> Campeonato Ingl\u00eas \u2013 2\u00aa rodada<br \/>\n<b>Data e hor\u00e1rio:<\/b> segunda-feira, 31 de agosto de 2026, \u00e0s 16h (de Bras\u00edlia)<br \/>\n<b>Local:<\/b> Villa Park, Birmingham (ING)<br \/>\n<b>Transmiss\u00e3o:<\/b> ESPN e Disney+<\/p>\n<div class=\"dugout-video dugout-embed-eyJrZXkiOiIiLCJwIjoiZ2F6ZXRhZXNwb3J0aXZhIiwicGwiOiI0a2hoSjVCWCJ9\"><\/div>\n<p><script type=\"text\/javascript\" src=\"https:\/\/embed.onefootball.com\/inline\/gazetaesportiva.js\"><\/script><\/p>\n<p>O post <a href=\"https:\/\/www.gazetaesportiva.com\/campeonatos\/premier-league\/aston-villa-x-arsenal-onde-assistir-premier-league-2026\/\">Aston Villa x Arsenal: prov\u00e1veis escala\u00e7\u00f5es e onde assistir ao jogo pelo Ingl\u00eas<\/a> apareceu primeiro em <a href=\"https:\/\/www.gazetaesportiva.com\">Gazeta Esportiva<\/a>.<\/p>\n","protected":false},"excerpt":{"rendered":"<p>Nesta segunda-feira, Aston Villa e Arsenal se enfrentam pela 2\u00aa rodada do Campeonato Ingl\u00eas. A partida ser\u00e1 realizada<\/p>\n","protected":false},"author":1,"featured_media":11203,"comment_status":"open","ping_status":"open","sticky":false,"template":"","format":"standard","meta":{"footnotes":""},"categories":[71],"tags":[],"class_list":["post-11202","post","type-post","status-publish","format-standard","has-post-thumbnail","hentry","category-esportes-news"],"_links":{"self":[{"href":"https:\/\/portalbahianoticia.com.br\/index.php?rest_route=\/wp\/v2\/posts\/11202","targetHints":{"allow":["GET"]}}],"collection":[{"href":"https:\/\/portalbahianoticia.com.br\/index.php?rest_route=\/wp\/v2\/posts"}],"about":[{"href":"https:\/\/portalbahianoticia.com.br\/index.php?rest_route=\/wp\/v2\/types\/post"}],"author":[{"embeddable":true,"href":"https:\/\/portalbahianoticia.com.br\/index.php?rest_route=\/wp\/v2\/users\/1"}],"replies":[{"embeddable":true,"href":"https:\/\/portalbahianoticia.com.br\/index.php?rest_route=%2Fwp%2Fv2%2Fcomments&post=11202"}],"version-history":[{"count":0,"href":"https:\/\/portalbahianoticia.com.br\/index.php?rest_route=\/wp\/v2\/posts\/11202\/revisions"}],"wp:featuredmedia":[{"embeddable":true,"href":"https:\/\/portalbahianoticia.com.br\/index.php?rest_route=\/wp\/v2\/media\/11203"}],"wp:attachment":[{"href":"https:\/\/portalbahianoticia.com.br\/index.php?rest_route=%2Fwp%2Fv2%2Fmedia&parent=11202"}],"wp:term":[{"taxonomy":"category","embeddable":true,"href":"https:\/\/portalbahianoticia.com.br\/index.php?rest_route=%2Fwp%2Fv2%2Fcategories&post=11202"},{"taxonomy":"post_tag","embeddable":true,"href":"https:\/\/portalbahianoticia.com.br\/index.php?rest_route=%2Fwp%2Fv2%2Ftags&post=11202"}],"curies":[{"name":"wp","href":"https:\/\/api.w.org\/{rel}","templated":true}]}}