{"id":11200,"date":"2026-08-30T23:12:49","date_gmt":"2026-08-31T02:12:49","guid":{"rendered":"https:\/\/portalbahianoticia.com.br\/?p=11200"},"modified":"2026-08-30T23:12:49","modified_gmt":"2026-08-31T02:12:49","slug":"fortaleza-x-operario-pr-pela-serie-b-do-brasileiro-veja-provaveis-escalacoes-e-onde-assistir","status":"publish","type":"post","link":"https:\/\/portalbahianoticia.com.br\/?p=11200","title":{"rendered":"Fortaleza x Oper\u00e1rio-PR pela S\u00e9rie B do Brasileiro: veja prov\u00e1veis escala\u00e7\u00f5es e onde assistir"},"content":{"rendered":"<p>Nesta segunda-feira, Fortaleza e Oper\u00e1rio-PR se enfrentam pela 25\u00aa rodada da S\u00e9rie B do Campeonato Brasileiro. A partida ser\u00e1 realizada \u00e0s 19h30 (de Bras\u00edlia), na Arena Castel\u00e3o, em Fortaleza (CE).<\/p>\n<h2><b>Onde assistir Fortaleza x Oper\u00e1rio-PR ao vivo?<\/b><\/h2>\n<p>O confronto ter\u00e1 transmiss\u00e3o da <b><i>ESPN<\/i><\/b> (TV fechada) e do <b><i>Disney+<\/i><\/b> (streaming).<\/p>\n<p><strong>Veja tamb\u00e9m:<\/strong><br \/>\n<strong><a href=\"https:\/\/www.gazetaesportiva.com\/todas-as-noticias\/\">Todas as not\u00edcias da Gazeta Esportiva<\/a><\/strong><br \/>\n<strong><a href=\"https:\/\/www.youtube.com\/channel\/UCcndglQZmXnYjgE_Grqt5yg\">Canal da Gazeta Esportiva no YouTube<\/a><\/strong><br \/>\n<strong><a href=\"https:\/\/www.instagram.com\/gazetaesportiva\/\">Siga a Gazeta Esportiva no Instagram<\/a><\/strong><\/p>\n<h2><b>Como chegam as equipes<\/b><\/h2>\n<p>O Fortaleza ocupa a quinta coloca\u00e7\u00e3o da S\u00e9rie B, com 40 pontos, e vive bom momento na competi\u00e7\u00e3o. O Le\u00e3o est\u00e1 invicto h\u00e1 cinco partidas, com duas vit\u00f3rias e tr\u00eas empates, incluindo triunfo por 2 a 0 sobre o Crici\u00fama na rodada passada.<\/p>\n<p>J\u00e1 o Oper\u00e1rio-PR aparece na oitava posi\u00e7\u00e3o, com 36 pontos. O Fantasma atravessa uma sequ\u00eancia de cinco jogos sem vencer, somando quatro derrotas e um empate, e busca recupera\u00e7\u00e3o para continuar na briga pelo acesso.<\/p>\n<h2><b>Prov\u00e1veis escala\u00e7\u00f5es<\/b><\/h2>\n<h3><img decoding=\"async\" src=\"https:\/\/s.w.org\/images\/core\/emoji\/17.0.2\/72x72\/1f535.png\" alt=\"\ud83d\udd35\" class=\"wp-smiley\" style=\"height: 1em; max-height: 1em;\" \/><img decoding=\"async\" src=\"https:\/\/s.w.org\/images\/core\/emoji\/17.0.2\/72x72\/1f534.png\" alt=\"\ud83d\udd34\" class=\"wp-smiley\" style=\"height: 1em; max-height: 1em;\" \/><b>Fortaleza<\/b><img decoding=\"async\" src=\"https:\/\/s.w.org\/images\/core\/emoji\/17.0.2\/72x72\/1f534.png\" alt=\"\ud83d\udd34\" class=\"wp-smiley\" style=\"height: 1em; max-height: 1em;\" \/><img decoding=\"async\" src=\"https:\/\/s.w.org\/images\/core\/emoji\/17.0.2\/72x72\/1f535.png\" alt=\"\ud83d\udd35\" class=\"wp-smiley\" style=\"height: 1em; max-height: 1em;\" \/><\/h3>\n<p>Jo\u00e3o Ricardo; Mailton, Lucas Gazal, Cardona e Maur\u00edcio Mucuri; Lucas Sasha, Pierre, Rodriguinho e Luiz Fernando; Pedro Henrique e Miritello.<br \/>\n<b>T\u00e9cnico:<\/b> Paulo Autuori<\/p>\n<h3><img decoding=\"async\" src=\"https:\/\/s.w.org\/images\/core\/emoji\/17.0.2\/72x72\/26ab.png\" alt=\"\u26ab\" class=\"wp-smiley\" style=\"height: 1em; max-height: 1em;\" \/><img decoding=\"async\" src=\"https:\/\/s.w.org\/images\/core\/emoji\/17.0.2\/72x72\/26aa.png\" alt=\"\u26aa\" class=\"wp-smiley\" style=\"height: 1em; max-height: 1em;\" \/><b>Oper\u00e1rio-PR<\/b><img decoding=\"async\" src=\"https:\/\/s.w.org\/images\/core\/emoji\/17.0.2\/72x72\/26aa.png\" alt=\"\u26aa\" class=\"wp-smiley\" style=\"height: 1em; max-height: 1em;\" \/><img decoding=\"async\" src=\"https:\/\/s.w.org\/images\/core\/emoji\/17.0.2\/72x72\/26ab.png\" alt=\"\u26ab\" class=\"wp-smiley\" style=\"height: 1em; max-height: 1em;\" \/><\/h3>\n<p>Elias; Maguinho, Cuen\u00fa, Joseph e Moraes; Matheus Trindade, Vin\u00edcius Diniz e Boschilla; Berto, Pablo e \u00c1ngel Torres.<br \/>\n<b>T\u00e9cnico:<\/b> Luizinho Lopes.<\/p>\n<h2><b>Arbitragem<\/b><\/h2>\n<ul>\n<li><strong>\u00c1rbitro:\u00a0<\/strong>Jefferson Ferreira de Moraes (GO)<\/li>\n<li><strong>Assistentes:\u00a0<\/strong>Hugo S\u00e1vio Xavier Correa (GO) e Jonny Kamenach Rocha (GO)<\/li>\n<li><strong>VAR:\u00a0<\/strong>Adriano de Assis Miranda (SP)<\/li>\n<\/ul>\n<blockquote class=\"instagram-media\" style=\"background: #FFF; border: 0; border-radius: 3px; box-shadow: 0 0 1px 0 rgba(0,0,0,0.5),0 1px 10px 0 rgba(0,0,0,0.15); margin: 1px; max-width: 540px; min-width: 326px; padding: 0; width: calc(100% - 2px);\" data-instgrm-captioned=\"\" data-instgrm-permalink=\"https:\/\/www.instagram.com\/p\/Dco2xcuFsdg\/?utm_source=ig_embed&#038;utm_campaign=loading\" data-instgrm-version=\"14\">\n<div style=\"padding: 16px;\">\n<p>\u00a0<\/p>\n<div style=\"display: flex; flex-direction: row; align-items: center;\">\n<div style=\"background-color: #f4f4f4; border-radius: 50%; flex-grow: 0; height: 40px; margin-right: 14px; width: 40px;\"><\/div>\n<div style=\"display: flex; flex-direction: column; flex-grow: 1; justify-content: center;\">\n<div style=\"background-color: #f4f4f4; border-radius: 4px; flex-grow: 0; height: 14px; margin-bottom: 6px; width: 100px;\"><\/div>\n<div style=\"background-color: #f4f4f4; border-radius: 4px; flex-grow: 0; height: 14px; width: 60px;\"><\/div>\n<\/div>\n<\/div>\n<div style=\"padding: 19% 0;\"><\/div>\n<div style=\"display: block; height: 50px; margin: 0 auto 12px; width: 50px;\"><\/div>\n<div style=\"padding-top: 8px;\">\n<div style=\"color: #3897f0; font-family: Arial,sans-serif; font-size: 14px; font-style: normal; font-weight: 550; line-height: 18px;\">Ver essa foto no Instagram<\/div>\n<\/div>\n<div style=\"padding: 12.5% 0;\"><\/div>\n<div style=\"display: flex; flex-direction: row; margin-bottom: 14px; align-items: center;\">\n<div>\n<div style=\"background-color: #f4f4f4; border-radius: 50%; height: 12.5px; width: 12.5px; transform: translateX(0px) translateY(7px);\"><\/div>\n<div style=\"background-color: #f4f4f4; height: 12.5px; transform: rotate(-45deg) translateX(3px) translateY(1px); width: 12.5px; flex-grow: 0; margin-right: 14px; margin-left: 2px;\"><\/div>\n<div style=\"background-color: #f4f4f4; border-radius: 50%; height: 12.5px; width: 12.5px; transform: translateX(9px) translateY(-18px);\"><\/div>\n<\/div>\n<div style=\"margin-left: 8px;\">\n<div style=\"background-color: #f4f4f4; border-radius: 50%; flex-grow: 0; height: 20px; width: 20px;\"><\/div>\n<div style=\"width: 0; height: 0; border-top: 2px solid transparent; border-left: 6px solid #f4f4f4; border-bottom: 2px solid transparent; transform: translateX(16px) translateY(-4px) rotate(30deg);\"><\/div>\n<\/div>\n<div style=\"margin-left: auto;\">\n<div style=\"width: 0px; border-top: 8px solid #F4F4F4; border-right: 8px solid transparent; transform: translateY(16px);\"><\/div>\n<div style=\"background-color: #f4f4f4; flex-grow: 0; height: 12px; width: 16px; transform: translateY(-4px);\"><\/div>\n<div style=\"width: 0; height: 0; border-top: 8px solid #F4F4F4; border-left: 8px solid transparent; transform: translateY(-4px) translateX(8px);\"><\/div>\n<\/div>\n<\/div>\n<div style=\"display: flex; flex-direction: column; flex-grow: 1; justify-content: center; margin-bottom: 24px;\">\n<div style=\"background-color: #f4f4f4; border-radius: 4px; flex-grow: 0; height: 14px; margin-bottom: 6px; width: 224px;\"><\/div>\n<div style=\"background-color: #f4f4f4; border-radius: 4px; flex-grow: 0; height: 14px; width: 144px;\"><\/div>\n<\/div>\n<p>\u00a0<\/p>\n<p style=\"color: #c9c8cd; font-family: Arial,sans-serif; font-size: 14px; line-height: 17px; margin-bottom: 0; margin-top: 8px; overflow: hidden; padding: 8px 0 7px; text-align: center; text-overflow: ellipsis; white-space: nowrap;\"><a style=\"color: #c9c8cd; font-family: Arial,sans-serif; font-size: 14px; font-style: normal; font-weight: normal; line-height: 17px; text-decoration: none;\" href=\"https:\/\/www.instagram.com\/p\/Dco2xcuFsdg\/?utm_source=ig_embed&#038;utm_campaign=loading\" target=\"_blank\" rel=\"noopener\">Um post compartilhado por Fortaleza Esporte Clube (@fortalezaec)<\/a><\/p>\n<\/div>\n<\/blockquote>\n<p><script async src=\"\/\/www.instagram.com\/embed.js\"><\/script><\/p>\n<h2><b>Ficha t\u00e9cnica<\/b><\/h2>\n<p><b>Confronto:<\/b> Fortaleza x Oper\u00e1rio-PR<br \/>\n<b>Competi\u00e7\u00e3o:<\/b> Brasileir\u00e3o S\u00e9rie B \u2013 25\u00aa rodada<br \/>\n<b>Data e hor\u00e1rio:<\/b> Segunda-feira, 31 de agosto de 2026, \u00e0s 19h30 (de Bras\u00edlia)<br \/>\n<b>Local:<\/b> Arena Castel\u00e3o, Fortaleza (CE)<br \/>\n<b>Transmiss\u00e3o:<\/b> ESPN e Disney+<\/p>\n<p>O post <a href=\"https:\/\/www.gazetaesportiva.com\/campeonatos\/brasileiro-serie-b\/fortaleza-x-operario-pr-onde-assistir-serie-b-25-rodada\/\">Fortaleza x Oper\u00e1rio-PR pela S\u00e9rie B do Brasileiro: veja prov\u00e1veis escala\u00e7\u00f5es e onde assistir<\/a> apareceu primeiro em <a href=\"https:\/\/www.gazetaesportiva.com\">Gazeta Esportiva<\/a>.<\/p>\n","protected":false},"excerpt":{"rendered":"<p>Nesta segunda-feira, Fortaleza e Oper\u00e1rio-PR se enfrentam pela 25\u00aa rodada da S\u00e9rie B do Campeonato Brasileiro. A partida<\/p>\n","protected":false},"author":1,"featured_media":11201,"comment_status":"open","ping_status":"open","sticky":false,"template":"","format":"standard","meta":{"footnotes":""},"categories":[71],"tags":[],"class_list":["post-11200","post","type-post","status-publish","format-standard","has-post-thumbnail","hentry","category-esportes-news"],"_links":{"self":[{"href":"https:\/\/portalbahianoticia.com.br\/index.php?rest_route=\/wp\/v2\/posts\/11200","targetHints":{"allow":["GET"]}}],"collection":[{"href":"https:\/\/portalbahianoticia.com.br\/index.php?rest_route=\/wp\/v2\/posts"}],"about":[{"href":"https:\/\/portalbahianoticia.com.br\/index.php?rest_route=\/wp\/v2\/types\/post"}],"author":[{"embeddable":true,"href":"https:\/\/portalbahianoticia.com.br\/index.php?rest_route=\/wp\/v2\/users\/1"}],"replies":[{"embeddable":true,"href":"https:\/\/portalbahianoticia.com.br\/index.php?rest_route=%2Fwp%2Fv2%2Fcomments&post=11200"}],"version-history":[{"count":0,"href":"https:\/\/portalbahianoticia.com.br\/index.php?rest_route=\/wp\/v2\/posts\/11200\/revisions"}],"wp:featuredmedia":[{"embeddable":true,"href":"https:\/\/portalbahianoticia.com.br\/index.php?rest_route=\/wp\/v2\/media\/11201"}],"wp:attachment":[{"href":"https:\/\/portalbahianoticia.com.br\/index.php?rest_route=%2Fwp%2Fv2%2Fmedia&parent=11200"}],"wp:term":[{"taxonomy":"category","embeddable":true,"href":"https:\/\/portalbahianoticia.com.br\/index.php?rest_route=%2Fwp%2Fv2%2Fcategories&post=11200"},{"taxonomy":"post_tag","embeddable":true,"href":"https:\/\/portalbahianoticia.com.br\/index.php?rest_route=%2Fwp%2Fv2%2Ftags&post=11200"}],"curies":[{"name":"wp","href":"https:\/\/api.w.org\/{rel}","templated":true}]}}