{"id":11198,"date":"2026-08-30T23:12:50","date_gmt":"2026-08-31T02:12:50","guid":{"rendered":"https:\/\/portalbahianoticia.com.br\/?p=11198"},"modified":"2026-08-30T23:12:50","modified_gmt":"2026-08-31T02:12:50","slug":"remo-x-coritiba-pelo-brasileirao-veja-provaveis-escalacoes-e-onde-assistir","status":"publish","type":"post","link":"https:\/\/portalbahianoticia.com.br\/?p=11198","title":{"rendered":"Remo x Coritiba pelo Brasileir\u00e3o: veja prov\u00e1veis escala\u00e7\u00f5es e onde assistir"},"content":{"rendered":"<p>Nesta segunda-feira, o <strong>Remo<\/strong> recebe o <strong>Coritiba<\/strong> pela<strong> 25\u00aa rodada<\/strong> do <strong>Campeonato Brasileiro.<\/strong> O jogo ser\u00e1 realizado no <strong>Est\u00e1dio do Mangueir\u00e3o<\/strong>, em Bel\u00e9m, a partir das<strong> 20h <\/strong>(de Bras\u00edlia).<\/p>\n<blockquote class=\"twitter-tweet\">\n<p dir=\"ltr\" lang=\"pt\">Confira os relacionados do Le\u00e3o para o pr\u00f3ximo confronto.<img decoding=\"async\" src=\"https:\/\/s.w.org\/images\/core\/emoji\/17.0.2\/72x72\/1f981.png\" alt=\"\ud83e\udd81\" class=\"wp-smiley\" style=\"height: 1em; max-height: 1em;\" \/><img decoding=\"async\" src=\"https:\/\/s.w.org\/images\/core\/emoji\/17.0.2\/72x72\/1f4cb.png\" alt=\"\ud83d\udccb\" class=\"wp-smiley\" style=\"height: 1em; max-height: 1em;\" \/><a href=\"https:\/\/x.com\/hashtag\/OReiDaAmaz%C3%B4nia?src=hash&#038;ref_src=twsrc%5Etfw\">#OReiDaAmaz\u00f4nia<\/a> <a href=\"https:\/\/t.co\/U5qQTZwM4r\">pic.twitter.com\/U5qQTZwM4r<\/a><\/p>\n<p>\u2014 Clube do Remo (@ClubeDoRemo) <a href=\"https:\/\/x.com\/ClubeDoRemo\/status\/2094139848177152303?ref_src=twsrc%5Etfw\">August 30, 2026<\/a><\/p>\n<\/blockquote>\n<p><script async src=\"https:\/\/platform.x.com\/widgets.js\" charset=\"utf-8\"><\/script><\/p>\n<h2>Onde assistir?<\/h2>\n<p><em><strong>TV:<\/strong> Premiere<\/em><\/p>\n<p><strong>Veja tamb\u00e9m:<strong><br \/>\n<a href=\"https:\/\/www.gazetaesportiva.com\/todas-as-noticias\/\">Todas as not\u00edcias da Gazeta Esportiva<\/a><\/strong><br \/>\n<strong><a href=\"https:\/\/www.youtube.com\/channel\/UCcndglQZmXnYjgE_Grqt5yg\">Canal da Gazeta Esportiva no YouTube<\/a><\/strong><br \/>\n<strong><a href=\"https:\/\/www.instagram.com\/gazetaesportiva\/\">Siga a Gazeta Esportiva no Instagram<\/a><br \/>\n<\/strong><strong><a href=\"https:\/\/whatsapp.com\/channel\/0029Va9JQFL3WHTguJNfam3U\">Participe do canal da Gazeta Esportiva no WhatsApp<\/a><\/strong><\/strong><\/p>\n<h2>Como chegam?<\/h2>\n<p>O Remo vive um momento ruim na temporada. H\u00e1 quatro jogos sem vencer, o clube paraense vem de derrota por 2 a 1 contra o Fluminense, no Maracan\u00e3. O Le\u00e3o Azul ocupa a <strong>19\u00aa coloca\u00e7\u00e3o<\/strong>, com <strong>23 pontos<\/strong>, dois a menos que o Vasco, primeiro time fora do Z4.<\/p>\n<p>J\u00e1 o Coritiba n\u00e3o perde h\u00e1 tr\u00eas jogos e chega para a partida ap\u00f3s vencer o Corinthians por 2 a 1, no Couto Pereira. O Coxa est\u00e1 na <strong>nona coloca\u00e7\u00e3o<\/strong>, com<strong> 34 pontos<\/strong> somados.<\/p>\n<h2>Prov\u00e1veis escala\u00e7\u00f5es<\/h2>\n<p><img decoding=\"async\" src=\"https:\/\/s.w.org\/images\/core\/emoji\/17.0.2\/72x72\/1f535.png\" alt=\"\ud83d\udd35\" class=\"wp-smiley\" style=\"height: 1em; max-height: 1em;\" \/><img decoding=\"async\" src=\"https:\/\/s.w.org\/images\/core\/emoji\/17.0.2\/72x72\/26aa.png\" alt=\"\u26aa\" class=\"wp-smiley\" style=\"height: 1em; max-height: 1em;\" \/><strong>Remo<\/strong><\/p>\n<p>Marcelo Rangel; Marcelinho, Duplexe Tchamba, Marllon e Marlon;\u00a0 Z\u00e9 Welison e Z\u00e9 Ricardo; Yago Pikachu, Vitor Bueno e Jaj\u00e1; Gabriel Taliari.<br \/>\n<strong>T\u00e9cnico:<\/strong> L\u00e9o Cond\u00e9<\/p>\n<p><img decoding=\"async\" src=\"https:\/\/s.w.org\/images\/core\/emoji\/17.0.2\/72x72\/1f7e2.png\" alt=\"\ud83d\udfe2\" class=\"wp-smiley\" style=\"height: 1em; max-height: 1em;\" \/><img decoding=\"async\" src=\"https:\/\/s.w.org\/images\/core\/emoji\/17.0.2\/72x72\/26aa.png\" alt=\"\u26aa\" class=\"wp-smiley\" style=\"height: 1em; max-height: 1em;\" \/><strong>Coritiba<\/strong><\/p>\n<p>Pedro Morisco; JP Chermont, Tiago C\u00f3ser, Jacy Maranh\u00e3o e Bruno Melo; Vitor Gon\u00e7alves e Sebastian G\u00f3mez; Joaquin Lavega, Josu\u00e9 e Breno Lopes; Pedro Rocha.<br \/>\n<strong>T\u00e9cnico:<\/strong> Fernando Seabra<\/p>\n<h2>Arbitragem<\/h2>\n<ul>\n<li><strong>\u00c1rbitra:<\/strong> Daiane Muniz (SP);<\/li>\n<li><strong>Assistentes:<\/strong> Leila Naiara Moreira da Cruz (DF) e Maira Mastella Moreira (RS);<\/li>\n<li><strong>VAR:<\/strong> Alexandre Vargas Tavares de Jesus (RJ);<\/li>\n<\/ul>\n<h2>Ficha T\u00e9cnica<br \/>\n<img decoding=\"async\" src=\"https:\/\/s.w.org\/images\/core\/emoji\/17.0.2\/72x72\/1f535.png\" alt=\"\ud83d\udd35\" class=\"wp-smiley\" style=\"height: 1em; max-height: 1em;\" \/><img decoding=\"async\" src=\"https:\/\/s.w.org\/images\/core\/emoji\/17.0.2\/72x72\/26aa.png\" alt=\"\u26aa\" class=\"wp-smiley\" style=\"height: 1em; max-height: 1em;\" \/>Remo x Coritiba<img decoding=\"async\" src=\"https:\/\/s.w.org\/images\/core\/emoji\/17.0.2\/72x72\/1f7e2.png\" alt=\"\ud83d\udfe2\" class=\"wp-smiley\" style=\"height: 1em; max-height: 1em;\" \/><img decoding=\"async\" src=\"https:\/\/s.w.org\/images\/core\/emoji\/17.0.2\/72x72\/26aa.png\" alt=\"\u26aa\" class=\"wp-smiley\" style=\"height: 1em; max-height: 1em;\" \/><\/h2>\n<p><strong>Competi\u00e7\u00e3o:<\/strong> Brasileir\u00e3o S\u00e9rie A \u2013 25\u00aa rodada<br \/>\n<strong>Data e hor\u00e1rio:<\/strong> Segunda-feira, 31 de agosto de 2026, \u00e0s 20h (de Bras\u00edlia)<br \/>\n<strong>Local:<\/strong> Est\u00e1dio do Mangueir\u00e3o, em Bel\u00e9m (PA)<br \/>\n<strong>Transmiss\u00e3o:<\/strong> Premiere<\/p>\n<h2>Pr\u00f3ximas partidas<\/h2>\n<p><strong>Remo<\/strong><\/p>\n<p><strong>Jogo:<\/strong> Remo x Flamengo<br \/>\n<strong>Competi\u00e7\u00e3o:<\/strong> Brasileir\u00e3o S\u00e9rie A \u2013 26\u00aa rodada<br \/>\n<strong>Data e hor\u00e1rio:<\/strong> 6\/9 (domingo), \u00e0s 16h (de Bras\u00edlia)<br \/>\n<strong>Local:<\/strong> Est\u00e1dio do Mangueir\u00e3o, em Bel\u00e9m (PA)<\/p>\n<p><strong>Coritiba<\/strong><\/p>\n<p><strong>Jogo:<\/strong> Coritiba x Mirassol<br \/>\n<strong>Competi\u00e7\u00e3o:<\/strong> Brasileir\u00e3o S\u00e9rie A \u2013 26\u00aa rodada<br \/>\n<strong>Data e hor\u00e1rio:<\/strong> 6\/9 (domingo), \u00e0s 11h (de Bras\u00edlia)<br \/>\n<strong>Local:<\/strong> Est\u00e1dio Couto Pereira, em Curitiba (PR)<\/p>\n<div class=\"dugout-video dugout-embed-eyJrZXkiOiIiLCJwIjoiZ2F6ZXRhZXNwb3J0aXZhIiwicGwiOiI0a2hoSjVCWCJ9\"><\/div>\n<p><script type=\"text\/javascript\" src=\"https:\/\/embed.onefootball.com\/inline\/gazetaesportiva.js\"><\/script><\/p>\n<p>O post <a href=\"https:\/\/www.gazetaesportiva.com\/campeonatos\/brasileiro-serie-a\/remo-x-coritiba-onde-assistir-brasileirao\/\">Remo x Coritiba pelo Brasileir\u00e3o: veja prov\u00e1veis escala\u00e7\u00f5es e onde assistir<\/a> apareceu primeiro em <a href=\"https:\/\/www.gazetaesportiva.com\">Gazeta Esportiva<\/a>.<\/p>\n","protected":false},"excerpt":{"rendered":"<p>Nesta segunda-feira, o Remo recebe o Coritiba pela 25\u00aa rodada do Campeonato Brasileiro. O jogo ser\u00e1 realizado no<\/p>\n","protected":false},"author":1,"featured_media":11199,"comment_status":"open","ping_status":"open","sticky":false,"template":"","format":"standard","meta":{"footnotes":""},"categories":[71],"tags":[],"class_list":["post-11198","post","type-post","status-publish","format-standard","has-post-thumbnail","hentry","category-esportes-news"],"_links":{"self":[{"href":"https:\/\/portalbahianoticia.com.br\/index.php?rest_route=\/wp\/v2\/posts\/11198","targetHints":{"allow":["GET"]}}],"collection":[{"href":"https:\/\/portalbahianoticia.com.br\/index.php?rest_route=\/wp\/v2\/posts"}],"about":[{"href":"https:\/\/portalbahianoticia.com.br\/index.php?rest_route=\/wp\/v2\/types\/post"}],"author":[{"embeddable":true,"href":"https:\/\/portalbahianoticia.com.br\/index.php?rest_route=\/wp\/v2\/users\/1"}],"replies":[{"embeddable":true,"href":"https:\/\/portalbahianoticia.com.br\/index.php?rest_route=%2Fwp%2Fv2%2Fcomments&post=11198"}],"version-history":[{"count":0,"href":"https:\/\/portalbahianoticia.com.br\/index.php?rest_route=\/wp\/v2\/posts\/11198\/revisions"}],"wp:featuredmedia":[{"embeddable":true,"href":"https:\/\/portalbahianoticia.com.br\/index.php?rest_route=\/wp\/v2\/media\/11199"}],"wp:attachment":[{"href":"https:\/\/portalbahianoticia.com.br\/index.php?rest_route=%2Fwp%2Fv2%2Fmedia&parent=11198"}],"wp:term":[{"taxonomy":"category","embeddable":true,"href":"https:\/\/portalbahianoticia.com.br\/index.php?rest_route=%2Fwp%2Fv2%2Fcategories&post=11198"},{"taxonomy":"post_tag","embeddable":true,"href":"https:\/\/portalbahianoticia.com.br\/index.php?rest_route=%2Fwp%2Fv2%2Ftags&post=11198"}],"curies":[{"name":"wp","href":"https:\/\/api.w.org\/{rel}","templated":true}]}}