{"id":11194,"date":"2026-08-30T23:12:52","date_gmt":"2026-08-31T02:12:52","guid":{"rendered":"https:\/\/portalbahianoticia.com.br\/?p=11194"},"modified":"2026-08-30T23:12:52","modified_gmt":"2026-08-31T02:12:52","slug":"cuca-ve-vitoria-em-classico-como-possivel-virada-de-chave-para-o-santos-comeca-a-dar-uma-revirada","status":"publish","type":"post","link":"https:\/\/portalbahianoticia.com.br\/?p=11194","title":{"rendered":"Cuca v\u00ea vit\u00f3ria em cl\u00e1ssico como poss\u00edvel virada de chave para o Santos: \u201cCome\u00e7a a dar uma revirada\u201d"},"content":{"rendered":"<p class=\"isSelectedEnd\">O t\u00e9cnico <strong>Cuca<\/strong> acredita que a vit\u00f3ria do <a href=\"https:\/\/www.gazetaesportiva.com\/times\/santos\/\"><strong>Santos<\/strong><\/a> por <strong>1 a 0<\/strong> sobre o <strong>Corinthians,<\/strong> neste domingo, na Neo Qu\u00edmica Arena, pode representar uma mudan\u00e7a no momento vivido pela equipe. Ap\u00f3s a derrota por<strong> 3 a 0<\/strong> para o <strong>Palmeiras,<\/strong> pela <strong>Copa do Brasil,<\/strong> o Peixe reagiu no Campeonato Brasileiro e chegou ao terceiro jogo consecutivo sem perder na competi\u00e7\u00e3o.<\/p>\n<div class='fotorama' data-click='false' data-nav='thumbs' data-allowfullscreen='true'><a data-caption='\n\n<div class=\"fotorama_legenda_galeria\">(Foto: Rodrigo Coca \/ Ag. Corinthians)<\/div>\n<p>&#8216; href=&#8217;https:\/\/static.gazetaesportiva.com\/uploads\/2026\/08\/248234-963&#215;1024.webp&#8217; data-thumb=&#8217;https:\/\/static.gazetaesportiva.com\/uploads\/2026\/08\/248234-963&#215;1024.webp&#8217;><\/a><a data-caption='\n\n<div class=\"fotorama_legenda_galeria\">(Foto: Rodrigo Coca \/ Ag. Corinthians)<\/div>\n<p>&#8216; href=&#8217;https:\/\/static.gazetaesportiva.com\/uploads\/2026\/08\/248236-930&#215;1024.webp&#8217; data-thumb=&#8217;https:\/\/static.gazetaesportiva.com\/uploads\/2026\/08\/248236-930&#215;1024.webp&#8217;><\/a><a data-caption='\n\n<div class=\"fotorama_legenda_galeria\">(Foto: Divulga\u00e7\u00e3o \/ Santos)<\/div>\n<p>&#8216; href=&#8217;https:\/\/static.gazetaesportiva.com\/uploads\/2026\/08\/HQ_pM9JWMAA0rhA.webp&#8217; data-thumb=&#8217;https:\/\/static.gazetaesportiva.com\/uploads\/2026\/08\/HQ_pM9JWMAA0rhA.webp&#8217;><\/a><a data-caption='\n\n<div class=\"fotorama_legenda_galeria\">(Foto: Divulga\u00e7\u00e3o \/ Santos)<\/div>\n<p>&#8216; href=&#8217;https:\/\/static.gazetaesportiva.com\/uploads\/2026\/08\/HQ_pD96XAAAjAXU-1024&#215;650.webp&#8217; data-thumb=&#8217;https:\/\/static.gazetaesportiva.com\/uploads\/2026\/08\/HQ_pD96XAAAjAXU-1024&#215;650.webp&#8217;><\/a><a data-caption='\n\n<div class=\"fotorama_legenda_galeria\">(Foto: Rodrigo Coca \/ Ag. Corinthians)<\/div>\n<p>&#8216; href=&#8217;https:\/\/static.gazetaesportiva.com\/uploads\/2026\/08\/248232-976&#215;1024.webp&#8217; data-thumb=&#8217;https:\/\/static.gazetaesportiva.com\/uploads\/2026\/08\/248232-976&#215;1024.webp&#8217;><\/a><a data-caption='\n\n<div class=\"fotorama_legenda_galeria\">(Foto: Rodrigo Coca \/ Ag. Corinthians)<\/div>\n<p>&#8216; href=&#8217;https:\/\/static.gazetaesportiva.com\/uploads\/2026\/08\/248243-993&#215;1024.webp&#8217; data-thumb=&#8217;https:\/\/static.gazetaesportiva.com\/uploads\/2026\/08\/248243-993&#215;1024.webp&#8217;><\/a><a data-caption='\n\n<div class=\"fotorama_legenda_galeria\">(Foto: Rodrigo Coca \/ Ag. Corinthians)<\/div>\n<p>&#8216; href=&#8217;https:\/\/static.gazetaesportiva.com\/uploads\/2026\/08\/248244-898&#215;1024.webp&#8217; data-thumb=&#8217;https:\/\/static.gazetaesportiva.com\/uploads\/2026\/08\/248244-898&#215;1024.webp&#8217;><\/a><a data-caption='\n\n<div class=\"fotorama_legenda_galeria\">(Foto: Rodrigo Coca \/ Ag. Corinthians)<\/div>\n<p>&#8216; href=&#8217;https:\/\/static.gazetaesportiva.com\/uploads\/2026\/08\/248248-946&#215;1024.webp&#8217; data-thumb=&#8217;https:\/\/static.gazetaesportiva.com\/uploads\/2026\/08\/248248-946&#215;1024.webp&#8217;><\/a><\/div>\n<p><\/p>\n<p class=\"isSelectedEnd\">Para Cuca, o elenco conseguiu transformar a frustra\u00e7\u00e3o pelo resultado diante do Palmeiras em for\u00e7a para buscar a rea\u00e7\u00e3o no cl\u00e1ssico. O treinador destacou a postura dos jogadores durante os \u00faltimos dias e valorizou a maneira como o grupo lidou com a press\u00e3o.<\/p>\n<p class=\"isSelectedEnd\">\u201cTodo mundo sentiu o resultado e o jogo de quarta-feira. Todo mundo sentiu. Foi muito ruim para todos n\u00f3s. Ningu\u00e9m descansou bem. Mas eles s\u00e3o homens. Eu falei naquele dia. Eles mesmos s\u00e3o quem podem reverter essa situa\u00e7\u00e3o\u201d, afirmou.<\/p>\n<p class=\"isSelectedEnd\">O comandante santista tamb\u00e9m destacou a sequ\u00eancia recente no Campeonato Brasileiro. Depois de vencer o Vasco fora de casa, empatar com o Mirassol em casa e superar o Corinthians neste domingo, o Santos somou pontos importantes na luta contra a parte de baixo da tabela.<\/p>\n<p class=\"isSelectedEnd\">\u201cEles pegaram muita for\u00e7a de quarta-feira para c\u00e1. Porque a gente apanhou muito, n\u00e9? E apanhamos calados, soubemos sofrer. E hoje a gente come\u00e7a a dar uma revirada a\u00ed\u201d, declarou Cuca.<\/p>\n<p class=\"isSelectedEnd\">A vit\u00f3ria tamb\u00e9m teve um peso especial para o Santos. O Peixe n\u00e3o vencia o Corinthians como visitante no Campeonato Brasileiro havia <strong>15 anos<\/strong> e conseguiu quebrar o jejum. Cuca ressaltou a import\u00e2ncia de comemorar o resultado, mas pediu equil\u00edbrio diante da sequ\u00eancia complicada que a equipe ter\u00e1 pela frente.<\/p>\n<p>\u201cFazia 15 anos que n\u00e3o ganhava uma partida no Campeonato Brasileiro, n\u00e9? \u00c9 muita coisa. E hoje a gente venceu. Ent\u00e3o tem que valorizar muito essa vit\u00f3ria, comemorar internamente, n\u00e9? Como a gente sempre faz. Tamb\u00e9m ningu\u00e9m se afunda quando perde. Nem se vangloria quando ganha. A gente tem uma sequ\u00eancia dura pela frente\u201d, disse.<\/p>\n<p><strong>Veja tamb\u00e9m:<strong><br \/>\n<a href=\"https:\/\/www.gazetaesportiva.com\/todas-as-noticias\/\">Todas as not\u00edcias da Gazeta Esportiva<\/a><\/strong><br \/>\n<strong><a href=\"https:\/\/www.youtube.com\/channel\/UCcndglQZmXnYjgE_Grqt5yg\">Canal da Gazeta Esportiva no YouTube<\/a><\/strong><br \/>\n<strong><a href=\"https:\/\/www.instagram.com\/gazetaesportiva\/\">Siga a Gazeta Esportiva no Instagram<\/a><br \/>\n<\/strong><strong><a href=\"https:\/\/whatsapp.com\/channel\/0029Va9JQFL3WHTguJNfam3U\">Participe do canal da Gazeta Esportiva no WhatsApp<\/a><\/strong><\/strong><\/p>\n<h2>Situa\u00e7\u00e3o do Santos<\/h2>\n<p>Com a vit\u00f3ria, o Peixe chega ao terceiro jogo sem perder no Campeonato Brasileiro e sobe para a 14\u00aa coloca\u00e7\u00e3o, agora com 29 pontos somados, quatro a mais que o Vasco, primeiro time na zona de rebaixamento.<\/p>\n<h2>Pr\u00f3ximos jogos do Santos<\/h2>\n<p><strong>Santos x Palmeiras<\/strong><br \/>\nCompeti\u00e7\u00e3o: Copa do Brasil (quartas de final | volta)<br \/>\nData e hora: 02\/09 (quarta-feira), \u00e0s 21h30 (de Bras\u00edlia)<br \/>\nLocal: Vila Belmiro, em Santos (SP)<\/p>\n<p><strong>Internacional x Santos<\/strong><br \/>\nCompeti\u00e7\u00e3o: Campeonato Brasileiro \u2013 26\u00aa rodada<br \/>\nData e hora: 06\/09 (domingo), \u00e0s 16h (de Bras\u00edlia)<br \/>\nLocal: Beira-Rio, em Porto Alegre (RS)<\/p>\n<div style=\"margin: 0 auto; min-width: 300px;\">\n<div style=\"position: relative; padding-bottom: 56.25%; height: 0; overflow: hidden;\"><iframe style=\"width: 300px; min-width: 100%; position: absolute; top: 0; left: 0; height: 100%; overflow: hidden;\" src=\"https:\/\/embed.onefootball.com\/iframe\/?p=eyJrZXkiOiI0d0tydjlqeSIsInAiOiJnYXpldGFlc3BvcnRpdmEiLCJwbCI6IiJ9\" width=\"100%\" frameborder=\"0\" scrolling=\"no\" allowfullscreen=\"allowfullscreen\"><\/iframe><\/div>\n<\/div>\n<p>O post <a href=\"https:\/\/www.gazetaesportiva.com\/times\/santos\/cuca-reacao-santos-vitoria-corinthians\/\">Cuca v\u00ea vit\u00f3ria em cl\u00e1ssico como poss\u00edvel virada de chave para o Santos: \u201cCome\u00e7a a dar uma revirada\u201d<\/a> apareceu primeiro em <a href=\"https:\/\/www.gazetaesportiva.com\">Gazeta Esportiva<\/a>.<\/p>\n","protected":false},"excerpt":{"rendered":"<p>O t\u00e9cnico Cuca acredita que a vit\u00f3ria do Santos por 1 a 0 sobre o Corinthians, neste domingo,<\/p>\n","protected":false},"author":1,"featured_media":11195,"comment_status":"open","ping_status":"open","sticky":false,"template":"","format":"standard","meta":{"footnotes":""},"categories":[71],"tags":[],"class_list":["post-11194","post","type-post","status-publish","format-standard","has-post-thumbnail","hentry","category-esportes-news"],"_links":{"self":[{"href":"https:\/\/portalbahianoticia.com.br\/index.php?rest_route=\/wp\/v2\/posts\/11194","targetHints":{"allow":["GET"]}}],"collection":[{"href":"https:\/\/portalbahianoticia.com.br\/index.php?rest_route=\/wp\/v2\/posts"}],"about":[{"href":"https:\/\/portalbahianoticia.com.br\/index.php?rest_route=\/wp\/v2\/types\/post"}],"author":[{"embeddable":true,"href":"https:\/\/portalbahianoticia.com.br\/index.php?rest_route=\/wp\/v2\/users\/1"}],"replies":[{"embeddable":true,"href":"https:\/\/portalbahianoticia.com.br\/index.php?rest_route=%2Fwp%2Fv2%2Fcomments&post=11194"}],"version-history":[{"count":0,"href":"https:\/\/portalbahianoticia.com.br\/index.php?rest_route=\/wp\/v2\/posts\/11194\/revisions"}],"wp:featuredmedia":[{"embeddable":true,"href":"https:\/\/portalbahianoticia.com.br\/index.php?rest_route=\/wp\/v2\/media\/11195"}],"wp:attachment":[{"href":"https:\/\/portalbahianoticia.com.br\/index.php?rest_route=%2Fwp%2Fv2%2Fmedia&parent=11194"}],"wp:term":[{"taxonomy":"category","embeddable":true,"href":"https:\/\/portalbahianoticia.com.br\/index.php?rest_route=%2Fwp%2Fv2%2Fcategories&post=11194"},{"taxonomy":"post_tag","embeddable":true,"href":"https:\/\/portalbahianoticia.com.br\/index.php?rest_route=%2Fwp%2Fv2%2Ftags&post=11194"}],"curies":[{"name":"wp","href":"https:\/\/api.w.org\/{rel}","templated":true}]}}