{"id":11192,"date":"2026-08-30T23:12:53","date_gmt":"2026-08-31T02:12:53","guid":{"rendered":"https:\/\/portalbahianoticia.com.br\/?p=11192"},"modified":"2026-08-30T23:12:53","modified_gmt":"2026-08-31T02:12:53","slug":"diniz-cobra-mais-intensidade-do-corinthians-e-admite-que-derrota-em-classico-pesa-mais","status":"publish","type":"post","link":"https:\/\/portalbahianoticia.com.br\/?p=11192","title":{"rendered":"Diniz cobra mais intensidade do Corinthians e admite que derrota em cl\u00e1ssico \u201cpesa mais\u201d"},"content":{"rendered":"<p><a href=\"https:\/\/www.gazetaesportiva.com\/campeonatos\/brasileiro-serie-a\/corinthians-x-santos-campeonato-brasileiro-30-08-2026\/\"><strong>O Corinthians perdeu por 1 a 0 para o Santos<\/strong><\/a> neste domingo, em jogo que contou com o maior p\u00fablico do ano na Neo Qu\u00edmica Arena, pela 25\u00aa rodada do Brasileir\u00e3o. Essa foi a terceira derrota consecutiva do Alvinegro no torneio, e o t\u00e9cnico Fernando Diniz lamentou a m\u00e1 fase, cobrando mais intensidade da equipe.<\/p>\n<p>O comandante do Corinthians tamb\u00e9m falou sobre o peso das recentes derrotas. Antes do rev\u00e9s no cl\u00e1ssico, o Tim\u00e3o havia sido derrotado pelo Coritiba e pelo Cruzeiro.<\/p>\n<div style=\"margin: 0 auto; min-width: 300px;\">\n<div style=\"position: relative; padding-bottom: 56.25%; height: 0; overflow: hidden;\"><iframe style=\"width: 300px; min-width: 100%; position: absolute; top: 0; left: 0; height: 100%; overflow: hidden;\" src=\"https:\/\/embed.onefootball.com\/iframe\/?p=eyJrZXkiOiI0d0tydjlqeSIsInAiOiJnYXpldGFlc3BvcnRpdmEiLCJwbCI6IiJ9\" width=\"100%\" frameborder=\"0\" scrolling=\"no\" allowfullscreen=\"allowfullscreen\"><\/iframe><\/div>\n<\/div>\n<p>\u00a0<\/p>\n<p>\u201cEu acho que ainda mais pelo p\u00fablico que a gente teve aqui hoje. Se eu n\u00e3o me engano, foi o quarto maior p\u00fablico da Arena. Merec\u00edamos um resultado melhor e um desempenho melhor tamb\u00e9m. A gente tinha que ter jogado melhor, com mais intensidade, com mais agressividade. Eu acho que faltou. E eu j\u00e1 falei isso tamb\u00e9m outras vezes. N\u00e3o \u00e9 porque tem uma semana aberta que vai acontecer um monte de coisa diferente. A gente teve jogos sequenciais, sem tempo para treinar, que fomos muito mais intensos do que a gente foi no jogo de hoje\u201d, disse o comandante.<\/p>\n<p>Apesar de ter dominado a posse de bola durante a partida, o Corinthians teve muita dificuldade de criar chances ao gol de Gabriel Braz\u00e3o. Durante os 90 minutos, o Tim\u00e3o acertou a meta somente duas vezes, e nenhuma oportunidade foi muito clara.<\/p>\n<div class='fotorama' data-click='false' data-nav='thumbs' data-allowfullscreen='true'><a data-caption='\n\n<div class=\"fotorama_legenda_galeria\">(Foto: Rodrigo Coca \/ Ag. Corinthians)<\/div>\n<p>&#8216; href=&#8217;https:\/\/static.gazetaesportiva.com\/uploads\/2026\/08\/248234-963&#215;1024.webp&#8217; data-thumb=&#8217;https:\/\/static.gazetaesportiva.com\/uploads\/2026\/08\/248234-963&#215;1024.webp&#8217;><\/a><a data-caption='\n\n<div class=\"fotorama_legenda_galeria\">(Foto: Rodrigo Coca \/ Ag. Corinthians)<\/div>\n<p>&#8216; href=&#8217;https:\/\/static.gazetaesportiva.com\/uploads\/2026\/08\/248236-930&#215;1024.webp&#8217; data-thumb=&#8217;https:\/\/static.gazetaesportiva.com\/uploads\/2026\/08\/248236-930&#215;1024.webp&#8217;><\/a><a data-caption='\n\n<div class=\"fotorama_legenda_galeria\">(Foto: Divulga\u00e7\u00e3o \/ Santos)<\/div>\n<p>&#8216; href=&#8217;https:\/\/static.gazetaesportiva.com\/uploads\/2026\/08\/HQ_pM9JWMAA0rhA.webp&#8217; data-thumb=&#8217;https:\/\/static.gazetaesportiva.com\/uploads\/2026\/08\/HQ_pM9JWMAA0rhA.webp&#8217;><\/a><a data-caption='\n\n<div class=\"fotorama_legenda_galeria\">(Foto: Divulga\u00e7\u00e3o \/ Santos)<\/div>\n<p>&#8216; href=&#8217;https:\/\/static.gazetaesportiva.com\/uploads\/2026\/08\/HQ_pD96XAAAjAXU-1024&#215;650.webp&#8217; data-thumb=&#8217;https:\/\/static.gazetaesportiva.com\/uploads\/2026\/08\/HQ_pD96XAAAjAXU-1024&#215;650.webp&#8217;><\/a><a data-caption='\n\n<div class=\"fotorama_legenda_galeria\">(Foto: Rodrigo Coca \/ Ag. Corinthians)<\/div>\n<p>&#8216; href=&#8217;https:\/\/static.gazetaesportiva.com\/uploads\/2026\/08\/248232-976&#215;1024.webp&#8217; data-thumb=&#8217;https:\/\/static.gazetaesportiva.com\/uploads\/2026\/08\/248232-976&#215;1024.webp&#8217;><\/a><a data-caption='\n\n<div class=\"fotorama_legenda_galeria\">(Foto: Rodrigo Coca \/ Ag. Corinthians)<\/div>\n<p>&#8216; href=&#8217;https:\/\/static.gazetaesportiva.com\/uploads\/2026\/08\/248243-993&#215;1024.webp&#8217; data-thumb=&#8217;https:\/\/static.gazetaesportiva.com\/uploads\/2026\/08\/248243-993&#215;1024.webp&#8217;><\/a><a data-caption='\n\n<div class=\"fotorama_legenda_galeria\">(Foto: Rodrigo Coca \/ Ag. Corinthians)<\/div>\n<p>&#8216; href=&#8217;https:\/\/static.gazetaesportiva.com\/uploads\/2026\/08\/248244-898&#215;1024.webp&#8217; data-thumb=&#8217;https:\/\/static.gazetaesportiva.com\/uploads\/2026\/08\/248244-898&#215;1024.webp&#8217;><\/a><a data-caption='\n\n<div class=\"fotorama_legenda_galeria\">(Foto: Rodrigo Coca \/ Ag. Corinthians)<\/div>\n<p>&#8216; href=&#8217;https:\/\/static.gazetaesportiva.com\/uploads\/2026\/08\/248248-946&#215;1024.webp&#8217; data-thumb=&#8217;https:\/\/static.gazetaesportiva.com\/uploads\/2026\/08\/248248-946&#215;1024.webp&#8217;><\/a><\/div>\n<p><\/p>\n<p>\u201cAs derrotas n\u00e3o s\u00e3o iguais. O jogo do Cruzeiro foi um jogo diferente do jogo de hoje. O jogo de Curitiba tem uma quest\u00e3o de a gente ter jogado na quinta, um jogo aqui mentalmente muito desgastante. Mas a gente tem tamb\u00e9m por obriga\u00e7\u00e3o saber superar isso. Era dif\u00edcil, mas era uma coisa que \u00e9 poss\u00edvel. A gente fez isso no jogo do Inter, da elimina\u00e7\u00e3o para o jogo do Red Bull. A gente conseguiu fazer uma boa partida contra o Red Bull em situa\u00e7\u00f5es parecidas com esse jogo que foi do Curitiba\u201d, continuou o comandante.<\/p>\n<p>\u201cE hoje eu acho que a gente tem, desses tr\u00eas jogos, hoje acho que a gente ainda tem um peso maior para n\u00f3s, porque a gente teve tempo para recuperar, teve tempo para treinar e tempo para ter jogado um jogo com mais intensidade do in\u00edcio ao fim\u201d, completou.<\/p>\n<h2>Faltou intensidade, mas merecia um resultado melhor<\/h2>\n<p>Mesmo com as queixas em rela\u00e7\u00e3o \u00e0 intensidade, Fernando Diniz afirmou que o Corinthians merecia ter um resultado melhor na Neo Qu\u00edmica Arena. O Santos venceu a partida com um gol aos 32 minutos da etapa inicial, quando Oliva aproveitou rebote de falta cobrada por Neymar.<\/p>\n<p>\u201cAcho que a gente fez uma partida que merecia ter um resultado melhor. O time defensivamente foi bem, ofereceu muito pouco (perigo) para o Santos. E o que a gente pecou hoje foi a falta de criar chances mais efetivas de gol\u201d, afirmou Diniz.<\/p>\n<p><strong>Veja tamb\u00e9m:<\/strong><br \/>\n<strong><a href=\"https:\/\/www.gazetaesportiva.com\/todas-as-noticias\/\">Todas as not\u00edcias da Gazeta Esportiva<\/a><\/strong><br \/>\n<strong><a href=\"https:\/\/www.youtube.com\/channel\/UCcndglQZmXnYjgE_Grqt5yg\">Canal da Gazeta Esportiva no YouTube<\/a><\/strong><br \/>\n<strong><a href=\"https:\/\/www.instagram.com\/gazetaesportiva\/\">Siga a Gazeta Esportiva no Instagram<\/a><br \/>\n<\/strong><strong><a href=\"https:\/\/whatsapp.com\/channel\/0029Va9JQFL3WHTguJNfam3U\">Canal da Gazeta Esportiva no WhatsApp<\/a><\/strong><\/p>\n<div style=\"margin: 0 auto; min-width: 300px;\">\n<div style=\"position: relative; padding-bottom: 56.25%; height: 0; overflow: hidden;\"><iframe style=\"width: 300px; min-width: 100%; position: absolute; top: 0; left: 0; height: 100%; overflow: hidden;\" src=\"https:\/\/embed.onefootball.com\/iframe\/?p=eyJrZXkiOiIiLCJwIjoiZ2F6ZXRhZXNwb3J0aXZhIiwicGwiOiI0a2hoSjVCWCJ9\" width=\"100%\" frameborder=\"0\" scrolling=\"no\" allowfullscreen=\"allowfullscreen\"><\/iframe><\/div>\n<\/div>\n<p>\u00a0<\/p>\n<p>O post <a href=\"https:\/\/www.gazetaesportiva.com\/times\/corinthians\/diniz-cobra-mais-intensidade-do-corinthians-e-admite-que-derrota-em-classico-pesa-mais\/\">Diniz cobra mais intensidade do Corinthians e admite que derrota em cl\u00e1ssico \u201cpesa mais\u201d<\/a> apareceu primeiro em <a href=\"https:\/\/www.gazetaesportiva.com\">Gazeta Esportiva<\/a>.<\/p>\n","protected":false},"excerpt":{"rendered":"<p>O Corinthians perdeu por 1 a 0 para o Santos neste domingo, em jogo que contou com o<\/p>\n","protected":false},"author":1,"featured_media":11193,"comment_status":"open","ping_status":"open","sticky":false,"template":"","format":"standard","meta":{"footnotes":""},"categories":[71],"tags":[],"class_list":["post-11192","post","type-post","status-publish","format-standard","has-post-thumbnail","hentry","category-esportes-news"],"_links":{"self":[{"href":"https:\/\/portalbahianoticia.com.br\/index.php?rest_route=\/wp\/v2\/posts\/11192","targetHints":{"allow":["GET"]}}],"collection":[{"href":"https:\/\/portalbahianoticia.com.br\/index.php?rest_route=\/wp\/v2\/posts"}],"about":[{"href":"https:\/\/portalbahianoticia.com.br\/index.php?rest_route=\/wp\/v2\/types\/post"}],"author":[{"embeddable":true,"href":"https:\/\/portalbahianoticia.com.br\/index.php?rest_route=\/wp\/v2\/users\/1"}],"replies":[{"embeddable":true,"href":"https:\/\/portalbahianoticia.com.br\/index.php?rest_route=%2Fwp%2Fv2%2Fcomments&post=11192"}],"version-history":[{"count":0,"href":"https:\/\/portalbahianoticia.com.br\/index.php?rest_route=\/wp\/v2\/posts\/11192\/revisions"}],"wp:featuredmedia":[{"embeddable":true,"href":"https:\/\/portalbahianoticia.com.br\/index.php?rest_route=\/wp\/v2\/media\/11193"}],"wp:attachment":[{"href":"https:\/\/portalbahianoticia.com.br\/index.php?rest_route=%2Fwp%2Fv2%2Fmedia&parent=11192"}],"wp:term":[{"taxonomy":"category","embeddable":true,"href":"https:\/\/portalbahianoticia.com.br\/index.php?rest_route=%2Fwp%2Fv2%2Fcategories&post=11192"},{"taxonomy":"post_tag","embeddable":true,"href":"https:\/\/portalbahianoticia.com.br\/index.php?rest_route=%2Fwp%2Fv2%2Ftags&post=11192"}],"curies":[{"name":"wp","href":"https:\/\/api.w.org\/{rel}","templated":true}]}}