{"id":11188,"date":"2026-08-30T23:12:55","date_gmt":"2026-08-31T02:12:55","guid":{"rendered":"https:\/\/portalbahianoticia.com.br\/?p=11188"},"modified":"2026-08-30T23:12:55","modified_gmt":"2026-08-31T02:12:55","slug":"vila-nova-vence-ceara-e-assume-vice-lideranca-da-serie-b","status":"publish","type":"post","link":"https:\/\/portalbahianoticia.com.br\/?p=11188","title":{"rendered":"Vila Nova vence Cear\u00e1 e assume vice-lideran\u00e7a da S\u00e9rie B"},"content":{"rendered":"<p>Neste domingo, o <b>Vila Nova <\/b>venceu o <b>Cear\u00e1 <\/b>por <strong>2 a 0<\/strong>, no OBA, em partida v\u00e1lida pela 25\u00aa rodada da <a href=\"https:\/\/www.gazetaesportiva.com\/campeonatos\/brasileiro-serie-b\/\"><strong>S\u00e9rie B do Campeonato Brasileiro<\/strong><\/a>. Breno Bora e Andr\u00e9 Lu\u00eds marcaram os gols da vit\u00f3ria do Tigr\u00e3o.<\/p>\n<h2>Situa\u00e7\u00e3o na tabela<\/h2>\n<p>Com o resultado, o Vila Nova chegou aos 44 pontos e subiu para a vice-lideran\u00e7a da S\u00e9rie B. J\u00e1 o Cear\u00e1 segue com 28 pontos, na 17\u00aa coloca\u00e7\u00e3o, abrindo a zona de rebaixamento.<\/p>\n<h2><b><img decoding=\"async\" class=\"emoji\" role=\"img\" draggable=\"false\" src=\"https:\/\/s.w.org\/images\/core\/emoji\/17.0.2\/svg\/1f4cb.svg\" alt=\"\ud83d\udccb\" \/> Ficha t\u00e9cnica\u00a0<\/b><\/h2>\n<p><b><img decoding=\"async\" src=\"https:\/\/s.w.org\/images\/core\/emoji\/17.0.2\/72x72\/1f534.png\" alt=\"\ud83d\udd34\" class=\"wp-smiley\" style=\"height: 1em; max-height: 1em;\" \/><img decoding=\"async\" src=\"https:\/\/s.w.org\/images\/core\/emoji\/17.0.2\/72x72\/26aa.png\" alt=\"\u26aa\" class=\"wp-smiley\" style=\"height: 1em; max-height: 1em;\" \/>VILA NOVA 2 x 0 CEAR\u00c1<\/b><b><img decoding=\"async\" src=\"https:\/\/s.w.org\/images\/core\/emoji\/17.0.2\/72x72\/26ab.png\" alt=\"\u26ab\" class=\"wp-smiley\" style=\"height: 1em; max-height: 1em;\" \/><img decoding=\"async\" src=\"https:\/\/s.w.org\/images\/core\/emoji\/17.0.2\/72x72\/26aa.png\" alt=\"\u26aa\" class=\"wp-smiley\" style=\"height: 1em; max-height: 1em;\" \/><\/b><\/p>\n<p><img decoding=\"async\" class=\"emoji\" role=\"img\" draggable=\"false\" src=\"https:\/\/s.w.org\/images\/core\/emoji\/17.0.2\/svg\/1f3c6.svg\" alt=\"\ud83c\udfc6\" \/>\u00a0<b>Competi\u00e7\u00e3o:<\/b> S\u00e9rie B | 25\u00aa rodada<br \/>\n<img decoding=\"async\" class=\"emoji\" role=\"img\" draggable=\"false\" src=\"https:\/\/s.w.org\/images\/core\/emoji\/17.0.2\/svg\/1f3df.svg\" alt=\"\ud83c\udfdf\" \/>\u00a0<b>Local:<\/b> Est\u00e1dio OBA, em Goi\u00e2nia (GO)<br \/>\n<img decoding=\"async\" class=\"emoji\" role=\"img\" draggable=\"false\" src=\"https:\/\/s.w.org\/images\/core\/emoji\/17.0.2\/svg\/1f4c5.svg\" alt=\"\ud83d\udcc5\" \/>\u00a0<b>Data:<\/b> 30 de agosto de 2026 (domingo)<br \/>\n<img decoding=\"async\" class=\"emoji\" role=\"img\" draggable=\"false\" src=\"https:\/\/s.w.org\/images\/core\/emoji\/17.0.2\/svg\/23f0.svg\" alt=\"\u23f0\" \/>\u00a0<b>Hor\u00e1rio:<\/b> 18h30 (de Bras\u00edlia)<\/p>\n<p><b>Gols<\/b><\/p>\n<ul>\n<li aria-level=\"1\"><img decoding=\"async\" class=\"emoji\" role=\"img\" draggable=\"false\" src=\"https:\/\/s.w.org\/images\/core\/emoji\/17.0.2\/svg\/26bd.svg\" alt=\"\u26bd\" \/> Breno Bora, aos 16\u2032 do 1\u00baT (Vila Nova)<\/li>\n<li><img decoding=\"async\" class=\"emoji\" role=\"img\" draggable=\"false\" src=\"https:\/\/s.w.org\/images\/core\/emoji\/17.0.2\/svg\/26bd.svg\" alt=\"\u26bd\" \/> Andr\u00e9 Lu\u00eds, aos 30\u2032 do 2\u00baT (Vila Nova)<\/li>\n<\/ul>\n<p><strong>Veja tamb\u00e9m:<\/strong><br \/>\n<strong><a href=\"https:\/\/www.gazetaesportiva.com\/todas-as-noticias\/\">Todas as not\u00edcias da Gazeta Esportiva<\/a><\/strong><br \/>\n<strong><a href=\"https:\/\/www.youtube.com\/channel\/UCcndglQZmXnYjgE_Grqt5yg\">Canal da Gazeta Esportiva no YouTube<\/a><\/strong><br \/>\n<strong><a href=\"https:\/\/www.instagram.com\/gazetaesportiva\/\">Siga a Gazeta Esportiva no Instagram<\/a><br \/>\n<\/strong><strong><a href=\"https:\/\/whatsapp.com\/channel\/0029Va9JQFL3WHTguJNfam3U\">Participe do canal da Gazeta Esportiva no WhatsApp<\/a><\/strong><\/p>\n<h2><b>Como foi o jogo\u00a0<\/b><\/h2>\n<p>O Vila Nova abriu o placar em uma jogada ensaiada de escanteio. Jo\u00e3o Vieira cobrou curto com Everton Galdino e recebeu rapidamente a devolu\u00e7\u00e3o para cruzar na segunda trave, onde encontrou Tiago Pagnussat. O zagueiro cabeceou para o meio da \u00e1rea, e seu companheiro de zaga, Breno Bora, apareceu livre para finalizar forte e rasteiro, sem chances para o goleiro Richard.<\/p>\n<p>J\u00e1 nos minutos finais do segundo tempo, o Vila Nova marcou o segundo e confirmou a vit\u00f3ria. Jo\u00e3o Vieira acionou Janderson pela ponta esquerda. O atacante, ex-Corinthians, dominou, partiu para cima da marca\u00e7\u00e3o e cruzou na medida para Andr\u00e9 Luis finalizar de primeira, no \u00e2ngulo esquerdo do gol.<\/p>\n<h2><b>Pr\u00f3ximos jogos<\/b><\/h2>\n<h3><b><strong><img decoding=\"async\" src=\"https:\/\/s.w.org\/images\/core\/emoji\/17.0.2\/72x72\/1f534.png\" alt=\"\ud83d\udd34\" class=\"wp-smiley\" style=\"height: 1em; max-height: 1em;\" \/><img decoding=\"async\" src=\"https:\/\/s.w.org\/images\/core\/emoji\/17.0.2\/72x72\/26aa.png\" alt=\"\u26aa\" class=\"wp-smiley\" style=\"height: 1em; max-height: 1em;\" \/>Vila Nova<\/strong><\/b><\/h3>\n<p><img decoding=\"async\" class=\"emoji\" role=\"img\" draggable=\"false\" src=\"https:\/\/s.w.org\/images\/core\/emoji\/17.0.2\/svg\/2694.svg\" alt=\"\u2694\" \/>\u00a0<b>Jogo:\u00a0<\/b>Athletic x Vila Nova<br \/>\n<img decoding=\"async\" class=\"emoji\" role=\"img\" draggable=\"false\" src=\"https:\/\/s.w.org\/images\/core\/emoji\/17.0.2\/svg\/1f3c6.svg\" alt=\"\ud83c\udfc6\" \/>\u00a0<b>Competi\u00e7\u00e3o:<\/b> S\u00e9rie B | 26\u00aa rodada<br \/>\n<img decoding=\"async\" class=\"emoji\" role=\"img\" draggable=\"false\" src=\"https:\/\/s.w.org\/images\/core\/emoji\/17.0.2\/svg\/1f4c5.svg\" alt=\"\ud83d\udcc5\" \/>\u00a0<b>Data:<\/b> 04 de agosto de 2026 (sexta-feira)<br \/>\n<img decoding=\"async\" class=\"emoji\" role=\"img\" draggable=\"false\" src=\"https:\/\/s.w.org\/images\/core\/emoji\/17.0.2\/svg\/23f0.svg\" alt=\"\u23f0\" \/>\u00a0<b>Hor\u00e1rio:<\/b> 20h30 (de Bras\u00edlia)<br \/>\n<img decoding=\"async\" class=\"emoji\" role=\"img\" draggable=\"false\" src=\"https:\/\/s.w.org\/images\/core\/emoji\/17.0.2\/svg\/1f3df.svg\" alt=\"\ud83c\udfdf\" \/>\u00a0<b>Local: <\/b><span class=\"textStyle_display.micro c_neutrals.nLv3\">Est\u00e1dio Joaquim Portugal<\/span><b><\/b>, em S\u00e3o Jo\u00e3o del Rei (MG)<\/p>\n<h3><b><strong><img decoding=\"async\" src=\"https:\/\/s.w.org\/images\/core\/emoji\/17.0.2\/72x72\/26ab.png\" alt=\"\u26ab\" class=\"wp-smiley\" style=\"height: 1em; max-height: 1em;\" \/><img decoding=\"async\" src=\"https:\/\/s.w.org\/images\/core\/emoji\/17.0.2\/72x72\/26aa.png\" alt=\"\u26aa\" class=\"wp-smiley\" style=\"height: 1em; max-height: 1em;\" \/>Cear\u00e1<\/strong><\/b><\/h3>\n<p><img decoding=\"async\" class=\"emoji\" role=\"img\" draggable=\"false\" src=\"https:\/\/s.w.org\/images\/core\/emoji\/17.0.2\/svg\/2694.svg\" alt=\"\u2694\" \/>\u00a0<b>Jogo: <\/b>Cear\u00e1 x Sport<br \/>\n<img decoding=\"async\" class=\"emoji\" role=\"img\" draggable=\"false\" src=\"https:\/\/s.w.org\/images\/core\/emoji\/17.0.2\/svg\/1f3c6.svg\" alt=\"\ud83c\udfc6\" \/>\u00a0<b>Competi\u00e7\u00e3o:<\/b> S\u00e9rie B | 26\u00aa rodada<br \/>\n<img decoding=\"async\" class=\"emoji\" role=\"img\" draggable=\"false\" src=\"https:\/\/s.w.org\/images\/core\/emoji\/17.0.2\/svg\/1f4c5.svg\" alt=\"\ud83d\udcc5\" \/>\u00a0<b>Data:<\/b> 05 de agosto de 2026 (sexta-feira)<br \/>\n<img decoding=\"async\" class=\"emoji\" role=\"img\" draggable=\"false\" src=\"https:\/\/s.w.org\/images\/core\/emoji\/17.0.2\/svg\/23f0.svg\" alt=\"\u23f0\" \/>\u00a0<b>Hor\u00e1rio:\u00a0<\/b>18h30 (de Bras\u00edlia)<br \/>\n<img decoding=\"async\" class=\"emoji\" role=\"img\" draggable=\"false\" src=\"https:\/\/s.w.org\/images\/core\/emoji\/17.0.2\/svg\/1f3df.svg\" alt=\"\ud83c\udfdf\" \/>\u00a0<b>Local:<\/b> Arena Castel\u00e3o, em Fortaleza (CE)<\/p>\n<div class=\"dugout-video dugout-embed-eyJrZXkiOiIiLCJwIjoiZ2F6ZXRhZXNwb3J0aXZhIiwicGwiOiI0a2hoSjVCWCJ9\"><\/div>\n<p><script src=\"https:\/\/embed.onefootball.com\/inline\/gazetaesportiva.js\" type=\"text\/javascript\"><\/script><\/p>\n<p>O post <a href=\"https:\/\/www.gazetaesportiva.com\/todas-as-noticias\/vila-nova-vence-ceara-e-assume-vice-lideranca-da-serie-b\/\">Vila Nova vence Cear\u00e1 e assume vice-lideran\u00e7a da S\u00e9rie B<\/a> apareceu primeiro em <a href=\"https:\/\/www.gazetaesportiva.com\">Gazeta Esportiva<\/a>.<\/p>\n","protected":false},"excerpt":{"rendered":"<p>Neste domingo, o Vila Nova venceu o Cear\u00e1 por 2 a 0, no OBA, em partida v\u00e1lida pela<\/p>\n","protected":false},"author":1,"featured_media":11189,"comment_status":"open","ping_status":"open","sticky":false,"template":"","format":"standard","meta":{"footnotes":""},"categories":[71],"tags":[],"class_list":["post-11188","post","type-post","status-publish","format-standard","has-post-thumbnail","hentry","category-esportes-news"],"_links":{"self":[{"href":"https:\/\/portalbahianoticia.com.br\/index.php?rest_route=\/wp\/v2\/posts\/11188","targetHints":{"allow":["GET"]}}],"collection":[{"href":"https:\/\/portalbahianoticia.com.br\/index.php?rest_route=\/wp\/v2\/posts"}],"about":[{"href":"https:\/\/portalbahianoticia.com.br\/index.php?rest_route=\/wp\/v2\/types\/post"}],"author":[{"embeddable":true,"href":"https:\/\/portalbahianoticia.com.br\/index.php?rest_route=\/wp\/v2\/users\/1"}],"replies":[{"embeddable":true,"href":"https:\/\/portalbahianoticia.com.br\/index.php?rest_route=%2Fwp%2Fv2%2Fcomments&post=11188"}],"version-history":[{"count":0,"href":"https:\/\/portalbahianoticia.com.br\/index.php?rest_route=\/wp\/v2\/posts\/11188\/revisions"}],"wp:featuredmedia":[{"embeddable":true,"href":"https:\/\/portalbahianoticia.com.br\/index.php?rest_route=\/wp\/v2\/media\/11189"}],"wp:attachment":[{"href":"https:\/\/portalbahianoticia.com.br\/index.php?rest_route=%2Fwp%2Fv2%2Fmedia&parent=11188"}],"wp:term":[{"taxonomy":"category","embeddable":true,"href":"https:\/\/portalbahianoticia.com.br\/index.php?rest_route=%2Fwp%2Fv2%2Fcategories&post=11188"},{"taxonomy":"post_tag","embeddable":true,"href":"https:\/\/portalbahianoticia.com.br\/index.php?rest_route=%2Fwp%2Fv2%2Ftags&post=11188"}],"curies":[{"name":"wp","href":"https:\/\/api.w.org\/{rel}","templated":true}]}}