{"id":11184,"date":"2026-08-30T23:12:57","date_gmt":"2026-08-31T02:12:57","guid":{"rendered":"https:\/\/portalbahianoticia.com.br\/?p=11184"},"modified":"2026-08-30T23:12:57","modified_gmt":"2026-08-31T02:12:57","slug":"lucas-verissimo-e-barreal-levam-terceiro-amarelo-e-desfalcam-o-santos-contra-o-internacional","status":"publish","type":"post","link":"https:\/\/portalbahianoticia.com.br\/?p=11184","title":{"rendered":"Lucas Ver\u00edssimo e Barreal levam terceiro amarelo e desfalcam o Santos contra o Internacional"},"content":{"rendered":"<p class=\"isSelectedEnd\">O <a href=\"https:\/\/www.gazetaesportiva.com\/times\/santos\/\"><strong>Santos<\/strong><\/a> ter\u00e1 dois desfalques para a pr\u00f3xima rodada do <strong>Campeonato Brasileiro<\/strong>. O zagueiro <strong>Lucas Ver\u00edssimo<\/strong> e o atacante \u00c1<strong>lvaro Barreal<\/strong> receberam o terceiro cart\u00e3o amarelo <a href=\"https:\/\/www.gazetaesportiva.com\/campeonatos\/brasileiro-serie-a\/corinthians-x-santos-campeonato-brasileiro-30-08-2026\/\"><strong>no cl\u00e1ssico contra o Corinthians<\/strong><\/a>, neste domingo, na Neo Qu\u00edmica Arena, e est\u00e3o suspensos para o confronto com o <strong>Internacional,<\/strong> pela 26\u00aa rodada.<\/p>\n<p class=\"isSelectedEnd\">Por outro lado, o Peixe ter\u00e1 um retorno para a partida. O volante <strong>Jo\u00e3o Schmidt<\/strong> cumpriu suspens\u00e3o no cl\u00e1ssico e estar\u00e1 novamente \u00e0 disposi\u00e7\u00e3o do t\u00e9cnico Cuca.<\/p>\n<p>Antes de voltar a campo pelo Brasileir\u00e3o, o Santos encara o <strong>Palmeiras<\/strong> nesta quarta-feira, pelo jogo de volta das quartas de final da<strong> Copa do Brasil<\/strong>, na Vila Belmiro. Na partida de ida, o Peixe foi derrotado por<strong> 3 a 0<\/strong>, no Nubank Parque.<\/p>\n<p><strong>Veja tamb\u00e9m:<strong><br \/>\n<a href=\"https:\/\/www.gazetaesportiva.com\/todas-as-noticias\/\">Todas as not\u00edcias da Gazeta Esportiva<\/a><\/strong><br \/>\n<strong><a href=\"https:\/\/www.youtube.com\/channel\/UCcndglQZmXnYjgE_Grqt5yg\">Canal da Gazeta Esportiva no YouTube<\/a><\/strong><br \/>\n<strong><a href=\"https:\/\/www.instagram.com\/gazetaesportiva\/\">Siga a Gazeta Esportiva no Instagram<\/a><br \/>\n<\/strong><strong><a href=\"https:\/\/whatsapp.com\/channel\/0029Va9JQFL3WHTguJNfam3U\">Participe do canal da Gazeta Esportiva no WhatsApp<\/a><\/strong><\/strong><\/p>\n<h2>Situa\u00e7\u00e3o do Santos no Brasileir\u00e3o<\/h2>\n<p>Com a vit\u00f3ria no cl\u00e1ssico, o Santos chegou ao terceiro jogo consecutivo sem perder no Campeonato Brasileiro e subiu para a <strong>14\u00aa coloca\u00e7\u00e3o<\/strong>, com <strong>29 pontos<\/strong>. O Peixe abriu <strong>quatro pontos de vantagem<\/strong> para o <strong>Vasco,<\/strong> primeiro clube dentro da zona de rebaixamento.<\/p>\n<div class='fotorama' data-click='false' data-nav='thumbs' data-allowfullscreen='true'><a data-caption='\n\n<div class=\"fotorama_legenda_galeria\">(Foto: Rodrigo Coca \/ Ag. Corinthians)<\/div>\n<p>&#8216; href=&#8217;https:\/\/static.gazetaesportiva.com\/uploads\/2026\/08\/248234-963&#215;1024.webp&#8217; data-thumb=&#8217;https:\/\/static.gazetaesportiva.com\/uploads\/2026\/08\/248234-963&#215;1024.webp&#8217;><\/a><a data-caption='\n\n<div class=\"fotorama_legenda_galeria\">(Foto: Rodrigo Coca \/ Ag. Corinthians)<\/div>\n<p>&#8216; href=&#8217;https:\/\/static.gazetaesportiva.com\/uploads\/2026\/08\/248236-930&#215;1024.webp&#8217; data-thumb=&#8217;https:\/\/static.gazetaesportiva.com\/uploads\/2026\/08\/248236-930&#215;1024.webp&#8217;><\/a><a data-caption='\n\n<div class=\"fotorama_legenda_galeria\">(Foto: Divulga\u00e7\u00e3o \/ Santos)<\/div>\n<p>&#8216; href=&#8217;https:\/\/static.gazetaesportiva.com\/uploads\/2026\/08\/HQ_pM9JWMAA0rhA.webp&#8217; data-thumb=&#8217;https:\/\/static.gazetaesportiva.com\/uploads\/2026\/08\/HQ_pM9JWMAA0rhA.webp&#8217;><\/a><a data-caption='\n\n<div class=\"fotorama_legenda_galeria\">(Foto: Divulga\u00e7\u00e3o \/ Santos)<\/div>\n<p>&#8216; href=&#8217;https:\/\/static.gazetaesportiva.com\/uploads\/2026\/08\/HQ_pD96XAAAjAXU-1024&#215;650.webp&#8217; data-thumb=&#8217;https:\/\/static.gazetaesportiva.com\/uploads\/2026\/08\/HQ_pD96XAAAjAXU-1024&#215;650.webp&#8217;><\/a><a data-caption='\n\n<div class=\"fotorama_legenda_galeria\">(Foto: Rodrigo Coca \/ Ag. Corinthians)<\/div>\n<p>&#8216; href=&#8217;https:\/\/static.gazetaesportiva.com\/uploads\/2026\/08\/248232-976&#215;1024.webp&#8217; data-thumb=&#8217;https:\/\/static.gazetaesportiva.com\/uploads\/2026\/08\/248232-976&#215;1024.webp&#8217;><\/a><a data-caption='\n\n<div class=\"fotorama_legenda_galeria\">(Foto: Rodrigo Coca \/ Ag. Corinthians)<\/div>\n<p>&#8216; href=&#8217;https:\/\/static.gazetaesportiva.com\/uploads\/2026\/08\/248243-993&#215;1024.webp&#8217; data-thumb=&#8217;https:\/\/static.gazetaesportiva.com\/uploads\/2026\/08\/248243-993&#215;1024.webp&#8217;><\/a><a data-caption='\n\n<div class=\"fotorama_legenda_galeria\">(Foto: Rodrigo Coca \/ Ag. Corinthians)<\/div>\n<p>&#8216; href=&#8217;https:\/\/static.gazetaesportiva.com\/uploads\/2026\/08\/248244-898&#215;1024.webp&#8217; data-thumb=&#8217;https:\/\/static.gazetaesportiva.com\/uploads\/2026\/08\/248244-898&#215;1024.webp&#8217;><\/a><a data-caption='\n\n<div class=\"fotorama_legenda_galeria\">(Foto: Rodrigo Coca \/ Ag. Corinthians)<\/div>\n<p>&#8216; href=&#8217;https:\/\/static.gazetaesportiva.com\/uploads\/2026\/08\/248248-946&#215;1024.webp&#8217; data-thumb=&#8217;https:\/\/static.gazetaesportiva.com\/uploads\/2026\/08\/248248-946&#215;1024.webp&#8217;><\/a><\/div>\n<p><\/p>\n<h2>Pr\u00f3ximos jogos do Santos<\/h2>\n<p><strong>Santos x Palmeiras<\/strong><br \/>\nCompeti\u00e7\u00e3o: Copa do Brasil (quartas de final | volta)<br \/>\nData e hora: 02\/09 (quarta-feira), \u00e0s 21h30 (de Bras\u00edlia)<br \/>\nLocal: Vila Belmiro, em Santos (SP)<\/p>\n<p><strong>Internacional x Santos<\/strong><br \/>\nCompeti\u00e7\u00e3o: Campeonato Brasileiro \u2013 26\u00aa rodada<br \/>\nData e hora: 06\/09 (domingo), \u00e0s 16h (de Bras\u00edlia)<br \/>\nLocal: Beira-Rio, em Porto Alegre (RS)<\/p>\n<div style=\"margin: 0 auto; min-width: 300px;\">\n<div style=\"position: relative; padding-bottom: 56.25%; height: 0; overflow: hidden;\"><iframe style=\"width: 300px; min-width: 100%; position: absolute; top: 0; left: 0; height: 100%; overflow: hidden;\" src=\"https:\/\/embed.onefootball.com\/iframe\/?p=eyJrZXkiOiI0d0tydjlqeSIsInAiOiJnYXpldGFlc3BvcnRpdmEiLCJwbCI6IiJ9\" width=\"100%\" frameborder=\"0\" scrolling=\"no\" allowfullscreen=\"allowfullscreen\"><\/iframe><\/div>\n<\/div>\n<p>O post <a href=\"https:\/\/www.gazetaesportiva.com\/times\/santos\/lucas-verissimo-barreal-suspensos-santos-internacional\/\">Lucas Ver\u00edssimo e Barreal levam terceiro amarelo e desfalcam o Santos contra o Internacional<\/a> apareceu primeiro em <a href=\"https:\/\/www.gazetaesportiva.com\">Gazeta Esportiva<\/a>.<\/p>\n","protected":false},"excerpt":{"rendered":"<p>O Santos ter\u00e1 dois desfalques para a pr\u00f3xima rodada do Campeonato Brasileiro. O zagueiro Lucas Ver\u00edssimo e o<\/p>\n","protected":false},"author":1,"featured_media":11185,"comment_status":"open","ping_status":"open","sticky":false,"template":"","format":"standard","meta":{"footnotes":""},"categories":[71],"tags":[],"class_list":["post-11184","post","type-post","status-publish","format-standard","has-post-thumbnail","hentry","category-esportes-news"],"_links":{"self":[{"href":"https:\/\/portalbahianoticia.com.br\/index.php?rest_route=\/wp\/v2\/posts\/11184","targetHints":{"allow":["GET"]}}],"collection":[{"href":"https:\/\/portalbahianoticia.com.br\/index.php?rest_route=\/wp\/v2\/posts"}],"about":[{"href":"https:\/\/portalbahianoticia.com.br\/index.php?rest_route=\/wp\/v2\/types\/post"}],"author":[{"embeddable":true,"href":"https:\/\/portalbahianoticia.com.br\/index.php?rest_route=\/wp\/v2\/users\/1"}],"replies":[{"embeddable":true,"href":"https:\/\/portalbahianoticia.com.br\/index.php?rest_route=%2Fwp%2Fv2%2Fcomments&post=11184"}],"version-history":[{"count":0,"href":"https:\/\/portalbahianoticia.com.br\/index.php?rest_route=\/wp\/v2\/posts\/11184\/revisions"}],"wp:featuredmedia":[{"embeddable":true,"href":"https:\/\/portalbahianoticia.com.br\/index.php?rest_route=\/wp\/v2\/media\/11185"}],"wp:attachment":[{"href":"https:\/\/portalbahianoticia.com.br\/index.php?rest_route=%2Fwp%2Fv2%2Fmedia&parent=11184"}],"wp:term":[{"taxonomy":"category","embeddable":true,"href":"https:\/\/portalbahianoticia.com.br\/index.php?rest_route=%2Fwp%2Fv2%2Fcategories&post=11184"},{"taxonomy":"post_tag","embeddable":true,"href":"https:\/\/portalbahianoticia.com.br\/index.php?rest_route=%2Fwp%2Fv2%2Ftags&post=11184"}],"curies":[{"name":"wp","href":"https:\/\/api.w.org\/{rel}","templated":true}]}}