{"id":11182,"date":"2026-08-30T23:12:58","date_gmt":"2026-08-31T02:12:58","guid":{"rendered":"https:\/\/portalbahianoticia.com.br\/?p=11182"},"modified":"2026-08-30T23:12:58","modified_gmt":"2026-08-31T02:12:58","slug":"mauricio-lamenta-empate-do-palmeiras-com-o-mirassol-e-mira-foco-na-copa-do-brasil","status":"publish","type":"post","link":"https:\/\/portalbahianoticia.com.br\/?p=11182","title":{"rendered":"Maur\u00edcio lamenta empate do Palmeiras com o Mirassol e mira foco na Copa do Brasil"},"content":{"rendered":"<p><a href=\"https:\/\/www.gazetaesportiva.com\/times\/palmeiras\/mirassol-x-palmeiras-brasileirao-2026\/\">Ap\u00f3s o empate por 1 a 1 com o Mirassol neste domingo, pela 25\u00aa rodada do Campeonato Brasileiro<\/a>, o meia Maur\u00edcio lamentou o resultado fora de casa, mas pregou foco na sequ\u00eancia da temporada.<\/p>\n<blockquote class=\"twitter-tweet\">\n<p dir=\"ltr\" lang=\"pt\">O gol que garantiu mais um ponto conquistado fora de casa <img decoding=\"async\" src=\"https:\/\/s.w.org\/images\/core\/emoji\/17.0.2\/72x72\/26bd.png\" alt=\"\u26bd\" class=\"wp-smiley\" style=\"height: 1em; max-height: 1em;\" \/> <a href=\"https:\/\/t.co\/VxjIobrXGs\">pic.twitter.com\/VxjIobrXGs<\/a><\/p>\n<p>\u2014 SE Palmeiras (@Palmeiras) <a href=\"https:\/\/x.com\/Palmeiras\/status\/2094209631040016407?ref_src=twsrc%5Etfw\">August 30, 2026<\/a><\/p>\n<\/blockquote>\n<p><script async src=\"https:\/\/platform.x.com\/widgets.js\" charset=\"utf-8\"><\/script><\/p>\n<h2>\u201cN\u00e3o era o resultado que a gente queria\u201d<\/h2>\n<p>Ao fim da partida, o meia admitiu que o empate ficou abaixo das expectativas da equipe.<\/p>\n<p>\u201cComo voc\u00ea disse, a gente sabe que est\u00e1 disputando as tr\u00eas competi\u00e7\u00f5es l\u00e1 em cima. Claro que n\u00e3o era o resultado que a gente queria, n\u00e3o era o resultado que a gente esperava. No decorrer do jogo eles tiveram um cruzamento ali e foram felizes. Mas \u00e9 sacar daqui tamb\u00e9m esse empate. Pensar agora no jogo da volta contra o Santos, que \u00e9 de muita import\u00e2ncia, e no final de semana que vem voltar a ganhar no Brasileiro\u201d, afirmou \u00e0 Prime Video.<\/p>\n<p>Apesar da frustra\u00e7\u00e3o pelo resultado, Maur\u00edcio vive um momento especial com a camisa alviverde. O gol marcado diante do Mirassol foi o 12\u00ba da temporada, a maior marca de sua carreira em um \u00fanico ano.<\/p>\n<p>\u201cMuito grato a Deus. Estou muito feliz por esse momento que estou vivendo. \u00c9 a minha temporada com mais gols na carreira, com 12 gols. Isso \u00e9 fruto de muito trabalho, de muita dedica\u00e7\u00e3o. Agradecer aos companheiros tamb\u00e9m, porque nada se constr\u00f3i sozinho e sim tudo no coletivo. Fico muito feliz por mais um gol, mas trocava esse gol pelo resultado positivo\u201d, disse.<\/p>\n<h2>Situa\u00e7\u00e3o da tabela<\/h2>\n<p>Com o empate, o Palmeiras chegou aos 52 pontos e viu a vantagem para o vice-l\u00edder Flamengo cair para quatro pontos. Agora, o foco da equipe est\u00e1 voltado para o duelo contra o Santos, na pr\u00f3xima quarta-feira, na Vila Belmiro, pelo jogo de volta das quartas de final da Copa do Brasil.<\/p>\n<div class='fotorama' data-click='false' data-nav='thumbs' data-allowfullscreen='true'><a data-caption='\n\n<div class=\"fotorama_legenda_galeria\">Foto: Cesar Greco\/Palmeiras\/by Canon<\/div>\n<p>&#8216; href=&#8217;https:\/\/static.gazetaesportiva.com\/uploads\/2026\/08\/30082026_cg_palmeiras_destaque_6785_23-819&#215;1024.webp&#8217; data-thumb=&#8217;https:\/\/static.gazetaesportiva.com\/uploads\/2026\/08\/30082026_cg_palmeiras_destaque_6785_23-819&#215;1024.webp&#8217;><\/a><a data-caption='\n\n<div class=\"fotorama_legenda_galeria\">Foto: Cesar Greco\/Palmeiras\/by Canon<\/div>\n<p>&#8216; href=&#8217;https:\/\/static.gazetaesportiva.com\/uploads\/2026\/08\/30082026_cg_palmeiras_destaque_6778_22-819&#215;1024.webp&#8217; data-thumb=&#8217;https:\/\/static.gazetaesportiva.com\/uploads\/2026\/08\/30082026_cg_palmeiras_destaque_6778_22-819&#215;1024.webp&#8217;><\/a><a data-caption='\n\n<div class=\"fotorama_legenda_galeria\">Foto: Cesar Greco\/Palmeiras\/by Canon<\/div>\n<p>&#8216; href=&#8217;https:\/\/static.gazetaesportiva.com\/uploads\/2026\/08\/30082026_cg_palmeiras_destaque_6847_29-819&#215;1024.webp&#8217; data-thumb=&#8217;https:\/\/static.gazetaesportiva.com\/uploads\/2026\/08\/30082026_cg_palmeiras_destaque_6847_29-819&#215;1024.webp&#8217;><\/a><a data-caption='\n\n<div class=\"fotorama_legenda_galeria\">Foto: Cesar Greco\/Palmeiras\/by Canon<\/div>\n<p>&#8216; href=&#8217;https:\/\/static.gazetaesportiva.com\/uploads\/2026\/08\/30082026_cg_palmeiras_destaque_6823_26-819&#215;1024.webp&#8217; data-thumb=&#8217;https:\/\/static.gazetaesportiva.com\/uploads\/2026\/08\/30082026_cg_palmeiras_destaque_6823_26-819&#215;1024.webp&#8217;><\/a><a data-caption='\n\n<div class=\"fotorama_legenda_galeria\">Foto: Cesar Greco\/Palmeiras\/by Canon<\/div>\n<p>&#8216; href=&#8217;https:\/\/static.gazetaesportiva.com\/uploads\/2026\/08\/30082026_cg_palmeiras_destaque_6815_25-1024&#215;577.webp&#8217; data-thumb=&#8217;https:\/\/static.gazetaesportiva.com\/uploads\/2026\/08\/30082026_cg_palmeiras_destaque_6815_25-1024&#215;577.webp&#8217;><\/a><a data-caption='\n\n<div class=\"fotorama_legenda_galeria\">Foto: Cesar Greco\/Palmeiras\/by Canon<\/div>\n<p>&#8216; href=&#8217;https:\/\/static.gazetaesportiva.com\/uploads\/2026\/08\/30082026_cg_palmeiras_destaque_6744_19-1024&#215;577.webp&#8217; data-thumb=&#8217;https:\/\/static.gazetaesportiva.com\/uploads\/2026\/08\/30082026_cg_palmeiras_destaque_6744_19-1024&#215;577.webp&#8217;><\/a><a data-caption='\n\n<div class=\"fotorama_legenda_galeria\">Foto: Cesar Greco\/Palmeiras\/by Canon<\/div>\n<p>&#8216; href=&#8217;https:\/\/static.gazetaesportiva.com\/uploads\/2026\/08\/30082026_cg_palmeiras_destaque_6699_17-819&#215;1024.webp&#8217; data-thumb=&#8217;https:\/\/static.gazetaesportiva.com\/uploads\/2026\/08\/30082026_cg_palmeiras_destaque_6699_17-819&#215;1024.webp&#8217;><\/a><a data-caption='\n\n<div class=\"fotorama_legenda_galeria\">Foto: Cesar Greco\/Palmeiras\/by Canon<\/div>\n<p>&#8216; href=&#8217;https:\/\/static.gazetaesportiva.com\/uploads\/2026\/08\/30082026_cg_palmeiras_destaque_6613_9-1024&#215;577.webp&#8217; data-thumb=&#8217;https:\/\/static.gazetaesportiva.com\/uploads\/2026\/08\/30082026_cg_palmeiras_destaque_6613_9-1024&#215;577.webp&#8217;><\/a><a data-caption='\n\n<div class=\"fotorama_legenda_galeria\">Foto: Cesar Greco\/Palmeiras\/by Canon<\/div>\n<p>&#8216; href=&#8217;https:\/\/static.gazetaesportiva.com\/uploads\/2026\/08\/30082026_cg_palmeiras_destaque_6625_10-1024&#215;577.webp&#8217; data-thumb=&#8217;https:\/\/static.gazetaesportiva.com\/uploads\/2026\/08\/30082026_cg_palmeiras_destaque_6625_10-1024&#215;577.webp&#8217;><\/a><a data-caption='\n\n<div class=\"fotorama_legenda_galeria\">Foto: Cesar Greco\/Palmeiras\/by Canon<\/div>\n<p>&#8216; href=&#8217;https:\/\/static.gazetaesportiva.com\/uploads\/2026\/08\/30082026_cg_palmeiras_destaque_6649_12-1024&#215;577.webp&#8217; data-thumb=&#8217;https:\/\/static.gazetaesportiva.com\/uploads\/2026\/08\/30082026_cg_palmeiras_destaque_6649_12-1024&#215;577.webp&#8217;><\/a><a data-caption='\n\n<div class=\"fotorama_legenda_galeria\">Foto: Cesar Greco\/Palmeiras\/by Canon<\/div>\n<p>&#8216; href=&#8217;https:\/\/static.gazetaesportiva.com\/uploads\/2026\/08\/30082026_cg_palmeiras_destaque_6589_7-819&#215;1024.webp&#8217; data-thumb=&#8217;https:\/\/static.gazetaesportiva.com\/uploads\/2026\/08\/30082026_cg_palmeiras_destaque_6589_7-819&#215;1024.webp&#8217;><\/a><a data-caption='\n\n<div class=\"fotorama_legenda_galeria\">Foto: Cesar Greco\/Palmeiras\/by Canon<\/div>\n<p>&#8216; href=&#8217;https:\/\/static.gazetaesportiva.com\/uploads\/2026\/08\/30082026_cg_palmeiras_destaque_6573_6-1024&#215;577.webp&#8217; data-thumb=&#8217;https:\/\/static.gazetaesportiva.com\/uploads\/2026\/08\/30082026_cg_palmeiras_destaque_6573_6-1024&#215;577.webp&#8217;><\/a><\/div>\n<p><\/p>\n<h2><strong>Pr\u00f3ximo jogo<\/strong><\/h2>\n<h3><strong>Palmeiras<\/strong><\/h3>\n<p><strong>Jogo<\/strong>: Santos x Palmeiras<br \/>\n<strong>Competi\u00e7\u00e3o<\/strong>: Copa do Brasil (quartas de final | volta)<br \/>\n<strong>Data e hora<\/strong>: 2 de setembro de 2026 (quarta-feira), \u00e0s 21h30 (de Bras\u00edlia)<br \/>\n<strong>Local<\/strong>: Vila Belmiro, em Santos (SP)<\/p>\n<p><strong>Veja tamb\u00e9m:<\/strong><br \/>\n<strong><a href=\"https:\/\/www.gazetaesportiva.com\/todas-as-noticias\/\">Todas as not\u00edcias da Gazeta Esportiva<\/a><\/strong><br \/>\n<strong><a href=\"https:\/\/www.youtube.com\/channel\/UCcndglQZmXnYjgE_Grqt5yg\">Canal da Gazeta Esportiva no YouTube<\/a><\/strong><br \/>\n<strong><a href=\"https:\/\/www.instagram.com\/gazetaesportiva\/\">Siga a Gazeta Esportiva no Instagram<\/a><br \/>\n<\/strong><strong><a href=\"https:\/\/whatsapp.com\/channel\/0029Va9JQFL3WHTguJNfam3U\">Participe do canal da Gazeta Esportiva no WhatsApp<\/a>\u00a0<\/strong><\/p>\n<p>O post <a href=\"https:\/\/www.gazetaesportiva.com\/times\/palmeiras\/mauricio-lamenta-empate-palmeiras-mirassol-nao-era-resultado-queriamos\/\">Maur\u00edcio lamenta empate do Palmeiras com o Mirassol e mira foco na Copa do Brasil<\/a> apareceu primeiro em <a href=\"https:\/\/www.gazetaesportiva.com\">Gazeta Esportiva<\/a>.<\/p>\n","protected":false},"excerpt":{"rendered":"<p>Ap\u00f3s o empate por 1 a 1 com o Mirassol neste domingo, pela 25\u00aa rodada do Campeonato Brasileiro,<\/p>\n","protected":false},"author":1,"featured_media":11183,"comment_status":"open","ping_status":"open","sticky":false,"template":"","format":"standard","meta":{"footnotes":""},"categories":[71],"tags":[],"class_list":["post-11182","post","type-post","status-publish","format-standard","has-post-thumbnail","hentry","category-esportes-news"],"_links":{"self":[{"href":"https:\/\/portalbahianoticia.com.br\/index.php?rest_route=\/wp\/v2\/posts\/11182","targetHints":{"allow":["GET"]}}],"collection":[{"href":"https:\/\/portalbahianoticia.com.br\/index.php?rest_route=\/wp\/v2\/posts"}],"about":[{"href":"https:\/\/portalbahianoticia.com.br\/index.php?rest_route=\/wp\/v2\/types\/post"}],"author":[{"embeddable":true,"href":"https:\/\/portalbahianoticia.com.br\/index.php?rest_route=\/wp\/v2\/users\/1"}],"replies":[{"embeddable":true,"href":"https:\/\/portalbahianoticia.com.br\/index.php?rest_route=%2Fwp%2Fv2%2Fcomments&post=11182"}],"version-history":[{"count":0,"href":"https:\/\/portalbahianoticia.com.br\/index.php?rest_route=\/wp\/v2\/posts\/11182\/revisions"}],"wp:featuredmedia":[{"embeddable":true,"href":"https:\/\/portalbahianoticia.com.br\/index.php?rest_route=\/wp\/v2\/media\/11183"}],"wp:attachment":[{"href":"https:\/\/portalbahianoticia.com.br\/index.php?rest_route=%2Fwp%2Fv2%2Fmedia&parent=11182"}],"wp:term":[{"taxonomy":"category","embeddable":true,"href":"https:\/\/portalbahianoticia.com.br\/index.php?rest_route=%2Fwp%2Fv2%2Fcategories&post=11182"},{"taxonomy":"post_tag","embeddable":true,"href":"https:\/\/portalbahianoticia.com.br\/index.php?rest_route=%2Fwp%2Fv2%2Ftags&post=11182"}],"curies":[{"name":"wp","href":"https:\/\/api.w.org\/{rel}","templated":true}]}}