{"id":11172,"date":"2026-08-30T23:13:03","date_gmt":"2026-08-31T02:13:03","guid":{"rendered":"https:\/\/portalbahianoticia.com.br\/?p=11172"},"modified":"2026-08-30T23:13:03","modified_gmt":"2026-08-31T02:13:03","slug":"abel-cobra-mais-do-palmeiras-critica-arbitragem-e-cita-desgaste-apos-empate","status":"publish","type":"post","link":"https:\/\/portalbahianoticia.com.br\/?p=11172","title":{"rendered":"Abel cobra mais do Palmeiras, critica arbitragem e cita desgaste ap\u00f3s empate"},"content":{"rendered":"<p><a href=\"https:\/\/www.gazetaesportiva.com\/times\/palmeiras\/mirassol-x-palmeiras-brasileirao-2026\/\">Ap\u00f3s o empate por 1 a 1 com o Mirassol, neste domingo, pela 25\u00aa rodada do Campeonato Brasileiro<\/a>, o t\u00e9cnico Abel Ferreira reconheceu que o Palmeiras poderia ter produzido mais ofensivamente, mas ressaltou as dificuldades encontradas diante de um advers\u00e1rio que teve mais tempo para se preparar para a partida.<\/p>\n<blockquote class=\"twitter-tweet\">\n<p dir=\"ltr\" lang=\"pt\">Fim de jogo: Mirassol 1\u00d71 Palmeiras.<a href=\"https:\/\/x.com\/hashtag\/FimDeJogoSEP?src=hash&#038;ref_src=twsrc%5Etfw\">#FimDeJogoSEP<\/a> <a href=\"https:\/\/x.com\/hashtag\/MIRxPAL?src=hash&#038;ref_src=twsrc%5Etfw\">#MIRxPAL<\/a> <a href=\"https:\/\/t.co\/S3pfskGUJt\">pic.twitter.com\/S3pfskGUJt<\/a><\/p>\n<p>\u2014 SE Palmeiras (@Palmeiras) <a href=\"https:\/\/x.com\/Palmeiras\/status\/2094206683450908793?ref_src=twsrc%5Etfw\">August 30, 2026<\/a><\/p>\n<\/blockquote>\n<p><script async src=\"https:\/\/platform.x.com\/widgets.js\" charset=\"utf-8\"><\/script><\/p>\n<h2>\u201cO Palmeiras tem que produzir mais\u201d<\/h2>\n<p>O treinador destacou a diferen\u00e7a f\u00edsica entre as equipes e afirmou que esse fator teve influ\u00eancia direta no desempenho do Verd\u00e3o ao longo do confronto.<\/p>\n<p>\u201cO advers\u00e1rio preparou muito bem o jogo. Teve uma semana inteira para trabalhar e estava fisicamente mais fresco. Houve muita transpira\u00e7\u00e3o da nossa equipe. Esses componentes f\u00edsicos muitas vezes se refletem nas a\u00e7\u00f5es t\u00e9cnicas. Se fizermos uma an\u00e1lise individual, podemos claramente dizer: este jogador pode dar mais, este est\u00e1 dentro do n\u00edvel. Esses fatores influenciam, mas o Palmeiras tem que produzir mais\u201d, afirmou.<\/p>\n<h2>Cr\u00edticas \u00e0 arbitragem<\/h2>\n<p>Abel, que foi advertido com o cart\u00e3o amarelo na primeira etapa, tamb\u00e9m fez cr\u00edticas \u00e0 atua\u00e7\u00e3o da arbitragem e questionou alguns crit\u00e9rios adotados durante a partida no Mai\u00e3o.<\/p>\n<p>\u201cEm um jogo como este, faltando quatro meses para o fim do campeonato e com o Mirassol lutando para n\u00e3o cair, queremos os melhores \u00e1rbitros. \u00c9 inacredit\u00e1vel que o Felipe Anderson leve uma gravata e nem falta seja marcada. No in\u00edcio do jogo, houve uma falta no Marlon que ele n\u00e3o marcou e tamb\u00e9m n\u00e3o deu cart\u00e3o amarelo. Depois expulsa o Arthur. Se segue um crit\u00e9rio, que siga durante todo o jogo. Isso n\u00e3o pode acontecer\u201d, indagou.<\/p>\n<p>\u201cPor isso gera irrita\u00e7\u00e3o na \u00e1rea t\u00e9cnica. Conhe\u00e7o este \u00e1rbitro do Campeonato Paulista, mas, na minha opini\u00e3o, existem \u00e1rbitros melhores para apitar uma competi\u00e7\u00e3o deste n\u00edvel\u201d, completou.<\/p>\n<h2>\u201cVamos lutar at\u00e9 o fim\u201d<\/h2>\n<p>Questionado sobre a possibilidade de o Palmeiras buscar uma conquista in\u00e9dita de Campeonato Brasileiro, Copa do Brasil e Libertadores no mesmo ano, o treinador voltou a citar o desgaste provocado pelo calend\u00e1rio, mas garantiu que n\u00e3o medir\u00e1 esfor\u00e7os na reta final da temporada.<\/p>\n<p>\u201cVamos continuar enfrentando jogos em que os advers\u00e1rios t\u00eam uma semana para se preparar e n\u00f3s n\u00e3o, como aconteceu hoje e tamb\u00e9m contra o Vasco. Isso faz toda a diferen\u00e7a na parte f\u00edsica. Nosso advers\u00e1rio tinha uma vantagem muito grande nesse aspecto\u201d, disse.<\/p>\n<p>\u201cO primeiro t\u00edtulo da temporada j\u00e1 conquistamos, que foi o Paulista. Estamos lutando pelos outros tr\u00eas e vamos at\u00e9 o fim com todas as nossas for\u00e7as, com sacrif\u00edcio e com ra\u00e7a\u201d, acrescentou.<\/p>\n<h2>Reposi\u00e7\u00f5es<\/h2>\n<p>Perguntado se as sa\u00eddas de Allan e Riquelme Filippi ter\u00e3o reposi\u00e7\u00e3o, Abel preferiu destacar as op\u00e7\u00f5es ofensivas do atual elenco e enfatizou a necessidade de recupera\u00e7\u00e3o f\u00edsica dos jogadores dispon\u00edveis no setor.<\/p>\n<p>\u201c\u00c9 preciso que os nossos jogadores estejam em boa forma. O Vitor Roque precisa recuperar a melhor vers\u00e3o dele. N\u00f3s esperamos muito dele. Infelizmente tivemos aus\u00eancias por les\u00e3o neste jogo. Futebol n\u00e3o \u00e9 apenas compet\u00eancia, tamb\u00e9m \u00e9 preciso ter um pouco de sorte para que ningu\u00e9m mais se machuque\u201d, concluiu.<\/p>\n<h2>De olho no retrovisor<\/h2>\n<p>Com o empate, o Palmeiras chegou aos 52 pontos e viu a vantagem para o vice-l\u00edder Flamengo cair para quatro pontos. Agora, o Verd\u00e3o volta suas aten\u00e7\u00f5es para o duelo decisivo contra o Santos, na pr\u00f3xima quarta-feira, pelas quartas de final da Copa do Brasil.<\/p>\n<div class='fotorama' data-click='false' data-nav='thumbs' data-allowfullscreen='true'><a data-caption='\n\n<div class=\"fotorama_legenda_galeria\">Foto: Cesar Greco\/Palmeiras\/by Canon<\/div>\n<p>&#8216; href=&#8217;https:\/\/static.gazetaesportiva.com\/uploads\/2026\/08\/30082026_cg_palmeiras_destaque_6785_23-819&#215;1024.webp&#8217; data-thumb=&#8217;https:\/\/static.gazetaesportiva.com\/uploads\/2026\/08\/30082026_cg_palmeiras_destaque_6785_23-819&#215;1024.webp&#8217;><\/a><a data-caption='\n\n<div class=\"fotorama_legenda_galeria\">Foto: Cesar Greco\/Palmeiras\/by Canon<\/div>\n<p>&#8216; href=&#8217;https:\/\/static.gazetaesportiva.com\/uploads\/2026\/08\/30082026_cg_palmeiras_destaque_6778_22-819&#215;1024.webp&#8217; data-thumb=&#8217;https:\/\/static.gazetaesportiva.com\/uploads\/2026\/08\/30082026_cg_palmeiras_destaque_6778_22-819&#215;1024.webp&#8217;><\/a><a data-caption='\n\n<div class=\"fotorama_legenda_galeria\">Foto: Cesar Greco\/Palmeiras\/by Canon<\/div>\n<p>&#8216; href=&#8217;https:\/\/static.gazetaesportiva.com\/uploads\/2026\/08\/30082026_cg_palmeiras_destaque_6847_29-819&#215;1024.webp&#8217; data-thumb=&#8217;https:\/\/static.gazetaesportiva.com\/uploads\/2026\/08\/30082026_cg_palmeiras_destaque_6847_29-819&#215;1024.webp&#8217;><\/a><a data-caption='\n\n<div class=\"fotorama_legenda_galeria\">Foto: Cesar Greco\/Palmeiras\/by Canon<\/div>\n<p>&#8216; href=&#8217;https:\/\/static.gazetaesportiva.com\/uploads\/2026\/08\/30082026_cg_palmeiras_destaque_6823_26-819&#215;1024.webp&#8217; data-thumb=&#8217;https:\/\/static.gazetaesportiva.com\/uploads\/2026\/08\/30082026_cg_palmeiras_destaque_6823_26-819&#215;1024.webp&#8217;><\/a><a data-caption='\n\n<div class=\"fotorama_legenda_galeria\">Foto: Cesar Greco\/Palmeiras\/by Canon<\/div>\n<p>&#8216; href=&#8217;https:\/\/static.gazetaesportiva.com\/uploads\/2026\/08\/30082026_cg_palmeiras_destaque_6815_25-1024&#215;577.webp&#8217; data-thumb=&#8217;https:\/\/static.gazetaesportiva.com\/uploads\/2026\/08\/30082026_cg_palmeiras_destaque_6815_25-1024&#215;577.webp&#8217;><\/a><a data-caption='\n\n<div class=\"fotorama_legenda_galeria\">Foto: Cesar Greco\/Palmeiras\/by Canon<\/div>\n<p>&#8216; href=&#8217;https:\/\/static.gazetaesportiva.com\/uploads\/2026\/08\/30082026_cg_palmeiras_destaque_6744_19-1024&#215;577.webp&#8217; data-thumb=&#8217;https:\/\/static.gazetaesportiva.com\/uploads\/2026\/08\/30082026_cg_palmeiras_destaque_6744_19-1024&#215;577.webp&#8217;><\/a><a data-caption='\n\n<div class=\"fotorama_legenda_galeria\">Foto: Cesar Greco\/Palmeiras\/by Canon<\/div>\n<p>&#8216; href=&#8217;https:\/\/static.gazetaesportiva.com\/uploads\/2026\/08\/30082026_cg_palmeiras_destaque_6699_17-819&#215;1024.webp&#8217; data-thumb=&#8217;https:\/\/static.gazetaesportiva.com\/uploads\/2026\/08\/30082026_cg_palmeiras_destaque_6699_17-819&#215;1024.webp&#8217;><\/a><a data-caption='\n\n<div class=\"fotorama_legenda_galeria\">Foto: Cesar Greco\/Palmeiras\/by Canon<\/div>\n<p>&#8216; href=&#8217;https:\/\/static.gazetaesportiva.com\/uploads\/2026\/08\/30082026_cg_palmeiras_destaque_6613_9-1024&#215;577.webp&#8217; data-thumb=&#8217;https:\/\/static.gazetaesportiva.com\/uploads\/2026\/08\/30082026_cg_palmeiras_destaque_6613_9-1024&#215;577.webp&#8217;><\/a><a data-caption='\n\n<div class=\"fotorama_legenda_galeria\">Foto: Cesar Greco\/Palmeiras\/by Canon<\/div>\n<p>&#8216; href=&#8217;https:\/\/static.gazetaesportiva.com\/uploads\/2026\/08\/30082026_cg_palmeiras_destaque_6625_10-1024&#215;577.webp&#8217; data-thumb=&#8217;https:\/\/static.gazetaesportiva.com\/uploads\/2026\/08\/30082026_cg_palmeiras_destaque_6625_10-1024&#215;577.webp&#8217;><\/a><a data-caption='\n\n<div class=\"fotorama_legenda_galeria\">Foto: Cesar Greco\/Palmeiras\/by Canon<\/div>\n<p>&#8216; href=&#8217;https:\/\/static.gazetaesportiva.com\/uploads\/2026\/08\/30082026_cg_palmeiras_destaque_6649_12-1024&#215;577.webp&#8217; data-thumb=&#8217;https:\/\/static.gazetaesportiva.com\/uploads\/2026\/08\/30082026_cg_palmeiras_destaque_6649_12-1024&#215;577.webp&#8217;><\/a><a data-caption='\n\n<div class=\"fotorama_legenda_galeria\">Foto: Cesar Greco\/Palmeiras\/by Canon<\/div>\n<p>&#8216; href=&#8217;https:\/\/static.gazetaesportiva.com\/uploads\/2026\/08\/30082026_cg_palmeiras_destaque_6589_7-819&#215;1024.webp&#8217; data-thumb=&#8217;https:\/\/static.gazetaesportiva.com\/uploads\/2026\/08\/30082026_cg_palmeiras_destaque_6589_7-819&#215;1024.webp&#8217;><\/a><a data-caption='\n\n<div class=\"fotorama_legenda_galeria\">Foto: Cesar Greco\/Palmeiras\/by Canon<\/div>\n<p>&#8216; href=&#8217;https:\/\/static.gazetaesportiva.com\/uploads\/2026\/08\/30082026_cg_palmeiras_destaque_6573_6-1024&#215;577.webp&#8217; data-thumb=&#8217;https:\/\/static.gazetaesportiva.com\/uploads\/2026\/08\/30082026_cg_palmeiras_destaque_6573_6-1024&#215;577.webp&#8217;><\/a><\/div>\n<p><\/p>\n<h2><strong>Pr\u00f3ximo jogo<\/strong><\/h2>\n<h3><strong>Palmeiras<\/strong><\/h3>\n<p><strong>Jogo<\/strong>: Santos x Palmeiras<br \/>\n<strong>Competi\u00e7\u00e3o<\/strong>: Copa do Brasil (quartas de final | volta)<br \/>\n<strong>Data e hora<\/strong>: 2 de setembro de 2026 (quarta-feira), \u00e0s 21h30 (de Bras\u00edlia)<br \/>\n<strong>Local<\/strong>: Vila Belmiro, em Santos (SP)<\/p>\n<p><strong>Veja tamb\u00e9m:<\/strong><br \/>\n<strong><a href=\"https:\/\/www.gazetaesportiva.com\/todas-as-noticias\/\">Todas as not\u00edcias da Gazeta Esportiva<\/a><\/strong><br \/>\n<strong><a href=\"https:\/\/www.youtube.com\/channel\/UCcndglQZmXnYjgE_Grqt5yg\">Canal da Gazeta Esportiva no YouTube<\/a><\/strong><br \/>\n<strong><a href=\"https:\/\/www.instagram.com\/gazetaesportiva\/\">Siga a Gazeta Esportiva no Instagram<\/a><br \/>\n<\/strong><strong><a href=\"https:\/\/whatsapp.com\/channel\/0029Va9JQFL3WHTguJNfam3U\">Participe do canal da Gazeta Esportiva no WhatsApp<\/a>\u00a0<\/strong><\/p>\n<p>O post <a href=\"https:\/\/www.gazetaesportiva.com\/times\/palmeiras\/abel-cobra-palmeiras-critica-arbitragem-desgaste-empate-mirassol-2026\/\">Abel cobra mais do Palmeiras, critica arbitragem e cita desgaste ap\u00f3s empate<\/a> apareceu primeiro em <a href=\"https:\/\/www.gazetaesportiva.com\">Gazeta Esportiva<\/a>.<\/p>\n","protected":false},"excerpt":{"rendered":"<p>Ap\u00f3s o empate por 1 a 1 com o Mirassol, neste domingo, pela 25\u00aa rodada do Campeonato Brasileiro,<\/p>\n","protected":false},"author":1,"featured_media":11173,"comment_status":"open","ping_status":"open","sticky":false,"template":"","format":"standard","meta":{"footnotes":""},"categories":[71],"tags":[],"class_list":["post-11172","post","type-post","status-publish","format-standard","has-post-thumbnail","hentry","category-esportes-news"],"_links":{"self":[{"href":"https:\/\/portalbahianoticia.com.br\/index.php?rest_route=\/wp\/v2\/posts\/11172","targetHints":{"allow":["GET"]}}],"collection":[{"href":"https:\/\/portalbahianoticia.com.br\/index.php?rest_route=\/wp\/v2\/posts"}],"about":[{"href":"https:\/\/portalbahianoticia.com.br\/index.php?rest_route=\/wp\/v2\/types\/post"}],"author":[{"embeddable":true,"href":"https:\/\/portalbahianoticia.com.br\/index.php?rest_route=\/wp\/v2\/users\/1"}],"replies":[{"embeddable":true,"href":"https:\/\/portalbahianoticia.com.br\/index.php?rest_route=%2Fwp%2Fv2%2Fcomments&post=11172"}],"version-history":[{"count":0,"href":"https:\/\/portalbahianoticia.com.br\/index.php?rest_route=\/wp\/v2\/posts\/11172\/revisions"}],"wp:featuredmedia":[{"embeddable":true,"href":"https:\/\/portalbahianoticia.com.br\/index.php?rest_route=\/wp\/v2\/media\/11173"}],"wp:attachment":[{"href":"https:\/\/portalbahianoticia.com.br\/index.php?rest_route=%2Fwp%2Fv2%2Fmedia&parent=11172"}],"wp:term":[{"taxonomy":"category","embeddable":true,"href":"https:\/\/portalbahianoticia.com.br\/index.php?rest_route=%2Fwp%2Fv2%2Fcategories&post=11172"},{"taxonomy":"post_tag","embeddable":true,"href":"https:\/\/portalbahianoticia.com.br\/index.php?rest_route=%2Fwp%2Fv2%2Ftags&post=11172"}],"curies":[{"name":"wp","href":"https:\/\/api.w.org\/{rel}","templated":true}]}}