{"id":11170,"date":"2026-08-30T23:13:04","date_gmt":"2026-08-31T02:13:04","guid":{"rendered":"https:\/\/portalbahianoticia.com.br\/?p=11170"},"modified":"2026-08-30T23:13:04","modified_gmt":"2026-08-31T02:13:04","slug":"com-dois-de-pulga-bahia-vence-internacional-amplia-serie-invicta-e-sobe-para-quinto-no-brasileirao","status":"publish","type":"post","link":"https:\/\/portalbahianoticia.com.br\/?p=11170","title":{"rendered":"Com dois de Pulga, Bahia vence Internacional, amplia s\u00e9rie invicta e sobe para quinto no Brasileir\u00e3o"},"content":{"rendered":"<p>Neste domingo, o <a href=\"https:\/\/www.gazetaesportiva.com\/times\/bahia\/\"><strong>Bahia<\/strong> <\/a>venceu o <a href=\"https:\/\/www.gazetaesportiva.com\/times\/internacional\/\"><strong>Internacional<\/strong> <\/a>por <strong>3 a 2<\/strong>, na Arena Fonte Nova, pela 25\u00aa rodada do <a href=\"https:\/\/www.gazetaesportiva.com\/campeonatos\/brasileiro-serie-a\/\"><strong>Campeonato Brasileiro<\/strong><\/a>. Erick Pulga, duas vezes, e Cristian Oliveira marcaram os gols da vit\u00f3ria do Esquadr\u00e3o de A\u00e7o, enquanto Alan Patrick e Vitinho descontaram para o Colorado.<\/p>\n<div class=\"dugout-video dugout-embed-eyJrZXkiOiJUeW84aDlrQSIsInAiOiJnYXpldGFlc3BvcnRpdmEiLCJwbCI6IiJ9\"><\/div>\n<p><script type=\"text\/javascript\" src=\"https:\/\/embed.onefootball.com\/inline\/gazetaesportiva.js\"><\/script><\/p>\n<h2>Situa\u00e7\u00e3o da tabela<\/h2>\n<p>Com o resultado, o Bahia chegou aos 40 pontos e agora ocupa a quinta coloca\u00e7\u00e3o do Brasileir\u00e3o, ultrapassando o Cruzeiro. J\u00e1 o Internacional chega a nove jogos sem vencer na competi\u00e7\u00e3o e agora est\u00e1 na zona de rebaixamento, na 18\u00aa coloca\u00e7\u00e3o, com 25 pontos.<\/p>\n<h2><img decoding=\"async\" src=\"https:\/\/s.w.org\/images\/core\/emoji\/17.0.2\/72x72\/1f4cb.png\" alt=\"\ud83d\udccb\" class=\"wp-smiley\" style=\"height: 1em; max-height: 1em;\" \/> Resumo do jogo<\/h2>\n<h3><img decoding=\"async\" src=\"https:\/\/s.w.org\/images\/core\/emoji\/17.0.2\/72x72\/1f535.png\" alt=\"\ud83d\udd35\" class=\"wp-smiley\" style=\"height: 1em; max-height: 1em;\" \/><img decoding=\"async\" src=\"https:\/\/s.w.org\/images\/core\/emoji\/17.0.2\/72x72\/1f534.png\" alt=\"\ud83d\udd34\" class=\"wp-smiley\" style=\"height: 1em; max-height: 1em;\" \/>BAHIA 3 x 2 INTERNACIONAL<img decoding=\"async\" src=\"https:\/\/s.w.org\/images\/core\/emoji\/17.0.2\/72x72\/1f534.png\" alt=\"\ud83d\udd34\" class=\"wp-smiley\" style=\"height: 1em; max-height: 1em;\" \/><img decoding=\"async\" src=\"https:\/\/s.w.org\/images\/core\/emoji\/17.0.2\/72x72\/26aa.png\" alt=\"\u26aa\" class=\"wp-smiley\" style=\"height: 1em; max-height: 1em;\" \/><\/h3>\n<p><img decoding=\"async\" src=\"https:\/\/s.w.org\/images\/core\/emoji\/17.0.2\/72x72\/1f3c6.png\" alt=\"\ud83c\udfc6\" class=\"wp-smiley\" style=\"height: 1em; max-height: 1em;\" \/> <strong>Competi\u00e7\u00e3o<\/strong>: Campeonato Brasileiro \u2013 25\u00aa rodada<br \/>\n<img decoding=\"async\" src=\"https:\/\/s.w.org\/images\/core\/emoji\/17.0.2\/72x72\/1f3df.png\" alt=\"\ud83c\udfdf\" class=\"wp-smiley\" style=\"height: 1em; max-height: 1em;\" \/> <strong>Local<\/strong>: Arena Fonte Nova, em Salvador (BA)<br \/>\n<img decoding=\"async\" src=\"https:\/\/s.w.org\/images\/core\/emoji\/17.0.2\/72x72\/1f4c5.png\" alt=\"\ud83d\udcc5\" class=\"wp-smiley\" style=\"height: 1em; max-height: 1em;\" \/> <strong>Data<\/strong>: 30 de agosto de 2026 (domingo)<br \/>\n<img decoding=\"async\" src=\"https:\/\/s.w.org\/images\/core\/emoji\/17.0.2\/72x72\/23f0.png\" alt=\"\u23f0\" class=\"wp-smiley\" style=\"height: 1em; max-height: 1em;\" \/> <strong>Hor\u00e1rio<\/strong>: 19h30 (de Bras\u00edlia)<br \/>\n<img decoding=\"async\" src=\"https:\/\/s.w.org\/images\/core\/emoji\/17.0.2\/72x72\/1f7e8.png\" alt=\"\ud83d\udfe8\" class=\"wp-smiley\" style=\"height: 1em; max-height: 1em;\" \/><strong> Cart\u00f5es amarelos<\/strong>: Cristian Oliveira, Rom\u00e1n G\u00f3mez e Michel Ar\u00fajo (Bahia); Marip\u00e1n, Bernabei e Paulo Pezzolano (Internacional)<\/p>\n<h2>Gols<\/h2>\n<ul>\n<li><img decoding=\"async\" src=\"https:\/\/s.w.org\/images\/core\/emoji\/17.0.2\/72x72\/26bd.png\" alt=\"\u26bd\" class=\"wp-smiley\" style=\"height: 1em; max-height: 1em;\" \/> Alan Patrick, aos 16\u2019 do 1\u00baT (Internacional)<\/li>\n<li><img decoding=\"async\" src=\"https:\/\/s.w.org\/images\/core\/emoji\/17.0.2\/72x72\/26bd.png\" alt=\"\u26bd\" class=\"wp-smiley\" style=\"height: 1em; max-height: 1em;\" \/> Erick Pulga, aos 23\u2019 do 1\u00baT (Bahia)<\/li>\n<li><img decoding=\"async\" src=\"https:\/\/s.w.org\/images\/core\/emoji\/17.0.2\/72x72\/26bd.png\" alt=\"\u26bd\" class=\"wp-smiley\" style=\"height: 1em; max-height: 1em;\" \/> Erick Pulga, aos 42\u2019 do 1\u00baT (Bahia)<\/li>\n<li><img decoding=\"async\" src=\"https:\/\/s.w.org\/images\/core\/emoji\/17.0.2\/72x72\/26bd.png\" alt=\"\u26bd\" class=\"wp-smiley\" style=\"height: 1em; max-height: 1em;\" \/> Erick, aos 49\u2019 do 1\u00baT (Bahia)<\/li>\n<li><img decoding=\"async\" src=\"https:\/\/s.w.org\/images\/core\/emoji\/17.0.2\/72x72\/26bd.png\" alt=\"\u26bd\" class=\"wp-smiley\" style=\"height: 1em; max-height: 1em;\" \/> Vitinho, aos 7\u2019 do 2\u00baT (Internacional)<\/li>\n<\/ul>\n<p><strong>Veja tamb\u00e9m:<\/strong><br \/>\n<strong><a href=\"https:\/\/www.gazetaesportiva.com\/todas-as-noticias\/\">Todas as not\u00edcias da Gazeta Esportiva<\/a><\/strong><br \/>\n<strong><a href=\"https:\/\/www.youtube.com\/channel\/UCcndglQZmXnYjgE_Grqt5yg\">Canal da Gazeta Esportiva no YouTube<\/a><\/strong><br \/>\n<strong><a href=\"https:\/\/www.instagram.com\/gazetaesportiva\/\">Siga a Gazeta Esportiva no Instagram<\/a><br \/>\n<\/strong><strong><a href=\"https:\/\/whatsapp.com\/channel\/0029Va9JQFL3WHTguJNfam3U\">Participe do canal da Gazeta Esportiva no WhatsApp<\/a><\/strong><\/p>\n<h2>Como foi o jogo<\/h2>\n<p><strong>Primeiro tempo<\/strong><\/p>\n<p class=\"isSelectedEnd\">Aos 16 minutos, Alan Patrick recebeu pela esquerda, invadiu a \u00e1rea e finalizou travado. A bola subiu e encobriu o goleiro Ronaldo, que ainda conseguiu desviar, mas n\u00e3o evitou o primeiro gol colorado.<\/p>\n<p>No entanto, a vantagem ga\u00facha n\u00e3o durou muito tempo. Aos 23 minutos, Acevedo cruzou para a \u00e1rea, e Erick Pulga apareceu livre para finalizar de primeira. O atacante acertou um belo voleio, sem chances para Matheus Cunha.<\/p>\n<p>O Bahia voltou a marcar no final da primeira etapa. Aos 42 minutos, Erick Pulga recebeu pela lateral esquerda e partiu para o ataque. Com espa\u00e7o, o atacante cortou para o meio, passou pela marca\u00e7\u00e3o e finalizou com desvio, vencendo o goleiro Matheus Cunha. J\u00e1 aos 48, Cristian Oliveira aproveitou o rebote ap\u00f3s a defesa afastar a bola e soltou uma bomba cruzada. Matheus Cunha fez uma grande defesa, mas acabou soltando a bola nos p\u00e9s de Erick Pulga, que, com o gol aberto, apenas completou para ampliar a vantagem do Tricolor de A\u00e7o.<\/p>\n<p><strong>Segundo tempo<\/strong><\/p>\n<p>Na segunda etapa, o Internacional diminuiu a desvantagem com Vitinho. Alan Patrick recebeu no campo de ataque, avan\u00e7ou at\u00e9 a \u00e1rea e ganhou da marca\u00e7\u00e3o antes de cruzar rasteiro para o meio. A defesa do Bahia n\u00e3o conseguiu afastar, e Vitinho apareceu livre para completar para o gol aberto.<\/p>\n<p>O Inter teve a chance de empatar no lance seguinte ao segundo gol, mas Vitinho desperdi\u00e7ou. Thiago Maia desarmou G\u00f3mez j\u00e1 no campo de ataque e cruzou para o atacante, que ficou sozinho, cara a cara com Ronaldo. Vitinho, por\u00e9m, finalizou torto e mandou a bola para fora.<\/p>\n<div class='fotorama' data-click='false' data-nav='thumbs' data-allowfullscreen='true'><a data-caption='\n\n<div class=\"fotorama_legenda_galeria\">Foto: Rafael Rodrigues\/EC Bahia\n<\/div>\n<p>&#8216; href=&#8217;https:\/\/static.gazetaesportiva.com\/uploads\/2026\/08\/55498538328_3e1d72ece2_k-1024&#215;683.webp&#8217; data-thumb=&#8217;https:\/\/static.gazetaesportiva.com\/uploads\/2026\/08\/55498538328_3e1d72ece2_k-1024&#215;683.webp&#8217;><\/a><a data-caption='\n\n<div class=\"fotorama_legenda_galeria\">Foto: Divulga\u00e7\u00e3o\/Internacional<\/div>\n<p>&#8216; href=&#8217;https:\/\/static.gazetaesportiva.com\/uploads\/2026\/08\/55498864790_4377448008_k-1024&#215;575.webp&#8217; data-thumb=&#8217;https:\/\/static.gazetaesportiva.com\/uploads\/2026\/08\/55498864790_4377448008_k-1024&#215;575.webp&#8217;><\/a><a data-caption='\n\n<div class=\"fotorama_legenda_galeria\">Foto: Divulga\u00e7\u00e3o\/Internacional<\/div>\n<p>&#8216; href=&#8217;https:\/\/static.gazetaesportiva.com\/uploads\/2026\/08\/55498880885_de496db30a_k-1024&#215;683.webp&#8217; data-thumb=&#8217;https:\/\/static.gazetaesportiva.com\/uploads\/2026\/08\/55498880885_de496db30a_k-1024&#215;683.webp&#8217;><\/a><a data-caption='\n\n<div class=\"fotorama_legenda_galeria\">Foto: Divulga\u00e7\u00e3o\/Internacional<\/div>\n<p>&#8216; href=&#8217;https:\/\/static.gazetaesportiva.com\/uploads\/2026\/08\/55498863930_a867a8d39f_k-1024&#215;683.webp&#8217; data-thumb=&#8217;https:\/\/static.gazetaesportiva.com\/uploads\/2026\/08\/55498863930_a867a8d39f_k-1024&#215;683.webp&#8217;><\/a><a data-caption='\n\n<div class=\"fotorama_legenda_galeria\">Foto: Rafael Rodrigues\/EC Bahia\n<\/div>\n<p>&#8216; href=&#8217;https:\/\/static.gazetaesportiva.com\/uploads\/2026\/08\/55498538953_98f5e9f1ec_k-1024&#215;683.webp&#8217; data-thumb=&#8217;https:\/\/static.gazetaesportiva.com\/uploads\/2026\/08\/55498538953_98f5e9f1ec_k-1024&#215;683.webp&#8217;><\/a><a data-caption='\n\n<div class=\"fotorama_legenda_galeria\">Foto: Rafael Rodrigues\/EC Bahia\n<\/div>\n<p>&#8216; href=&#8217;https:\/\/static.gazetaesportiva.com\/uploads\/2026\/08\/55498872120_448fed7216_k-1024&#215;683.webp&#8217; data-thumb=&#8217;https:\/\/static.gazetaesportiva.com\/uploads\/2026\/08\/55498872120_448fed7216_k-1024&#215;683.webp&#8217;><\/a><a data-caption='\n\n<div class=\"fotorama_legenda_galeria\">Foto: Rafael Rodrigues\/EC Bahia\n<\/div>\n<p>&#8216; href=&#8217;https:\/\/static.gazetaesportiva.com\/uploads\/2026\/08\/55498539173_a7eeb5060c_k-1024&#215;683.webp&#8217; data-thumb=&#8217;https:\/\/static.gazetaesportiva.com\/uploads\/2026\/08\/55498539173_a7eeb5060c_k-1024&#215;683.webp&#8217;><\/a><a data-caption='\n\n<div class=\"fotorama_legenda_galeria\">Foto: Rafael Rodrigues\/EC Bahia\n<\/div>\n<p>&#8216; href=&#8217;https:\/\/static.gazetaesportiva.com\/uploads\/2026\/08\/55497443452_b76ed81619_k-1024&#215;683.webp&#8217; data-thumb=&#8217;https:\/\/static.gazetaesportiva.com\/uploads\/2026\/08\/55497443452_b76ed81619_k-1024&#215;683.webp&#8217;><\/a><a data-caption='\n\n<div class=\"fotorama_legenda_galeria\">Foto: Rafael Rodrigues\/EC Bahia\n<\/div>\n<p>&#8216; href=&#8217;https:\/\/static.gazetaesportiva.com\/uploads\/2026\/08\/55497443947_2b88755290_k-1024&#215;683.webp&#8217; data-thumb=&#8217;https:\/\/static.gazetaesportiva.com\/uploads\/2026\/08\/55497443947_2b88755290_k-1024&#215;683.webp&#8217;><\/a><a data-caption='\n\n<div class=\"fotorama_legenda_galeria\">Foto: Rafael Rodrigues\/EC Bahia<\/p>\n<\/div>\n<p>&#8216; href=&#8217;https:\/\/static.gazetaesportiva.com\/uploads\/2026\/08\/55498605308_c7c65dda81_k-1024&#215;683.webp&#8217; data-thumb=&#8217;https:\/\/static.gazetaesportiva.com\/uploads\/2026\/08\/55498605308_c7c65dda81_k-1024&#215;683.webp&#8217;><\/a><a data-caption='\n\n<div class=\"fotorama_legenda_galeria\">Foto: Rafael Rodrigues\/EC Bahia\n<\/div>\n<p>&#8216; href=&#8217;https:\/\/static.gazetaesportiva.com\/uploads\/2026\/08\/55498886610_26c79fe0c9_k-1024&#215;683.webp&#8217; data-thumb=&#8217;https:\/\/static.gazetaesportiva.com\/uploads\/2026\/08\/55498886610_26c79fe0c9_k-1024&#215;683.webp&#8217;><\/a><a data-caption='\n\n<div class=\"fotorama_legenda_galeria\">Foto: Rafael Rodrigues\/EC Bahia\n<\/div>\n<p>&#8216; href=&#8217;https:\/\/static.gazetaesportiva.com\/uploads\/2026\/08\/55498872040_8571b117cd_k-1024&#215;683.webp&#8217; data-thumb=&#8217;https:\/\/static.gazetaesportiva.com\/uploads\/2026\/08\/55498872040_8571b117cd_k-1024&#215;683.webp&#8217;><\/a><a data-caption='\n\n<div class=\"fotorama_legenda_galeria\">Foto: Rafael Rodrigues\/EC Bahia\n<\/div>\n<p>&#8216; href=&#8217;https:\/\/static.gazetaesportiva.com\/uploads\/2026\/08\/55498820225_72ee7f6e09_k-1024&#215;683.webp&#8217; data-thumb=&#8217;https:\/\/static.gazetaesportiva.com\/uploads\/2026\/08\/55498820225_72ee7f6e09_k-1024&#215;683.webp&#8217;><\/a><\/div>\n<p><\/p>\n<h2>Escala\u00e7\u00f5es<\/h2>\n<p><strong><img decoding=\"async\" src=\"https:\/\/s.w.org\/images\/core\/emoji\/17.0.2\/72x72\/1f535.png\" alt=\"\ud83d\udd35\" class=\"wp-smiley\" style=\"height: 1em; max-height: 1em;\" \/><img decoding=\"async\" src=\"https:\/\/s.w.org\/images\/core\/emoji\/17.0.2\/72x72\/1f534.png\" alt=\"\ud83d\udd34\" class=\"wp-smiley\" style=\"height: 1em; max-height: 1em;\" \/>BAHIA<\/strong><\/p>\n<p>Ronaldo; Rom\u00e1n G\u00f3mez (Marcos Victor), David Duarte, Ramos Mingo e Luciano Juba; Erick (Michel Ara\u00fajo), Nicol\u00e1s Acevedo e Rodrigo Nestor; Cristian Oliveira (Ademir), Alejo V\u00e9liz e Erick Pulga.<br \/>\n<strong>T\u00e9cnico<\/strong>: Rog\u00e9rio Ceni<\/p>\n<div class=\"flex max-w-full flex-col gap-4 grow\">\n<div class=\"min-h-8 text-message relative flex w-full flex-col items-end gap-2 text-start break-words whitespace-normal outline-none keyboard-focused:focus-ring [.text-message+&#038;]:mt-1\" dir=\"auto\" tabindex=\"0\" data-message-author-role=\"assistant\" data-message-id=\"939a9783-4077-4aa6-825c-903bf54e91e7\" data-message-model-slug=\"gpt-5-6-mini\" data-turn-start-message=\"true\">\n<div class=\"flex w-full flex-col gap-1 empty:hidden\">\n<div class=\"fbskMG_root markdown prose dark:prose-invert wrap-break-word w-full light markdown-new-styling\">\n<p class=\"PDq2pG_selectionAnchorContainer\" data-start=\"9\" data-end=\"16\" data-is-last-node=\"\" data-is-only-node=\"\"><strong data-start=\"9\" data-end=\"16\" data-is-last-node=\"\"><img decoding=\"async\" src=\"https:\/\/s.w.org\/images\/core\/emoji\/17.0.2\/72x72\/1f534.png\" alt=\"\ud83d\udd34\" class=\"wp-smiley\" style=\"height: 1em; max-height: 1em;\" \/><img decoding=\"async\" src=\"https:\/\/s.w.org\/images\/core\/emoji\/17.0.2\/72x72\/26aa.png\" alt=\"\u26aa\" class=\"wp-smiley\" style=\"height: 1em; max-height: 1em;\" \/>I<\/strong><strong>NTERNACIONAL<\/strong><\/p>\n<\/div>\n<\/div>\n<\/div>\n<\/div>\n<p>Matheus Cunha; Aguirre, F\u00e9lix Torres, Marip\u00e1n, Matheus Bahia (Juninho) e Bernabei (Sanabria); Bruno Henrique, Ronaldo e Thiago Maia (Calebe); Vitinho e Alan Patrick (Carbonero).<br \/>\n<strong>T\u00e9cnico<\/strong>: Paulo Pezzolano<\/p>\n<h2>Pr\u00f3ximos jogos<\/h2>\n<p><strong><img decoding=\"async\" src=\"https:\/\/s.w.org\/images\/core\/emoji\/17.0.2\/72x72\/1f535.png\" alt=\"\ud83d\udd35\" class=\"wp-smiley\" style=\"height: 1em; max-height: 1em;\" \/><img decoding=\"async\" src=\"https:\/\/s.w.org\/images\/core\/emoji\/17.0.2\/72x72\/1f534.png\" alt=\"\ud83d\udd34\" class=\"wp-smiley\" style=\"height: 1em; max-height: 1em;\" \/>Bahia<\/strong><\/p>\n<p><strong>RB Bragantino x Bahia | Campeonato Brasileiro \u2013 26\u00aa rodada<\/strong><br \/>\n<strong>Data e hor\u00e1rio<\/strong>: 05 de setembro de 2026 (s\u00e1bado) \u00e0s 16h (de Bras\u00edlia)<br \/>\n<strong>Local<\/strong>: Est\u00e1dio C\u00edcero de Souza Marques, em Bragan\u00e7a Paulista (SP)<\/p>\n<p><strong><img decoding=\"async\" src=\"https:\/\/s.w.org\/images\/core\/emoji\/17.0.2\/72x72\/1f534.png\" alt=\"\ud83d\udd34\" class=\"wp-smiley\" style=\"height: 1em; max-height: 1em;\" \/><img decoding=\"async\" src=\"https:\/\/s.w.org\/images\/core\/emoji\/17.0.2\/72x72\/26aa.png\" alt=\"\u26aa\" class=\"wp-smiley\" style=\"height: 1em; max-height: 1em;\" \/>Internacional<\/strong><\/p>\n<p><strong>Gr\u00eamio x Internacional | Copa do Brasil \u2013 quartas de final (volta)<\/strong><br \/>\n<strong>Data e hor\u00e1rio<\/strong>: 03 de setembro de 2026 (quinta-feira) \u00e0s 20h (de Bras\u00edlia)<br \/>\n<strong>Local<\/strong>: Arena do Gr\u00eamio, em Porto Alegre (RS)<\/p>\n<p>O post <a href=\"https:\/\/www.gazetaesportiva.com\/times\/bahia\/bahia-x-internacional-campeonato-brasileiro-30-08-26\/\">Com dois de Pulga, Bahia vence Internacional, amplia s\u00e9rie invicta e sobe para quinto no Brasileir\u00e3o<\/a> apareceu primeiro em <a href=\"https:\/\/www.gazetaesportiva.com\">Gazeta Esportiva<\/a>.<\/p>\n","protected":false},"excerpt":{"rendered":"<p>Neste domingo, o Bahia venceu o Internacional por 3 a 2, na Arena Fonte Nova, pela 25\u00aa rodada<\/p>\n","protected":false},"author":1,"featured_media":11171,"comment_status":"open","ping_status":"open","sticky":false,"template":"","format":"standard","meta":{"footnotes":""},"categories":[71],"tags":[],"class_list":["post-11170","post","type-post","status-publish","format-standard","has-post-thumbnail","hentry","category-esportes-news"],"_links":{"self":[{"href":"https:\/\/portalbahianoticia.com.br\/index.php?rest_route=\/wp\/v2\/posts\/11170","targetHints":{"allow":["GET"]}}],"collection":[{"href":"https:\/\/portalbahianoticia.com.br\/index.php?rest_route=\/wp\/v2\/posts"}],"about":[{"href":"https:\/\/portalbahianoticia.com.br\/index.php?rest_route=\/wp\/v2\/types\/post"}],"author":[{"embeddable":true,"href":"https:\/\/portalbahianoticia.com.br\/index.php?rest_route=\/wp\/v2\/users\/1"}],"replies":[{"embeddable":true,"href":"https:\/\/portalbahianoticia.com.br\/index.php?rest_route=%2Fwp%2Fv2%2Fcomments&post=11170"}],"version-history":[{"count":0,"href":"https:\/\/portalbahianoticia.com.br\/index.php?rest_route=\/wp\/v2\/posts\/11170\/revisions"}],"wp:featuredmedia":[{"embeddable":true,"href":"https:\/\/portalbahianoticia.com.br\/index.php?rest_route=\/wp\/v2\/media\/11171"}],"wp:attachment":[{"href":"https:\/\/portalbahianoticia.com.br\/index.php?rest_route=%2Fwp%2Fv2%2Fmedia&parent=11170"}],"wp:term":[{"taxonomy":"category","embeddable":true,"href":"https:\/\/portalbahianoticia.com.br\/index.php?rest_route=%2Fwp%2Fv2%2Fcategories&post=11170"},{"taxonomy":"post_tag","embeddable":true,"href":"https:\/\/portalbahianoticia.com.br\/index.php?rest_route=%2Fwp%2Fv2%2Ftags&post=11170"}],"curies":[{"name":"wp","href":"https:\/\/api.w.org\/{rel}","templated":true}]}}