{"id":11166,"date":"2026-08-30T23:13:06","date_gmt":"2026-08-31T02:13:06","guid":{"rendered":"https:\/\/portalbahianoticia.com.br\/?p=11166"},"modified":"2026-08-30T23:13:06","modified_gmt":"2026-08-31T02:13:06","slug":"barcelona-x-rayo-vallecano-pelo-espanhol-veja-provaveis-escalacoes-e-onde-assistir","status":"publish","type":"post","link":"https:\/\/portalbahianoticia.com.br\/?p=11166","title":{"rendered":"Barcelona x Rayo Vallecano pelo Espanhol: veja prov\u00e1veis escala\u00e7\u00f5es e onde assistir"},"content":{"rendered":"<p>Nesta segunda-feira, o <a href=\"https:\/\/www.gazetaesportiva.com\/times\/barcelona\/\"><strong>Barcelona<\/strong><\/a> recebe o<strong> Rayo Vallecano<\/strong> pela terceira rodada do <strong>Campeonato Espanhol<\/strong>. O jogo ser\u00e1 realizado no <strong>Camp Nou<\/strong>, em Barcelona, a partir das <strong>16h30<\/strong> (de Bras\u00edlia).<\/p>\n<h2>Onde assistir?<\/h2>\n<p><em><strong>Youtube:<\/strong> Caz\u00e9 TV<\/em><\/p>\n<p><strong>Veja tamb\u00e9m:<strong><br \/>\n<a href=\"https:\/\/www.gazetaesportiva.com\/todas-as-noticias\/\">Todas as not\u00edcias da Gazeta Esportiva<\/a><\/strong><br \/>\n<strong><a href=\"https:\/\/www.youtube.com\/channel\/UCcndglQZmXnYjgE_Grqt5yg\">Canal da Gazeta Esportiva no YouTube<\/a><\/strong><br \/>\n<strong><a href=\"https:\/\/www.instagram.com\/gazetaesportiva\/\">Siga a Gazeta Esportiva no Instagram<\/a><br \/>\n<\/strong><strong><a href=\"https:\/\/whatsapp.com\/channel\/0029Va9JQFL3WHTguJNfam3U\">Participe do canal da Gazeta Esportiva no WhatsApp<\/a><\/strong><\/strong><\/p>\n<h2>Como chegam?<\/h2>\n<p>Com duas vit\u00f3rias nas duas primeiras rodadas, o Bar\u00e7a segue invicto no Espanhol. O clube da Catalunha ocupa a <strong>quarta coloca\u00e7\u00e3o<\/strong>, com<strong> seis pontos<\/strong> somados. Em caso de vit\u00f3ria por dois gols de vantagem ou mais, o Barcelona ultrapassa o Real Madrid e assume a lideran\u00e7a da LaLiga.<\/p>\n<p>O Rayo Vallecano, por sua vez, ainda n\u00e3o venceu na competi\u00e7\u00e3o e soma apenas <strong>um ponto<\/strong>, na<strong> 16\u00aa posi\u00e7\u00e3o.<\/strong><\/p>\n<h2>Prov\u00e1veis escala\u00e7\u00f5es<\/h2>\n<p><img decoding=\"async\" src=\"https:\/\/s.w.org\/images\/core\/emoji\/17.0.2\/72x72\/1f534.png\" alt=\"\ud83d\udd34\" class=\"wp-smiley\" style=\"height: 1em; max-height: 1em;\" \/><img decoding=\"async\" src=\"https:\/\/s.w.org\/images\/core\/emoji\/17.0.2\/72x72\/1f535.png\" alt=\"\ud83d\udd35\" class=\"wp-smiley\" style=\"height: 1em; max-height: 1em;\" \/><strong>Barcelona<\/strong><\/p>\n<p>Joan Garc\u00eda; Eric Garc\u00eda, Cubars\u00ed, Gerard Mart\u00edn e Espart; Bernal, Pedri e Fernin L\u00f3pez; Lamine Yaman, Raphinha e Anthony Gordon.<br \/>\n<strong>T\u00e9cnico:<\/strong> Hansi Flick<\/p>\n<p><img decoding=\"async\" src=\"https:\/\/s.w.org\/images\/core\/emoji\/17.0.2\/72x72\/1f534.png\" alt=\"\ud83d\udd34\" class=\"wp-smiley\" style=\"height: 1em; max-height: 1em;\" \/><img decoding=\"async\" src=\"https:\/\/s.w.org\/images\/core\/emoji\/17.0.2\/72x72\/26aa.png\" alt=\"\u26aa\" class=\"wp-smiley\" style=\"height: 1em; max-height: 1em;\" \/><strong>Rayo Vallecano<\/strong><\/p>\n<p>Cardenas; Ratiu, Lejeune, Fern\u00e1ndez e Vertrouwd; Ciss, Frutos, Nteka, L\u00f3pez e P\u00e9rez; Camello.<br \/>\n<strong>T\u00e9cnico:<\/strong> Benat San Jos\u00e9<\/p>\n<h2>Arbitragem<\/h2>\n<ul>\n<li><strong>\u00c1rbitro:<\/strong> Francisco Jos\u00e9 Hern\u00e1ndez;<\/li>\n<li><strong>Assistentes:<\/strong> Iv\u00e1n Mass\u00f3 e Abraham P\u00e9rez;<\/li>\n<li><strong>VAR:<\/strong> Ra\u00fal Mart\u00edn Gonz\u00e1lez;<\/li>\n<\/ul>\n<h2>Ficha T\u00e9cnica<br \/>\n<img decoding=\"async\" src=\"https:\/\/s.w.org\/images\/core\/emoji\/17.0.2\/72x72\/1f534.png\" alt=\"\ud83d\udd34\" class=\"wp-smiley\" style=\"height: 1em; max-height: 1em;\" \/><img decoding=\"async\" src=\"https:\/\/s.w.org\/images\/core\/emoji\/17.0.2\/72x72\/1f535.png\" alt=\"\ud83d\udd35\" class=\"wp-smiley\" style=\"height: 1em; max-height: 1em;\" \/>Barcelona x Rayo Vallecano<img decoding=\"async\" src=\"https:\/\/s.w.org\/images\/core\/emoji\/17.0.2\/72x72\/1f534.png\" alt=\"\ud83d\udd34\" class=\"wp-smiley\" style=\"height: 1em; max-height: 1em;\" \/><img decoding=\"async\" src=\"https:\/\/s.w.org\/images\/core\/emoji\/17.0.2\/72x72\/26aa.png\" alt=\"\u26aa\" class=\"wp-smiley\" style=\"height: 1em; max-height: 1em;\" \/><\/h2>\n<p><strong>Competi\u00e7\u00e3o:<\/strong> Campeonato Espanhol \u2013 3\u00aa rodada<br \/>\n<strong>Data e hor\u00e1rio:<\/strong> Segunda-feira, 30 de agosto de 2026, \u00e0s 16h30 (de Bras\u00edlia)<br \/>\n<strong>Local:<\/strong> Camp Nou, em Barcelona (ESP)<br \/>\n<strong>Transmiss\u00e3o:<\/strong> Caz\u00e9 TV (Youtube)<\/p>\n<div class=\"dugout-video dugout-embed-eyJrZXkiOiIiLCJwIjoiZ2F6ZXRhZXNwb3J0aXZhIiwicGwiOiI0a2hoSjVCWCJ9\"><\/div>\n<p><script type=\"text\/javascript\" src=\"https:\/\/embed.onefootball.com\/inline\/gazetaesportiva.js\"><\/script><\/p>\n<p>O post <a href=\"https:\/\/www.gazetaesportiva.com\/campeonatos\/laliga\/barcelona-x-rayo-vallecano-onde-assistir-laliga\/\">Barcelona x Rayo Vallecano pelo Espanhol: veja prov\u00e1veis escala\u00e7\u00f5es e onde assistir<\/a> apareceu primeiro em <a href=\"https:\/\/www.gazetaesportiva.com\">Gazeta Esportiva<\/a>.<\/p>\n","protected":false},"excerpt":{"rendered":"<p>Nesta segunda-feira, o Barcelona recebe o Rayo Vallecano pela terceira rodada do Campeonato Espanhol. O jogo ser\u00e1 realizado<\/p>\n","protected":false},"author":1,"featured_media":11167,"comment_status":"open","ping_status":"open","sticky":false,"template":"","format":"standard","meta":{"footnotes":""},"categories":[71],"tags":[],"class_list":["post-11166","post","type-post","status-publish","format-standard","has-post-thumbnail","hentry","category-esportes-news"],"_links":{"self":[{"href":"https:\/\/portalbahianoticia.com.br\/index.php?rest_route=\/wp\/v2\/posts\/11166","targetHints":{"allow":["GET"]}}],"collection":[{"href":"https:\/\/portalbahianoticia.com.br\/index.php?rest_route=\/wp\/v2\/posts"}],"about":[{"href":"https:\/\/portalbahianoticia.com.br\/index.php?rest_route=\/wp\/v2\/types\/post"}],"author":[{"embeddable":true,"href":"https:\/\/portalbahianoticia.com.br\/index.php?rest_route=\/wp\/v2\/users\/1"}],"replies":[{"embeddable":true,"href":"https:\/\/portalbahianoticia.com.br\/index.php?rest_route=%2Fwp%2Fv2%2Fcomments&post=11166"}],"version-history":[{"count":0,"href":"https:\/\/portalbahianoticia.com.br\/index.php?rest_route=\/wp\/v2\/posts\/11166\/revisions"}],"wp:featuredmedia":[{"embeddable":true,"href":"https:\/\/portalbahianoticia.com.br\/index.php?rest_route=\/wp\/v2\/media\/11167"}],"wp:attachment":[{"href":"https:\/\/portalbahianoticia.com.br\/index.php?rest_route=%2Fwp%2Fv2%2Fmedia&parent=11166"}],"wp:term":[{"taxonomy":"category","embeddable":true,"href":"https:\/\/portalbahianoticia.com.br\/index.php?rest_route=%2Fwp%2Fv2%2Fcategories&post=11166"},{"taxonomy":"post_tag","embeddable":true,"href":"https:\/\/portalbahianoticia.com.br\/index.php?rest_route=%2Fwp%2Fv2%2Ftags&post=11166"}],"curies":[{"name":"wp","href":"https:\/\/api.w.org\/{rel}","templated":true}]}}