{"id":11148,"date":"2026-08-30T19:13:00","date_gmt":"2026-08-30T22:13:00","guid":{"rendered":"https:\/\/portalbahianoticia.com.br\/?p=11148"},"modified":"2026-08-30T19:13:00","modified_gmt":"2026-08-30T22:13:00","slug":"sao-paulo-divulga-programacao-da-semana-visando-jogo-contra-o-atletico-mg","status":"publish","type":"post","link":"https:\/\/portalbahianoticia.com.br\/?p=11148","title":{"rendered":"S\u00e3o Paulo divulga programa\u00e7\u00e3o da semana visando jogo contra o Atl\u00e9tico-MG"},"content":{"rendered":"<p>O <a href=\"https:\/\/www.gazetaesportiva.com\/times\/sao-paulo\/\"><strong>S\u00e3o Paulo<\/strong><\/a> divulgou neste domingo, no dia seguinte \u00e0 vit\u00f3ria sobre o <a href=\"https:\/\/www.gazetaesportiva.com\/times\/bragantino\/\"><strong>Red Bull Bragantino<\/strong><\/a>, pelo <a href=\"https:\/\/www.gazetaesportiva.com\/campeonatos\/brasileiro-serie-a\/\"><strong>Brasileir\u00e3o<\/strong><\/a>, a programa\u00e7\u00e3o da semana da equipe.<\/p>\n<p>O t\u00e9cnico Dorival J\u00fanior concedeu dois dias de folga ao elenco ap\u00f3s o triunfo no Morumbis. O Tricolor se reapresenta no SuperCT na ter\u00e7a-feira, \u00e0s 10h (de Bras\u00edlia), para dar in\u00edcio \u00e0s atividades visando \u00e0 partida contra o <a href=\"https:\/\/www.gazetaesportiva.com\/times\/atletico-mg\/\"><strong>Atl\u00e9tico-MG<\/strong><\/a>, pela 26\u00aa rodada do Campeonato Brasileiro.<\/p>\n<p>O time ter\u00e1 tr\u00eas dias de prepara\u00e7\u00e3o para o confronto. O duelo est\u00e1 marcado para o pr\u00f3ximo s\u00e1bado, \u00e0s 18h30 (de Bras\u00edlia), novamente no Morumbis.<\/p>\n<p><strong>Veja tamb\u00e9m:<\/strong><br \/>\n<strong><a href=\"https:\/\/www.gazetaesportiva.com\/todas-as-noticias\/\">Todas as not\u00edcias da Gazeta Esportiva<\/a><\/strong><br \/>\n<strong><a href=\"https:\/\/www.youtube.com\/channel\/UCcndglQZmXnYjgE_Grqt5yg\">Canal da Gazeta Esportiva no YouTube<\/a><\/strong><br \/>\n<strong><a href=\"https:\/\/www.instagram.com\/gazetaesportiva\/\">Siga a Gazeta Esportiva no Instagram<\/a><br \/>\n<\/strong><strong><a href=\"https:\/\/whatsapp.com\/channel\/0029Va9JQFL3WHTguJNfam3U\">Canal da Gazeta Esportiva no WhatsApp<\/a><\/strong><\/p>\n<p>O S\u00e3o Paulo ganhou um respiro com a vit\u00f3ria sobre o Bragantino. Al\u00e9m de encerrar um jejum de dez jogos sem vit\u00f3ria no Brasileir\u00e3o, a equipe subiu na tabela de classifica\u00e7\u00e3o do torneio e se distanciou da zona de rebaixamento. O time de Dorival J\u00fanior agora ocupa o 11\u00ba lugar da competi\u00e7\u00e3o, com 30 pontos.<\/p>\n<h2><strong>Veja a programa\u00e7\u00e3o do S\u00e3o Paulo:<\/strong><\/h2>\n<p><strong>Segunda-feira (31\/08)<\/strong><br \/>\nFolga<\/p>\n<p><strong>Ter\u00e7a-feira (01\/09)<\/strong><br \/>\nTreino no SuperCT, \u00e0s 10h (de Bras\u00edlia)<\/p>\n<p><strong>Quarta-feira (02\/09)<\/strong><br \/>\nTreino no SuperCT, \u00e0s 10h (de Bras\u00edlia)<\/p>\n<p><strong>Quinta-feira (03\/09)<\/strong><br \/>\nTreino no SuperCT, \u00e0s 10h (de Bras\u00edlia)<\/p>\n<p><strong>Sexta-feira (04\/09)<\/strong><br \/>\nTreino no SuperCT, \u00e0s 15h30 (de Bras\u00edlia)<\/p>\n<p><strong>S\u00e1bado (05\/09)<\/strong><br \/>\nS\u00e3o Paulo x Atl\u00e9tico-MG, \u00e0s 18h30 (de Bras\u00edlia), no Morumbis, pela 26\u00aa rodada do Brasileir\u00e3o<\/p>\n<p><strong>Domingo (06\/09)<\/strong><br \/>\nTreino no SuperCT, \u00e0s 10h (de Bras\u00edlia)<\/p>\n<div class=\"dugout-video dugout-embed-eyJrZXkiOiIiLCJwIjoiZ2F6ZXRhZXNwb3J0aXZhIiwicGwiOiI0a2hoSjVCWCJ9\"><\/div>\n<p><script type=\"text\/javascript\" src=\"https:\/\/embed.onefootball.com\/inline\/gazetaesportiva.js\"><\/script><\/p>\n<p>O post <a href=\"https:\/\/www.gazetaesportiva.com\/times\/sao-paulo\/sao-paulo-divulga-programacao-da-semana-visando-jogo-contra-o-atletico-mg\/\">S\u00e3o Paulo divulga programa\u00e7\u00e3o da semana visando jogo contra o Atl\u00e9tico-MG<\/a> apareceu primeiro em <a href=\"https:\/\/www.gazetaesportiva.com\">Gazeta Esportiva<\/a>.<\/p>\n","protected":false},"excerpt":{"rendered":"<p>O S\u00e3o Paulo divulgou neste domingo, no dia seguinte \u00e0 vit\u00f3ria sobre o Red Bull Bragantino, pelo Brasileir\u00e3o,<\/p>\n","protected":false},"author":1,"featured_media":11149,"comment_status":"open","ping_status":"open","sticky":false,"template":"","format":"standard","meta":{"footnotes":""},"categories":[71],"tags":[],"class_list":["post-11148","post","type-post","status-publish","format-standard","has-post-thumbnail","hentry","category-esportes-news"],"_links":{"self":[{"href":"https:\/\/portalbahianoticia.com.br\/index.php?rest_route=\/wp\/v2\/posts\/11148","targetHints":{"allow":["GET"]}}],"collection":[{"href":"https:\/\/portalbahianoticia.com.br\/index.php?rest_route=\/wp\/v2\/posts"}],"about":[{"href":"https:\/\/portalbahianoticia.com.br\/index.php?rest_route=\/wp\/v2\/types\/post"}],"author":[{"embeddable":true,"href":"https:\/\/portalbahianoticia.com.br\/index.php?rest_route=\/wp\/v2\/users\/1"}],"replies":[{"embeddable":true,"href":"https:\/\/portalbahianoticia.com.br\/index.php?rest_route=%2Fwp%2Fv2%2Fcomments&post=11148"}],"version-history":[{"count":0,"href":"https:\/\/portalbahianoticia.com.br\/index.php?rest_route=\/wp\/v2\/posts\/11148\/revisions"}],"wp:featuredmedia":[{"embeddable":true,"href":"https:\/\/portalbahianoticia.com.br\/index.php?rest_route=\/wp\/v2\/media\/11149"}],"wp:attachment":[{"href":"https:\/\/portalbahianoticia.com.br\/index.php?rest_route=%2Fwp%2Fv2%2Fmedia&parent=11148"}],"wp:term":[{"taxonomy":"category","embeddable":true,"href":"https:\/\/portalbahianoticia.com.br\/index.php?rest_route=%2Fwp%2Fv2%2Fcategories&post=11148"},{"taxonomy":"post_tag","embeddable":true,"href":"https:\/\/portalbahianoticia.com.br\/index.php?rest_route=%2Fwp%2Fv2%2Ftags&post=11148"}],"curies":[{"name":"wp","href":"https:\/\/api.w.org\/{rel}","templated":true}]}}