{"id":11144,"date":"2026-08-30T19:13:02","date_gmt":"2026-08-30T22:13:02","guid":{"rendered":"https:\/\/portalbahianoticia.com.br\/?p=11144"},"modified":"2026-08-30T19:13:02","modified_gmt":"2026-08-30T22:13:02","slug":"palmeiras-tem-duas-mudancas-para-enfrentar-o-mirassol-veja-escalacoes","status":"publish","type":"post","link":"https:\/\/portalbahianoticia.com.br\/?p=11144","title":{"rendered":"Palmeiras tem duas mudan\u00e7as para enfrentar o Mirassol; veja escala\u00e7\u00f5es"},"content":{"rendered":"<p>L\u00edder do Brasileir\u00e3o, o <a href=\"http:\/\/gazetaesportiva.com\/times\/palmeiras\"><strong>Palmeiras<\/strong> <\/a>volta a campo neste domingo no Est\u00e1dio Jos\u00e9 Maria de Campos Maia para enfrentar o <a href=\"http:\/\/www.gazetaesportiva.com\/times\/mirassol\/\"><strong>Mirassol<\/strong><\/a>, pela 25\u00aa rodada do <strong>Campeonato<\/strong> <strong>Brasileiro<\/strong>. Para esta partida, a equipe ter\u00e1 duas mudan\u00e7as na <strong>escala\u00e7\u00e3o<\/strong> em rela\u00e7\u00e3o ao time que disputou o \u00faltimo jogo contra o Santos pela Copa do Brasil.<\/p>\n<p>Arthur entra no lugar de Piquerez, que teve um edema diagnosticado na coxa direita e n\u00e3o foi relacionado para a partida. Felipe Anderson assume o posto de Jhon Arias, que est\u00e1 com uma les\u00e3o leve na coxa direita e foi preservado do duelo.<\/p>\n<blockquote class=\"twitter-tweet\">\n<p dir=\"ltr\" lang=\"pt\">ESCALA\u00c7\u00c3O NA TL! <img decoding=\"async\" src=\"https:\/\/s.w.org\/images\/core\/emoji\/17.0.2\/72x72\/1f4cb.png\" alt=\"\ud83d\udccb\" class=\"wp-smiley\" style=\"height: 1em; max-height: 1em;\" \/><a href=\"https:\/\/x.com\/hashtag\/MIRxPAL?src=hash&#038;ref_src=twsrc%5Etfw\">#MIRxPAL<\/a> <a href=\"https:\/\/x.com\/hashtag\/Escala%C3%A7%C3%A3oSEP?src=hash&#038;ref_src=twsrc%5Etfw\">#Escala\u00e7\u00e3oSEP<\/a> <a href=\"https:\/\/t.co\/72uUwKyG8Q\">pic.twitter.com\/72uUwKyG8Q<\/a><\/p>\n<p>\u2014 SE Palmeiras (@Palmeiras) <a href=\"https:\/\/x.com\/Palmeiras\/status\/2094162194501935552?ref_src=twsrc%5Etfw\">August 30, 2026<\/a><\/p>\n<\/blockquote>\n<p><script async src=\"https:\/\/platform.x.com\/widgets.js\" charset=\"utf-8\"><\/script><\/p>\n<h2>Escala\u00e7\u00e3o do Palmeiras<\/h2>\n<p>Carlos Miguel; Agust\u00edn Giay, Gustavo G\u00f3mez, Murilo e Arthur; Marlon Freitas, Andreas Pereira, Felipe Anderson e Maur\u00edcio; Vitor Roque e Flaco L\u00f3pez.<br \/>\n<strong>T\u00e9cnico<\/strong>: Abel Ferreira<\/p>\n<ul>\n<li><strong>Desfalques<\/strong>: Jhon Arias (les\u00e3o leve na coxa posterior direita), Ram\u00f3n Sosa (les\u00e3o no m\u00fasculo posterior da coxa esquerda) e Paulinho (transi\u00e7\u00e3o f\u00edsica).<\/li>\n<\/ul>\n<h2>Escala\u00e7\u00e3o do Mirassol<\/h2>\n<p>Walter; Reinaldo, Jo\u00e3o Victor, Willian Machado e Igor Formiga; Neto Moura, Denilson e Eduardo; Gustavo Silva, Alesson e Bruno Santos.<br \/>\n<strong>T\u00e9cnico<\/strong>: Rafael Guanaes<\/p>\n<p><strong>Desfalques<\/strong>: Edson Carioca, Negueba e Jos\u00e9 Aldo (lesionados).<\/p>\n<blockquote class=\"twitter-tweet\">\n<p dir=\"ltr\" lang=\"pt\">Le\u00e3o escalado!! <img decoding=\"async\" src=\"https:\/\/s.w.org\/images\/core\/emoji\/17.0.2\/72x72\/1f981.png\" alt=\"\ud83e\udd81\" class=\"wp-smiley\" style=\"height: 1em; max-height: 1em;\" \/> <a href=\"https:\/\/t.co\/bH1N7IPF3Q\">pic.twitter.com\/bH1N7IPF3Q<\/a><\/p>\n<p>\u2014 Mirassol (@mirassolfc) <a href=\"https:\/\/x.com\/mirassolfc\/status\/2094162101300310280?ref_src=twsrc%5Etfw\">August 30, 2026<\/a><\/p>\n<\/blockquote>\n<p><script async src=\"https:\/\/platform.x.com\/widgets.js\" charset=\"utf-8\"><\/script><\/p>\n<h2>Como chega o Palmeiras?<\/h2>\n<p>O Palmeiras \u00e9 o l\u00edder isolado do Campeonato Brasileiro, com 51 pontos, seis \u00e0 frente do vice-l\u00edder Flamengo, que tem uma partida a menos. O Verd\u00e3o chega embalado por duas vit\u00f3rias seguidas somando sete gols marcados, incluindo o 4 a 1 sobre o Vasco, no Allianz Parque, com gols de Flaco L\u00f3pez (duas vezes), Vitor Roque e Mauricio.<\/p>\n<p>A equipe de Abel Ferreira tamb\u00e9m segue viva em outras duas frentes: enfrenta o Santos, no meio da semana seguinte, pelo jogo de volta das quartas de final da Copa do Brasil, e a LDU, do Equador, em setembro, pelas quartas da Libertadores.<\/p>\n<h2>Como chega o Mirassol<\/h2>\n<p>O Mirassol ocupa a 17\u00aa coloca\u00e7\u00e3o do Campeonato Brasileiro, com 24 pontos em 23 rodadas. O time de Rafael Guanaes chega para o confronto ap\u00f3s uma semana livre, depois de empatar em 1 a 1 com o Santos, na Vila Belmiro.<\/p>\n<p>O Le\u00e3o n\u00e3o vence h\u00e1 sete jogos somando todas as competi\u00e7\u00f5es, com quatro empates e tr\u00eas derrotas no per\u00edodo, e foi eliminado tanto da Libertadores quanto da Copa do Brasil ao longo de agosto.<\/p>\n<p><strong>Veja tamb\u00e9m:<\/strong><br \/>\n<strong><a href=\"https:\/\/www.gazetaesportiva.com\/todas-as-noticias\/\">Todas as not\u00edcias da Gazeta Esportiva<\/a><\/strong><br \/>\n<strong><a href=\"https:\/\/www.youtube.com\/channel\/UCcndglQZmXnYjgE_Grqt5yg\">Canal da Gazeta Esportiva no YouTube<\/a><\/strong><br \/>\n<strong><a href=\"https:\/\/www.instagram.com\/gazetaesportiva\/\">Siga a Gazeta Esportiva no Instagram<\/a><\/strong><br \/>\n<strong><a href=\"https:\/\/whatsapp.com\/channel\/0029Va9JQFL3WHTguJNfam3U\">Canal da Gazeta Esportiva no WhatsApp<\/a><\/strong><\/p>\n<h2>Arbitragem de Mirassol x Palmeiras<\/h2>\n<ul>\n<li><strong>\u00c1rbitro:<\/strong> Jo\u00e3o Gobi (SP)<\/li>\n<li><strong>Assistentes:\u00a0<\/strong>Evandro de Melo Lima (SP) e Luiz Alberto Andrini Nogueira (SP)<\/li>\n<li><strong>VAR:<\/strong> Ilbert Estevam da Silva (SP)<\/li>\n<\/ul>\n<p>O post <a href=\"https:\/\/www.gazetaesportiva.com\/times\/palmeiras\/palmeiras-tem-duas-mudancas-para-enfrentar-o-mirassol-veja-escalacoes\/\">Palmeiras tem duas mudan\u00e7as para enfrentar o Mirassol; veja escala\u00e7\u00f5es<\/a> apareceu primeiro em <a href=\"https:\/\/www.gazetaesportiva.com\">Gazeta Esportiva<\/a>.<\/p>\n","protected":false},"excerpt":{"rendered":"<p>L\u00edder do Brasileir\u00e3o, o Palmeiras volta a campo neste domingo no Est\u00e1dio Jos\u00e9 Maria de Campos Maia para<\/p>\n","protected":false},"author":1,"featured_media":11145,"comment_status":"open","ping_status":"open","sticky":false,"template":"","format":"standard","meta":{"footnotes":""},"categories":[71],"tags":[],"class_list":["post-11144","post","type-post","status-publish","format-standard","has-post-thumbnail","hentry","category-esportes-news"],"_links":{"self":[{"href":"https:\/\/portalbahianoticia.com.br\/index.php?rest_route=\/wp\/v2\/posts\/11144","targetHints":{"allow":["GET"]}}],"collection":[{"href":"https:\/\/portalbahianoticia.com.br\/index.php?rest_route=\/wp\/v2\/posts"}],"about":[{"href":"https:\/\/portalbahianoticia.com.br\/index.php?rest_route=\/wp\/v2\/types\/post"}],"author":[{"embeddable":true,"href":"https:\/\/portalbahianoticia.com.br\/index.php?rest_route=\/wp\/v2\/users\/1"}],"replies":[{"embeddable":true,"href":"https:\/\/portalbahianoticia.com.br\/index.php?rest_route=%2Fwp%2Fv2%2Fcomments&post=11144"}],"version-history":[{"count":0,"href":"https:\/\/portalbahianoticia.com.br\/index.php?rest_route=\/wp\/v2\/posts\/11144\/revisions"}],"wp:featuredmedia":[{"embeddable":true,"href":"https:\/\/portalbahianoticia.com.br\/index.php?rest_route=\/wp\/v2\/media\/11145"}],"wp:attachment":[{"href":"https:\/\/portalbahianoticia.com.br\/index.php?rest_route=%2Fwp%2Fv2%2Fmedia&parent=11144"}],"wp:term":[{"taxonomy":"category","embeddable":true,"href":"https:\/\/portalbahianoticia.com.br\/index.php?rest_route=%2Fwp%2Fv2%2Fcategories&post=11144"},{"taxonomy":"post_tag","embeddable":true,"href":"https:\/\/portalbahianoticia.com.br\/index.php?rest_route=%2Fwp%2Fv2%2Ftags&post=11144"}],"curies":[{"name":"wp","href":"https:\/\/api.w.org\/{rel}","templated":true}]}}