{"id":11140,"date":"2026-08-30T19:13:04","date_gmt":"2026-08-30T22:13:04","guid":{"rendered":"https:\/\/portalbahianoticia.com.br\/?p=11140"},"modified":"2026-08-30T19:13:04","modified_gmt":"2026-08-30T22:13:04","slug":"em-partida-com-tres-gols-anulados-flamengo-vence-botafogo-e-pressiona-palmeiras-no-brasileirao","status":"publish","type":"post","link":"https:\/\/portalbahianoticia.com.br\/?p=11140","title":{"rendered":"Em partida com tr\u00eas gols anulados, Flamengo vence Botafogo e pressiona Palmeiras no Brasileir\u00e3o"},"content":{"rendered":"<p>Neste domingo, o <a href=\"https:\/\/www.gazetaesportiva.com\/times\/flamengo\/\"><strong>Flamengo<\/strong> <\/a>venceu o <a href=\"https:\/\/www.gazetaesportiva.com\/times\/botafogo\/\"><strong>Botafogo<\/strong> <\/a>por <strong>3<\/strong><strong>\u00a0a 0<\/strong>, no Maracan\u00e3, pela 25\u00aa rodada do <a href=\"https:\/\/www.gazetaesportiva.com\/campeonatos\/brasileiro-serie-a\/\"><strong>Campeonato Brasileiro<\/strong><\/a>. Samuel Lino, duas vezes, e Carrascal marcaram os gols da vit\u00f3ria rubro-negra.<\/p>\n<h2>Situa\u00e7\u00e3o da tabela<\/h2>\n<p>Com o resultado, o Flamengo chegou aos 48 pontos e segue na segunda posi\u00e7\u00e3o, na cola do Palmeiras, a apenas tr\u00eas pontos do l\u00edder do Brasileir\u00e3o, que ainda joga na rodada e pode ampliar a vantagem em caso de vit\u00f3ria. J\u00e1 o Botafogo amargou a segunda derrota consecutiva no campeonato e se mant\u00e9m na 12\u00aa coloca\u00e7\u00e3o, com 30 pontos.<\/p>\n<h2><img decoding=\"async\" src=\"https:\/\/s.w.org\/images\/core\/emoji\/17.0.2\/72x72\/1f4cb.png\" alt=\"\ud83d\udccb\" class=\"wp-smiley\" style=\"height: 1em; max-height: 1em;\" \/> Resumo do jogo<\/h2>\n<h3><img decoding=\"async\" src=\"https:\/\/s.w.org\/images\/core\/emoji\/17.0.2\/72x72\/1f534.png\" alt=\"\ud83d\udd34\" class=\"wp-smiley\" style=\"height: 1em; max-height: 1em;\" \/><img decoding=\"async\" src=\"https:\/\/s.w.org\/images\/core\/emoji\/17.0.2\/72x72\/26ab.png\" alt=\"\u26ab\" class=\"wp-smiley\" style=\"height: 1em; max-height: 1em;\" \/>FLAMENGO 3 x 0 BOTAFOGO<img decoding=\"async\" src=\"https:\/\/s.w.org\/images\/core\/emoji\/17.0.2\/72x72\/26ab.png\" alt=\"\u26ab\" class=\"wp-smiley\" style=\"height: 1em; max-height: 1em;\" \/><img decoding=\"async\" src=\"https:\/\/s.w.org\/images\/core\/emoji\/17.0.2\/72x72\/26aa.png\" alt=\"\u26aa\" class=\"wp-smiley\" style=\"height: 1em; max-height: 1em;\" \/><\/h3>\n<p><img decoding=\"async\" src=\"https:\/\/s.w.org\/images\/core\/emoji\/17.0.2\/72x72\/1f3c6.png\" alt=\"\ud83c\udfc6\" class=\"wp-smiley\" style=\"height: 1em; max-height: 1em;\" \/> <strong>Competi\u00e7\u00e3o<\/strong>: Campeonato Brasileiro \u2013 25\u00aa rodada<br \/>\n<img decoding=\"async\" src=\"https:\/\/s.w.org\/images\/core\/emoji\/17.0.2\/72x72\/1f3df.png\" alt=\"\ud83c\udfdf\" class=\"wp-smiley\" style=\"height: 1em; max-height: 1em;\" \/> <strong>Local<\/strong>: Maracan\u00e3, no Rio de Janeiro (RJ)<br \/>\n<img decoding=\"async\" src=\"https:\/\/s.w.org\/images\/core\/emoji\/17.0.2\/72x72\/1f4c5.png\" alt=\"\ud83d\udcc5\" class=\"wp-smiley\" style=\"height: 1em; max-height: 1em;\" \/> <strong>Data<\/strong>: 30 de agosto de 2026 (domingo)<br \/>\n<img decoding=\"async\" src=\"https:\/\/s.w.org\/images\/core\/emoji\/17.0.2\/72x72\/23f0.png\" alt=\"\u23f0\" class=\"wp-smiley\" style=\"height: 1em; max-height: 1em;\" \/> <strong>Hor\u00e1rio<\/strong>: 16h (de Bras\u00edlia)<br \/>\n<img decoding=\"async\" src=\"https:\/\/s.w.org\/images\/core\/emoji\/17.0.2\/72x72\/1f7e8.png\" alt=\"\ud83d\udfe8\" class=\"wp-smiley\" style=\"height: 1em; max-height: 1em;\" \/><strong> Cart\u00f5es amarelos<\/strong>: Mar\u00e7al e Gabriel Justino (Botafogo)<\/p>\n<h2>Gols<\/h2>\n<ul>\n<li><img decoding=\"async\" src=\"https:\/\/s.w.org\/images\/core\/emoji\/17.0.2\/72x72\/26bd.png\" alt=\"\u26bd\" class=\"wp-smiley\" style=\"height: 1em; max-height: 1em;\" \/> Samuel Lino, aos 13\u2019 do 1\u00baT (Flamengo)<\/li>\n<li><img decoding=\"async\" src=\"https:\/\/s.w.org\/images\/core\/emoji\/17.0.2\/72x72\/26bd.png\" alt=\"\u26bd\" class=\"wp-smiley\" style=\"height: 1em; max-height: 1em;\" \/>Samuel Lino, aos 41\u2019 do 2\u00baT (Flamengo)<\/li>\n<li><img decoding=\"async\" src=\"https:\/\/s.w.org\/images\/core\/emoji\/17.0.2\/72x72\/26bd.png\" alt=\"\u26bd\" class=\"wp-smiley\" style=\"height: 1em; max-height: 1em;\" \/> Jorge Carrascal, aos 43\u2032 do 2\u00baT (Flamengo)<\/li>\n<\/ul>\n<p><strong>Veja tamb\u00e9m:<\/strong><br \/>\n<strong><a href=\"https:\/\/www.gazetaesportiva.com\/todas-as-noticias\/\">Todas as not\u00edcias da Gazeta Esportiva<\/a><\/strong><br \/>\n<strong><a href=\"https:\/\/www.youtube.com\/channel\/UCcndglQZmXnYjgE_Grqt5yg\">Canal da Gazeta Esportiva no YouTube<\/a><\/strong><br \/>\n<strong><a href=\"https:\/\/www.instagram.com\/gazetaesportiva\/\">Siga a Gazeta Esportiva no Instagram<\/a><br \/>\n<\/strong><strong><a href=\"https:\/\/whatsapp.com\/channel\/0029Va9JQFL3WHTguJNfam3U\">Participe do canal da Gazeta Esportiva no WhatsApp<\/a><\/strong><\/p>\n<h2>Como foi o jogo<\/h2>\n<p><strong>Primeiro tempo<\/strong><\/p>\n<p>A primeira chegada no jogo foi do Botafogo. Aos tr\u00eas minutos, Montoro recebeu cabe\u00e7ada de Arthur Cabral dentro da \u00e1rea, fintou a marca\u00e7\u00e3o e passou para Danilo chegar finalizando. No entanto, o chute acabou saindo fraco, facilitando a defesa de Rossi.<\/p>\n<p>Apenas seis minutos depois, a equipe alvinegra conseguiu abrir o placar. Ap\u00f3s uma cobran\u00e7a de lateral, Montoro roubou a bola de Pulgar, partiu em um r\u00e1pido contra-ataque e cruzou para Arthur Cabral dentro da \u00e1rea. Mesmo marcado por dois defensores, o atacante conseguiu ganhar a disputa por baixo, girar e finalizar para o gol. No entanto, o VAR entendeu que, durante a disputa dentro da \u00e1rea, o camisa 9 do Glorioso tocou com a m\u00e3o na bola, e o gol foi anulado.<\/p>\n<p>Logo na sequ\u00eancia, o Flamengo conseguiu marcar o primeiro gol v\u00e1lido da partida. Jorginho recebeu a bola no c\u00edrculo central e, com tempo para pensar, enxergou a disparada de Samuel Lino nas costas da zaga do Botafogo. Com um lan\u00e7amento preciso, o atacante teve frieza para dominar, invadir a \u00e1rea e finalizar na sa\u00edda de Gabriel Batista.<\/p>\n<p>J\u00e1 aos 21 minutos da etapa inicial, foi a vez do Flamengo ter um gol anulado. <span data-me-change=\"delta\">L\u00e9o Pereira passou para Pedro, que recebeu no piv\u00f4 e, de calcanhar, tocou para Samuel Lino, deixando-o cara a cara com o goleiro<\/span>. Mesmo podendo finalizar, o atacante preferiu devolver para o camisa 9 rubro-negro, que completou para o gol aberto. Por\u00e9m, o assistente levantou a bandeira e marcou impedimento de Lino no in\u00edcio da jogada.<\/p>\n<p><strong>Segundo tempo<\/strong><\/p>\n<p>Em busca do empate, o Botafogo chegou duas vezes antes dos dez minutos do segundo tempo, primeiro em um voleio de Arthur Cabral e depois em uma cabe\u00e7ada de Vitinho dentro da \u00e1rea. Nas duas oportunidades, a bola passou por cima do gol defendido por Rossi.<\/p>\n<p>Assim como no primeiro tempo, o segundo tamb\u00e9m teve gol anulado. Aos 22 minutos, Arrascaeta recebeu na entrada da \u00e1rea, levantou a cabe\u00e7a e cruzou na medida para Lucas Paquet\u00e1 cabecear para o fundo das redes. Por\u00e9m, o assistente marcou impedimento do meia, que foi confirmado pelo sistema semiautom\u00e1tico.<\/p>\n<p>O segundo gol rubro-negro saiu apenas no final da partida. Rossi fez uma r\u00e1pida sa\u00edda de bola com Carrascal, que percorreu o campo de ataque antes de acionar Samuel Lino em profundidade. O camisa 16, sem dominar, tocou por cobertura na sa\u00edda de Gabriel Batista para marcar o doblete.<\/p>\n<p>Dois minutos depois, o Flamengo voltou a balan\u00e7ar as redes em uma bela jogada coletiva. Carrascal roubou a bola de Mar\u00e7al j\u00e1 no campo de ataque e, ap\u00f3s uma r\u00e1pida troca de passes de primeira, recebeu a devolu\u00e7\u00e3o de Cebolinha. O colombiano finalizou de primeira, com a perna esquerda, no canto esquerdo de Gabriel Batista para marcar o terceiro gol e selar a vit\u00f3ria rubro-negra.<\/p>\n<div class='fotorama' data-click='false' data-nav='thumbs' data-allowfullscreen='true'><a data-caption='\n\n<div class=\"fotorama_legenda_galeria\">Foto: V\u00edtor Silva\/Botafogo\n<\/div>\n<p>&#8216; href=&#8217;https:\/\/static.gazetaesportiva.com\/uploads\/2026\/08\/55498024416_590aeb6a7c_k-1024&#215;683.webp&#8217; data-thumb=&#8217;https:\/\/static.gazetaesportiva.com\/uploads\/2026\/08\/55498024416_590aeb6a7c_k-1024&#215;683.webp&#8217;><\/a><a data-caption='\n\n<div class=\"fotorama_legenda_galeria\">Foto: V\u00edtor Silva\/Botafogo\n<\/div>\n<p>&#8216; href=&#8217;https:\/\/static.gazetaesportiva.com\/uploads\/2026\/08\/55498128008_ebaf1bbdc7_k-1024&#215;683.webp&#8217; data-thumb=&#8217;https:\/\/static.gazetaesportiva.com\/uploads\/2026\/08\/55498128008_ebaf1bbdc7_k-1024&#215;683.webp&#8217;><\/a><a data-caption='\n\n<div class=\"fotorama_legenda_galeria\">Foto: V\u00edtor Silva\/Botafogo\n<\/div>\n<p>&#8216; href=&#8217;https:\/\/static.gazetaesportiva.com\/uploads\/2026\/08\/55498409200_032c51b748_k-1024&#215;683.webp&#8217; data-thumb=&#8217;https:\/\/static.gazetaesportiva.com\/uploads\/2026\/08\/55498409200_032c51b748_k-1024&#215;683.webp&#8217;><\/a><a data-caption='\n\n<div class=\"fotorama_legenda_galeria\">Foto: V\u00edtor Silva\/Botafogo\n<\/div>\n<p>&#8216; href=&#8217;https:\/\/static.gazetaesportiva.com\/uploads\/2026\/08\/55498128103_7ec54b45f6_k-1024&#215;683.webp&#8217; data-thumb=&#8217;https:\/\/static.gazetaesportiva.com\/uploads\/2026\/08\/55498128103_7ec54b45f6_k-1024&#215;683.webp&#8217;><\/a><a data-caption='\n\n<div class=\"fotorama_legenda_galeria\">Foto: V\u00edtor Silva\/Botafogo\n<\/div>\n<p>&#8216; href=&#8217;https:\/\/static.gazetaesportiva.com\/uploads\/2026\/08\/55498058761_afbadff24e_k-1024&#215;683.webp&#8217; data-thumb=&#8217;https:\/\/static.gazetaesportiva.com\/uploads\/2026\/08\/55498058761_afbadff24e_k-1024&#215;683.webp&#8217;><\/a><a data-caption='\n\n<div class=\"fotorama_legenda_galeria\">Foto: V\u00edtor Silva\/Botafogo\n<\/div>\n<p>&#8216; href=&#8217;https:\/\/static.gazetaesportiva.com\/uploads\/2026\/08\/55498227519_8e1788f5ac_h-819&#215;1024.webp&#8217; data-thumb=&#8217;https:\/\/static.gazetaesportiva.com\/uploads\/2026\/08\/55498227519_8e1788f5ac_h-819&#215;1024.webp&#8217;><\/a><a data-caption='\n\n<div class=\"fotorama_legenda_galeria\">Foto: V\u00edtor Silva\/Botafogo\n<\/div>\n<p>&#8216; href=&#8217;https:\/\/static.gazetaesportiva.com\/uploads\/2026\/08\/55498443580_2b2bc670ac_k-1024&#215;683.webp&#8217; data-thumb=&#8217;https:\/\/static.gazetaesportiva.com\/uploads\/2026\/08\/55498443580_2b2bc670ac_k-1024&#215;683.webp&#8217;><\/a><a data-caption='\n\n<div class=\"fotorama_legenda_galeria\">Foto: V\u00edtor Silva\/Botafogo\n<\/div>\n<p>&#8216; href=&#8217;https:\/\/static.gazetaesportiva.com\/uploads\/2026\/08\/55498058456_11c5ffe409_k-820&#215;1024.webp&#8217; data-thumb=&#8217;https:\/\/static.gazetaesportiva.com\/uploads\/2026\/08\/55498058456_11c5ffe409_k-820&#215;1024.webp&#8217;><\/a><a data-caption='\n\n<div class=\"fotorama_legenda_galeria\">Foto: V\u00edtor Silva\/Botafogo\n<\/div>\n<p>&#8216; href=&#8217;https:\/\/static.gazetaesportiva.com\/uploads\/2026\/08\/55498058481_04c1b8253b_k-1024&#215;683.webp&#8217; data-thumb=&#8217;https:\/\/static.gazetaesportiva.com\/uploads\/2026\/08\/55498058481_04c1b8253b_k-1024&#215;683.webp&#8217;><\/a><a data-caption='\n\n<div class=\"fotorama_legenda_galeria\">Foto: V\u00edtor Silva\/Botafogo\n<\/div>\n<p>&#8216; href=&#8217;https:\/\/static.gazetaesportiva.com\/uploads\/2026\/08\/55497170337_9347e16fa5_k-1024&#215;683.webp&#8217; data-thumb=&#8217;https:\/\/static.gazetaesportiva.com\/uploads\/2026\/08\/55497170337_9347e16fa5_k-1024&#215;683.webp&#8217;><\/a><a data-caption='\n\n<div class=\"fotorama_legenda_galeria\">Foto: V\u00edtor Silva\/Botafogo\n<\/div>\n<p>&#8216; href=&#8217;https:\/\/static.gazetaesportiva.com\/uploads\/2026\/08\/55498162196_dfc063ab2f_k-820&#215;1024.webp&#8217; data-thumb=&#8217;https:\/\/static.gazetaesportiva.com\/uploads\/2026\/08\/55498162196_dfc063ab2f_k-820&#215;1024.webp&#8217;><\/a><a data-caption='\n\n<div class=\"fotorama_legenda_galeria\">Foto: V\u00edtor Silva\/Botafogo\n<\/div>\n<p>&#8216; href=&#8217;https:\/\/static.gazetaesportiva.com\/uploads\/2026\/08\/55498331009_e23278ee79_k-1024&#215;683.webp&#8217; data-thumb=&#8217;https:\/\/static.gazetaesportiva.com\/uploads\/2026\/08\/55498331009_e23278ee79_k-1024&#215;683.webp&#8217;><\/a><a data-caption='\n\n<div class=\"fotorama_legenda_galeria\">Foto: V\u00edtor Silva\/Botafogo\n<\/div>\n<p>&#8216; href=&#8217;https:\/\/static.gazetaesportiva.com\/uploads\/2026\/08\/55498545780_e500f121a5_k-1024&#215;683.webp&#8217; data-thumb=&#8217;https:\/\/static.gazetaesportiva.com\/uploads\/2026\/08\/55498545780_e500f121a5_k-1024&#215;683.webp&#8217;><\/a><a data-caption='\n\n<div class=\"fotorama_legenda_galeria\">Foto: V\u00edtor Silva\/Botafogo\n<\/div>\n<p>&#8216; href=&#8217;https:\/\/static.gazetaesportiva.com\/uploads\/2026\/08\/55498545415_51bbc4da6b_k-1024&#215;683.webp&#8217; data-thumb=&#8217;https:\/\/static.gazetaesportiva.com\/uploads\/2026\/08\/55498545415_51bbc4da6b_k-1024&#215;683.webp&#8217;><\/a><\/div>\n<p><\/p>\n<h2>Escala\u00e7\u00f5es<\/h2>\n<p><strong><img decoding=\"async\" src=\"https:\/\/s.w.org\/images\/core\/emoji\/17.0.2\/72x72\/1f534.png\" alt=\"\ud83d\udd34\" class=\"wp-smiley\" style=\"height: 1em; max-height: 1em;\" \/><img decoding=\"async\" src=\"https:\/\/s.w.org\/images\/core\/emoji\/17.0.2\/72x72\/26ab.png\" alt=\"\u26ab\" class=\"wp-smiley\" style=\"height: 1em; max-height: 1em;\" \/>FLAMENGO<\/strong><\/p>\n<p>Rossi; Emerson Royal, L\u00e9o Ortiz, L\u00e9o Pereira e Ayrton Lucas; Pulgar e Jorginho; Luiz Ara\u00fajo (Lucas Paquet\u00e1), Arrascaeta (Carrascal) e Samuel Lino; Pedro (Everton Cebolinha).<br \/>\n<strong>T\u00e9cnico<\/strong>: L\u00e9o Jardim<\/p>\n<p><strong><img decoding=\"async\" src=\"https:\/\/s.w.org\/images\/core\/emoji\/17.0.2\/72x72\/26ab.png\" alt=\"\u26ab\" class=\"wp-smiley\" style=\"height: 1em; max-height: 1em;\" \/><img decoding=\"async\" src=\"https:\/\/s.w.org\/images\/core\/emoji\/17.0.2\/72x72\/26aa.png\" alt=\"\u26aa\" class=\"wp-smiley\" style=\"height: 1em; max-height: 1em;\" \/> BOTAFOGO<\/strong><\/p>\n<p>Gabriel Batista; Ferraresi, Gabriel Justino, Mar\u00e7al; Vitinho (Villalba), Huguinho, Danilo e Alex Telles (Lucas M\u00f3nzon); Montoro (Danilo Pereira), Edenilson (Cristian Medina) e Arthur Cabral (J\u00fanior Santos).<br \/>\n<strong>T\u00e9cnico<\/strong>: Rodrigo Bell\u00e3o<\/p>\n<h2>Pr\u00f3ximos jogos<\/h2>\n<p><strong><img decoding=\"async\" src=\"https:\/\/s.w.org\/images\/core\/emoji\/17.0.2\/72x72\/1f534.png\" alt=\"\ud83d\udd34\" class=\"wp-smiley\" style=\"height: 1em; max-height: 1em;\" \/><img decoding=\"async\" src=\"https:\/\/s.w.org\/images\/core\/emoji\/17.0.2\/72x72\/26ab.png\" alt=\"\u26ab\" class=\"wp-smiley\" style=\"height: 1em; max-height: 1em;\" \/>Flamengo<\/strong><\/p>\n<p><strong>Flamengo x Mirassol | Campeonato Brasileiro \u2013 4\u00aa rodada (atrasada)<\/strong><br \/>\n<strong>Data e hor\u00e1rio<\/strong>: 02 de setembro de 2026 (quarta-feira) \u00e0s 19h30 (de Bras\u00edlia)<br \/>\n<strong>Local<\/strong>: Maracan\u00e3, no Rio de Janeiro (RJ)<\/p>\n<p><strong><img decoding=\"async\" src=\"https:\/\/s.w.org\/images\/core\/emoji\/17.0.2\/72x72\/26ab.png\" alt=\"\u26ab\" class=\"wp-smiley\" style=\"height: 1em; max-height: 1em;\" \/><img decoding=\"async\" src=\"https:\/\/s.w.org\/images\/core\/emoji\/17.0.2\/72x72\/26aa.png\" alt=\"\u26aa\" class=\"wp-smiley\" style=\"height: 1em; max-height: 1em;\" \/>Botafogo<\/strong><\/p>\n<p><strong>Botafogo x Palmeiras | Campeonato Brasileiro \u2013 26\u00aa rodada<\/strong><br \/>\n<strong>Data e hor\u00e1rio<\/strong>: 6 de setembro de 2026 (domingo) \u00e0s 18h30 (de Bras\u00edlia)<br \/>\n<strong>Local<\/strong>: Est\u00e1dio Nilton Santos, no Rio de Janeiro (RJ)<\/p>\n<div class=\"dugout-video dugout-embed-eyJrZXkiOiIiLCJwIjoiZ2F6ZXRhZXNwb3J0aXZhIiwicGwiOiI0a2hoSjVCWCJ9\"><\/div>\n<p><script type=\"text\/javascript\" src=\"https:\/\/embed.onefootball.com\/inline\/gazetaesportiva.js\"><\/script><\/p>\n<p>O post <a href=\"https:\/\/www.gazetaesportiva.com\/times\/flamengo\/flamengo-x-botafogo-campeonato-brasileiro-30-08-26\/\">Em partida com tr\u00eas gols anulados, Flamengo vence Botafogo e pressiona Palmeiras no Brasileir\u00e3o<\/a> apareceu primeiro em <a href=\"https:\/\/www.gazetaesportiva.com\">Gazeta Esportiva<\/a>.<\/p>\n","protected":false},"excerpt":{"rendered":"<p>Neste domingo, o Flamengo venceu o Botafogo por 3\u00a0a 0, no Maracan\u00e3, pela 25\u00aa rodada do Campeonato Brasileiro.<\/p>\n","protected":false},"author":1,"featured_media":11141,"comment_status":"open","ping_status":"open","sticky":false,"template":"","format":"standard","meta":{"footnotes":""},"categories":[71],"tags":[],"class_list":["post-11140","post","type-post","status-publish","format-standard","has-post-thumbnail","hentry","category-esportes-news"],"_links":{"self":[{"href":"https:\/\/portalbahianoticia.com.br\/index.php?rest_route=\/wp\/v2\/posts\/11140","targetHints":{"allow":["GET"]}}],"collection":[{"href":"https:\/\/portalbahianoticia.com.br\/index.php?rest_route=\/wp\/v2\/posts"}],"about":[{"href":"https:\/\/portalbahianoticia.com.br\/index.php?rest_route=\/wp\/v2\/types\/post"}],"author":[{"embeddable":true,"href":"https:\/\/portalbahianoticia.com.br\/index.php?rest_route=\/wp\/v2\/users\/1"}],"replies":[{"embeddable":true,"href":"https:\/\/portalbahianoticia.com.br\/index.php?rest_route=%2Fwp%2Fv2%2Fcomments&post=11140"}],"version-history":[{"count":0,"href":"https:\/\/portalbahianoticia.com.br\/index.php?rest_route=\/wp\/v2\/posts\/11140\/revisions"}],"wp:featuredmedia":[{"embeddable":true,"href":"https:\/\/portalbahianoticia.com.br\/index.php?rest_route=\/wp\/v2\/media\/11141"}],"wp:attachment":[{"href":"https:\/\/portalbahianoticia.com.br\/index.php?rest_route=%2Fwp%2Fv2%2Fmedia&parent=11140"}],"wp:term":[{"taxonomy":"category","embeddable":true,"href":"https:\/\/portalbahianoticia.com.br\/index.php?rest_route=%2Fwp%2Fv2%2Fcategories&post=11140"},{"taxonomy":"post_tag","embeddable":true,"href":"https:\/\/portalbahianoticia.com.br\/index.php?rest_route=%2Fwp%2Fv2%2Ftags&post=11140"}],"curies":[{"name":"wp","href":"https:\/\/api.w.org\/{rel}","templated":true}]}}