{"id":11138,"date":"2026-08-30T19:13:05","date_gmt":"2026-08-30T22:13:05","guid":{"rendered":"https:\/\/portalbahianoticia.com.br\/?p=11138"},"modified":"2026-08-30T19:13:05","modified_gmt":"2026-08-30T22:13:05","slug":"com-neymar-decisivo-santos-bate-corinthians-e-vence-primeiro-classico-no-ano","status":"publish","type":"post","link":"https:\/\/portalbahianoticia.com.br\/?p=11138","title":{"rendered":"Com Neymar decisivo, Santos bate Corinthians e vence primeiro cl\u00e1ssico no ano"},"content":{"rendered":"<p>O <a href=\"http:\/\/gazetaesportiva.com\/times\/santos\"><strong>Santos<\/strong><\/a> venceu seu primeiro cl\u00e1ssico em 2026. Neste domingo, a equipe de Cuca ganhou do <a href=\"http:\/\/www.gazetaesportiva.com\/times\/corinthians\"><strong>Corinthians<\/strong><\/a> por 1 a 0, na Neo Qu\u00edmica Arena, pela 25\u00aa rodada do <strong>Campeonato Brasileiro<\/strong>. Christian Oliva marcou o \u00fanico gol da partida.<\/p>\n<h2>Protesto da torcida<\/h2>\n<p>Ao final da partida, a torcida do Corinthians vaiou e entoou c\u00e2nticos de \u201cN\u00e3o \u00e9 mole n\u00e3o, tem que ser homem para jogar no Coring\u00e3o\u201d. Foi o maior p\u00fablico da Neo Qu\u00edmica Arena no ano e os setores das organizadas da equipe de Fernando Diniz foram quem lideraram o protesto.<\/p>\n<h2>Situa\u00e7\u00e3o da tabela<\/h2>\n<p>Com o resultado, o Corinthians sofre sua terceira derrota consecutiva no Campeonato Brasileiro e segue na 10\u00aa posi\u00e7\u00e3o, com 32 pontos. O Santos, por sua vez, chega ao terceiro jogo sem perder e sobe para a 14\u00aa coloca\u00e7\u00e3o, agora com 29 \u2013 quatro a mais que o Internacional, primeiro time na zona de rebaixamento.<\/p>\n<div style=\"margin: 0 auto; min-width: 300px;\">\n<div style=\"position: relative; padding-bottom: 56.25%; height: 0; overflow: hidden;\"><iframe style=\"width: 300px; min-width: 100%; position: absolute; top: 0; left: 0; height: 100%; overflow: hidden;\" src=\"https:\/\/embed.onefootball.com\/iframe\/?p=eyJrZXkiOiI0d0tydjlqeSIsInAiOiJnYXpldGFlc3BvcnRpdmEiLCJwbCI6IiJ9\" width=\"100%\" frameborder=\"0\" scrolling=\"no\" allowfullscreen=\"allowfullscreen\"><\/iframe><\/div>\n<\/div>\n<h2>Ficha t\u00e9cnica<\/h2>\n<p><strong><img decoding=\"async\" class=\"emoji\" role=\"img\" draggable=\"false\" src=\"https:\/\/s.w.org\/images\/core\/emoji\/17.0.2\/svg\/26ab.svg\" alt=\"\u26ab\" \/><img decoding=\"async\" src=\"https:\/\/s.w.org\/images\/core\/emoji\/17.0.2\/72x72\/26aa.png\" alt=\"\u26aa\" class=\"wp-smiley\" style=\"height: 1em; max-height: 1em;\" \/> CORINTHIANS 0 x 1 SANTOS <img decoding=\"async\" class=\"emoji\" role=\"img\" draggable=\"false\" src=\"https:\/\/s.w.org\/images\/core\/emoji\/17.0.2\/svg\/26aa.svg\" alt=\"\u26aa\" \/><img decoding=\"async\" src=\"https:\/\/s.w.org\/images\/core\/emoji\/17.0.2\/72x72\/26ab.png\" alt=\"\u26ab\" class=\"wp-smiley\" style=\"height: 1em; max-height: 1em;\" \/>\u00a0<\/strong><\/p>\n<p><strong><img decoding=\"async\" class=\"emoji\" role=\"img\" draggable=\"false\" src=\"https:\/\/s.w.org\/images\/core\/emoji\/17.0.2\/svg\/1f3c6.svg\" alt=\"\ud83c\udfc6\" \/>\u00a0Competi\u00e7\u00e3o:<\/strong> Campeonato Brasileiro (25\u00aa rodada)<br \/>\n<strong><img decoding=\"async\" class=\"emoji\" role=\"img\" draggable=\"false\" src=\"https:\/\/s.w.org\/images\/core\/emoji\/17.0.2\/svg\/1f3df.svg\" alt=\"\ud83c\udfdf\" \/>\u00a0Local:<\/strong> Neo Qu\u00edmica Arena, em S\u00e3o Paulo (SP)<br \/>\n<strong><img decoding=\"async\" class=\"emoji\" role=\"img\" draggable=\"false\" src=\"https:\/\/s.w.org\/images\/core\/emoji\/17.0.2\/svg\/1f4c5.svg\" alt=\"\ud83d\udcc5\" \/>\u00a0Data:<\/strong> 30 de agosto de 2026 (domingo)<br \/>\n<strong><img decoding=\"async\" class=\"emoji\" role=\"img\" draggable=\"false\" src=\"https:\/\/s.w.org\/images\/core\/emoji\/17.0.2\/svg\/23f0.svg\" alt=\"\u23f0\" \/>\u00a0Hor\u00e1rio:<\/strong> \u00e0s 16h (de Bras\u00edlia)<br \/>\n<strong><img decoding=\"async\" class=\"emoji\" role=\"img\" draggable=\"false\" src=\"https:\/\/s.w.org\/images\/core\/emoji\/17.0.2\/svg\/1f465.svg\" alt=\"\ud83d\udc65\" \/>\u00a0P\u00fablico:<\/strong> 47.099 torcedores<br \/>\n<strong><img decoding=\"async\" class=\"emoji\" role=\"img\" draggable=\"false\" src=\"https:\/\/s.w.org\/images\/core\/emoji\/17.0.2\/svg\/1f4b0.svg\" alt=\"\ud83d\udcb0\" \/>\u00a0Renda:<\/strong> R$ 3.284.703,18<br \/>\n<strong><img decoding=\"async\" class=\"emoji\" role=\"img\" draggable=\"false\" src=\"https:\/\/s.w.org\/images\/core\/emoji\/17.0.2\/svg\/1f7e8.svg\" alt=\"\ud83d\udfe8\" \/>\u00a0Cart\u00f5es amarelos:<\/strong> Gabriel Paulista, Raniele e Garro (Corinthians) \/ Lucas Ver\u00edssimo, Willian Ar\u00e3o e Barreal (Santos)<br \/>\n<strong><img decoding=\"async\" class=\"emoji\" role=\"img\" draggable=\"false\" src=\"https:\/\/s.w.org\/images\/core\/emoji\/17.0.2\/svg\/1f7e5.svg\" alt=\"\ud83d\udfe5\" \/>\u00a0Cart\u00f5es vermelhos:<\/strong>\u00a0Nenhum<\/p>\n<p><strong>Gols<\/strong><\/p>\n<ul>\n<li><img decoding=\"async\" src=\"https:\/\/s.w.org\/images\/core\/emoji\/17.0.2\/72x72\/26bd.png\" alt=\"\u26bd\" class=\"wp-smiley\" style=\"height: 1em; max-height: 1em;\" \/> Christian Oliva, aos 32\u2032 do 1\u00baT (Santos)<\/li>\n<\/ul>\n<h3>Arbitragem<\/h3>\n<p><strong>\u00c1rbitro:<\/strong>\u00a0Wilton Pereira Sampaio (GO)<br \/>\n<strong>Assistentes:<\/strong>\u00a0Rafael da Silva Alves (RS) e Leone Carvalho Rocha (GO)<br \/>\n<strong>Quarto \u00e1rbitro:<\/strong>\u00a0Luiz Augusto Silveira Tisne (SC)<br \/>\n<strong>VAR:<\/strong>\u00a0Rodrigo D\u2019Alonso Ferreira (SC)<\/p>\n<h3>Escala\u00e7\u00f5es<\/h3>\n<h4>Escala\u00e7\u00e3o do Corinthians <img decoding=\"async\" src=\"https:\/\/s.w.org\/images\/core\/emoji\/17.0.2\/72x72\/26ab.png\" alt=\"\u26ab\" class=\"wp-smiley\" style=\"height: 1em; max-height: 1em;\" \/><img decoding=\"async\" src=\"https:\/\/s.w.org\/images\/core\/emoji\/17.0.2\/72x72\/26aa.png\" alt=\"\u26aa\" class=\"wp-smiley\" style=\"height: 1em; max-height: 1em;\" \/><\/h4>\n<p>Hugo Souza; Matheuzinho, Gabriel Paulista, Gustavo Henrique e Matheus Bidu; Raniele (Matheus Pereira), Allan (Pedro Raul) e Rodrigo Garro; Kaio C\u00e9sar, Dieguinho (Gui Neg\u00e3o) e Memphis Depay<br \/>\n<strong>T\u00e9cnico:<\/strong> Fernando Diniz<\/p>\n<h4>Escala\u00e7\u00e3o do Santos <img decoding=\"async\" src=\"https:\/\/s.w.org\/images\/core\/emoji\/17.0.2\/72x72\/26aa.png\" alt=\"\u26aa\" class=\"wp-smiley\" style=\"height: 1em; max-height: 1em;\" \/><img decoding=\"async\" src=\"https:\/\/s.w.org\/images\/core\/emoji\/17.0.2\/72x72\/26ab.png\" alt=\"\u26ab\" class=\"wp-smiley\" style=\"height: 1em; max-height: 1em;\" \/><\/h4>\n<p>Gabriel Braz\u00e3o; Igor Vinicius, Lucas Ver\u00edssimo, Luan Peres e Escobar; Willian Ar\u00e3o, Gustavo Henrique (Christian Oliva), Gabriel Bontempo (Rony) e Barreal (Rollheiser); Neymar e Gabigol (Davizinho)<br \/>\n<strong>T\u00e9cnico:<\/strong> Cuca<\/p>\n<p><strong>Veja tamb\u00e9m:<\/strong><br \/>\n<strong><a href=\"https:\/\/www.gazetaesportiva.com\/todas-as-noticias\/\">Todas as not\u00edcias da Gazeta Esportiva<\/a><\/strong><br \/>\n<strong><a href=\"https:\/\/www.youtube.com\/channel\/UCcndglQZmXnYjgE_Grqt5yg\">Canal da Gazeta Esportiva no YouTube<\/a><\/strong><br \/>\n<strong><a href=\"https:\/\/www.instagram.com\/gazetaesportiva\/\">Siga a Gazeta Esportiva no Instagram<\/a><br \/>\n<\/strong><strong><a href=\"https:\/\/whatsapp.com\/channel\/0029Va9JQFL3WHTguJNfam3U\">Canal da Gazeta Esportiva no WhatsApp<\/a><\/strong><\/p>\n<h2>Como foi o jogo?<\/h2>\n<h3>Primeiro tempo<\/h3>\n<p>O come\u00e7o de jogo foi muito truncado na Neo Qu\u00edmica Arena. Apesar do Corinthians ter mais a posse de bola, o goleiro Gabriel Braz\u00e3o n\u00e3o foi incomodado no come\u00e7o da partida. O \u00fanico lance perigoso do Tim\u00e3o ocorreu aos 18 minutos, quando Matheus Bidu chutou ao lado da trave direita do gol santista.<\/p>\n<p>Com poucas sa\u00eddas para o ataque, o Santos aproveitou a bola parada para ter boas oportunidades. Aos 32 minutos, Gabriel Paulista matou contra-ataque e deu uma falta perigosa para o Peixe. Neymar cobrou no \u00e2ngulo, mas acabou acertando a trave e, no rebote, o volante Christian Oliva aproveitou o gol aberto para marcar seu primeiro gol com a camisa do Alvinegro Praiano.<\/p>\n<p>Atr\u00e1s no placar, o Corinthians at\u00e9 ensaiou uma rea\u00e7\u00e3o na reta final do primeiro tempo, mas n\u00e3o conseguiu criar boas oportunidades, seguindo a t\u00f4nica do primeiro tempo.<\/p>\n<h3>Segundo tempo<\/h3>\n<p>O in\u00edcio do segundo tempo foi semelhante ao come\u00e7o da etapa inicial. O Corinthians controlava a posse de bola, mas n\u00e3o conseguia criar boas chances.<\/p>\n<p>A situa\u00e7\u00e3o do Tim\u00e3o melhorou na partida por volta dos 20 minutos, quando Fernando Diniz lan\u00e7ou a equipe ao ataque. Aos 21, Dieguinho aproveitou bate e rebate para bater forte, mas parou em boa defesa de Braz\u00e3o. Dois minutos depois, foi a vez de Memphis: ap\u00f3s passe de Kaio C\u00e9sar, o holand\u00eas chutou de primeira, mas a bola saiu por cima da meta santista.<\/p>\n<p>A reta final da partida seguiu a mesma figura do segundo tempo. O Corinthians manteve a posse de bola durante a maior parte do tempo, mas n\u00e3o conseguia finalizar a gol, enquanto o Santos n\u00e3o encaixava contra-ataques. O Tim\u00e3o n\u00e3o obrigou Gabriel Braz\u00e3o a fazer nenhuma defesa nos minutos finais e, a melhor chance dos \u00faltimos lances veio do Santos. Aos 49 minutos, Davizinho fez boa jogada e ajeitou para Oliva, que, sozinho, chutou por cima do gol.<\/p>\n<h2>Pr\u00f3ximos jogos<\/h2>\n<h3>Corinthians <img decoding=\"async\" src=\"https:\/\/s.w.org\/images\/core\/emoji\/17.0.2\/72x72\/26ab.png\" alt=\"\u26ab\" class=\"wp-smiley\" style=\"height: 1em; max-height: 1em;\" \/><img decoding=\"async\" src=\"https:\/\/s.w.org\/images\/core\/emoji\/17.0.2\/72x72\/26aa.png\" alt=\"\u26aa\" class=\"wp-smiley\" style=\"height: 1em; max-height: 1em;\" \/><\/h3>\n<p><strong>Jogo: Corinthians x Chapecoense<\/strong><br \/>\nCompeti\u00e7\u00e3o: Campeonato Brasileiro (26\u00aa rodada)<br \/>\nData e hora: 06\/09 (domingo), \u00e0s 19h30 (de Bras\u00edlia)<br \/>\nLocal: Neo Qu\u00edmica Arena, em S\u00e3o Paulo (SP)<\/p>\n<h3>Santos <img decoding=\"async\" src=\"https:\/\/s.w.org\/images\/core\/emoji\/17.0.2\/72x72\/26aa.png\" alt=\"\u26aa\" class=\"wp-smiley\" style=\"height: 1em; max-height: 1em;\" \/><img decoding=\"async\" src=\"https:\/\/s.w.org\/images\/core\/emoji\/17.0.2\/72x72\/26ab.png\" alt=\"\u26ab\" class=\"wp-smiley\" style=\"height: 1em; max-height: 1em;\" \/><\/h3>\n<p><strong>Jogo: Santos x Palmeiras<\/strong><br \/>\nCompeti\u00e7\u00e3o: Copa do Brasil (quartas de final | volta)<br \/>\nData e hora: 02\/09 (quarta-feira), \u00e0s 21h30 (de Bras\u00edlia)<br \/>\nLocal: Vila Belmiro, em Santos (SP)<\/p>\n<div style=\"margin: 0 auto; min-width: 300px;\">\n<div style=\"position: relative; padding-bottom: 56.25%; height: 0; overflow: hidden;\"><iframe style=\"width: 300px; min-width: 100%; position: absolute; top: 0; left: 0; height: 100%; overflow: hidden;\" src=\"https:\/\/embed.onefootball.com\/iframe\/?p=eyJrZXkiOiIiLCJwIjoiZ2F6ZXRhZXNwb3J0aXZhIiwicGwiOiI0a2hoSjVCWCJ9\" width=\"100%\" frameborder=\"0\" scrolling=\"no\" allowfullscreen=\"allowfullscreen\"><\/iframe><\/div>\n<\/div>\n<p>\u00a0<\/p>\n<p>O post <a href=\"https:\/\/www.gazetaesportiva.com\/campeonatos\/brasileiro-serie-a\/corinthians-x-santos-campeonato-brasileiro-30-08-2026\/\">Com Neymar decisivo, Santos bate Corinthians e vence primeiro cl\u00e1ssico no ano<\/a> apareceu primeiro em <a href=\"https:\/\/www.gazetaesportiva.com\">Gazeta Esportiva<\/a>.<\/p>\n","protected":false},"excerpt":{"rendered":"<p>O Santos venceu seu primeiro cl\u00e1ssico em 2026. Neste domingo, a equipe de Cuca ganhou do Corinthians por<\/p>\n","protected":false},"author":1,"featured_media":11139,"comment_status":"open","ping_status":"open","sticky":false,"template":"","format":"standard","meta":{"footnotes":""},"categories":[71],"tags":[],"class_list":["post-11138","post","type-post","status-publish","format-standard","has-post-thumbnail","hentry","category-esportes-news"],"_links":{"self":[{"href":"https:\/\/portalbahianoticia.com.br\/index.php?rest_route=\/wp\/v2\/posts\/11138","targetHints":{"allow":["GET"]}}],"collection":[{"href":"https:\/\/portalbahianoticia.com.br\/index.php?rest_route=\/wp\/v2\/posts"}],"about":[{"href":"https:\/\/portalbahianoticia.com.br\/index.php?rest_route=\/wp\/v2\/types\/post"}],"author":[{"embeddable":true,"href":"https:\/\/portalbahianoticia.com.br\/index.php?rest_route=\/wp\/v2\/users\/1"}],"replies":[{"embeddable":true,"href":"https:\/\/portalbahianoticia.com.br\/index.php?rest_route=%2Fwp%2Fv2%2Fcomments&post=11138"}],"version-history":[{"count":0,"href":"https:\/\/portalbahianoticia.com.br\/index.php?rest_route=\/wp\/v2\/posts\/11138\/revisions"}],"wp:featuredmedia":[{"embeddable":true,"href":"https:\/\/portalbahianoticia.com.br\/index.php?rest_route=\/wp\/v2\/media\/11139"}],"wp:attachment":[{"href":"https:\/\/portalbahianoticia.com.br\/index.php?rest_route=%2Fwp%2Fv2%2Fmedia&parent=11138"}],"wp:term":[{"taxonomy":"category","embeddable":true,"href":"https:\/\/portalbahianoticia.com.br\/index.php?rest_route=%2Fwp%2Fv2%2Fcategories&post=11138"},{"taxonomy":"post_tag","embeddable":true,"href":"https:\/\/portalbahianoticia.com.br\/index.php?rest_route=%2Fwp%2Fv2%2Ftags&post=11138"}],"curies":[{"name":"wp","href":"https:\/\/api.w.org\/{rel}","templated":true}]}}