{"id":11136,"date":"2026-08-30T19:13:06","date_gmt":"2026-08-30T22:13:06","guid":{"rendered":"https:\/\/portalbahianoticia.com.br\/?p=11136"},"modified":"2026-08-30T19:13:06","modified_gmt":"2026-08-30T22:13:06","slug":"america-mg-vence-a-ponte-preta-e-finda-jejum-pela-serie-b","status":"publish","type":"post","link":"https:\/\/portalbahianoticia.com.br\/?p=11136","title":{"rendered":"Am\u00e9rica-MG vence a Ponte Preta e finda jejum pela S\u00e9rie B"},"content":{"rendered":"<p>Na tarde deste domingo, o Am\u00e9rica-MG venceu a Ponte Preta por 2 a 0 na Arena Independ\u00eancia, em partida v\u00e1lida pela 25\u00aa rodada da <strong><a href=\"https:\/\/www.gazetaesportiva.com\/campeonatos\/brasileiro-serie-b\/\">S\u00e9rie B do Brasileir\u00e3o<\/a>, e findou um jejum de quatro jogos sem vencer na competi\u00e7\u00e3o<\/strong>. Willian Bigode e Rodrigo Pi\u00f1eiro marcaram os gols da vit\u00f3ria do time da casa.<\/p>\n<blockquote class=\"twitter-tweet\">\n<p dir=\"ltr\" lang=\"pt\">13\u2032 | 2T \u2013 GGGGGGGGGGGGGGGGGGGOOOOOOOOOOOOOOOOOOOOOOOOOOOOOOOOOOOOOOOOOOOOOOOOOOOOOLLLLLLL DO <a href=\"https:\/\/x.com\/hashtag\/COELH%C3%83O?src=hash&#038;ref_src=twsrc%5Etfw\">#COELH\u00c3O<\/a>!!!<\/p>\n<p>RODRIGO PI\u00d1EIRO RECEBE NA INTERMEDI\u00c1RIA, ACHA ESPA\u00c7O PARA FINALIZAR E MARCA UM GOLAAAAAAA\u00c7OOOOOOOOOO! VAMOOOOOOOOOOOOOOOOOOOOOOOOOOS!!!<a href=\"https:\/\/x.com\/hashtag\/AFCxAAPP?src=hash&#038;ref_src=twsrc%5Etfw\">#AFCxAAPP<\/a> | 2\u00d70<a href=\"https:\/\/x.com\/hashtag\/Am%C3%A9rica%C3%89sOMaior?src=hash&#038;ref_src=twsrc%5Etfw\">#Am\u00e9rica\u00c9sOMaior<\/a> <a href=\"https:\/\/t.co\/alyXBrolbO\">pic.twitter.com\/alyXBrolbO<\/a><\/p>\n<p>\u2014 Am\u00e9rica FC (@AmericaFC1912) <a href=\"https:\/\/x.com\/AmericaFC1912\/status\/2094160508307804366?ref_src=twsrc%5Etfw\">August 30, 2026<\/a><\/p>\n<\/blockquote>\n<p><script async src=\"https:\/\/platform.x.com\/widgets.js\" charset=\"utf-8\"><\/script><\/p>\n<h2>Situa\u00e7\u00e3o na tabela<\/h2>\n<p>Com a vit\u00f3ria, o Am\u00e9rica chega a 14 pontos, mas ainda segue na vice-lanterna. Por sua vez, a Ponte Preta continua no \u00faltimo lugar do campeonato, com somente 10 pontos.<\/p>\n<div class=\"dugout-video dugout-embed-eyJrZXkiOiIiLCJwIjoiZ2F6ZXRhZXNwb3J0aXZhIiwicGwiOiI0a2hoSjVCWCJ9\"><\/div>\n<p><script src=\"https:\/\/embed.onefootball.com\/inline\/gazetaesportiva.js\" type=\"text\/javascript\"><\/script><\/p>\n<h2><b><img decoding=\"async\" src=\"https:\/\/s.w.org\/images\/core\/emoji\/17.0.2\/72x72\/1f4cb.png\" alt=\"\ud83d\udccb\" class=\"wp-smiley\" style=\"height: 1em; max-height: 1em;\" \/> Resumo do jogo\u00a0<\/b><\/h2>\n<p><img decoding=\"async\" src=\"https:\/\/s.w.org\/images\/core\/emoji\/17.0.2\/72x72\/1f7e2.png\" alt=\"\ud83d\udfe2\" class=\"wp-smiley\" style=\"height: 1em; max-height: 1em;\" \/><img decoding=\"async\" src=\"https:\/\/s.w.org\/images\/core\/emoji\/17.0.2\/72x72\/26ab.png\" alt=\"\u26ab\" class=\"wp-smiley\" style=\"height: 1em; max-height: 1em;\" \/>\u00a0<strong>AM\u00c9RICA-MG 2 x 0 PONTE PRETA <img decoding=\"async\" src=\"https:\/\/s.w.org\/images\/core\/emoji\/17.0.2\/72x72\/26ab.png\" alt=\"\u26ab\" class=\"wp-smiley\" style=\"height: 1em; max-height: 1em;\" \/><img decoding=\"async\" src=\"https:\/\/s.w.org\/images\/core\/emoji\/17.0.2\/72x72\/26aa.png\" alt=\"\u26aa\" class=\"wp-smiley\" style=\"height: 1em; max-height: 1em;\" \/><\/strong><\/p>\n<p><span style=\"font-weight: 400;\"><img decoding=\"async\" src=\"https:\/\/s.w.org\/images\/core\/emoji\/17.0.2\/72x72\/1f3c6.png\" alt=\"\ud83c\udfc6\" class=\"wp-smiley\" style=\"height: 1em; max-height: 1em;\" \/> <\/span><b>Competi\u00e7\u00e3o:<\/b><span style=\"font-weight: 400;\"> S\u00e9rie B do Campeonato Brasileiro<\/span><span style=\"font-weight: 400;\"><br \/>\n<\/span><span style=\"font-weight: 400;\"><img decoding=\"async\" src=\"https:\/\/s.w.org\/images\/core\/emoji\/17.0.2\/72x72\/1f3df.png\" alt=\"\ud83c\udfdf\" class=\"wp-smiley\" style=\"height: 1em; max-height: 1em;\" \/> <\/span><b>Local:<\/b><span style=\"font-weight: 400;\"> Arena Independ\u00eancia, em Belo Horizonte (MG)<\/span><span style=\"font-weight: 400;\"><br \/>\n<\/span><span style=\"font-weight: 400;\"><img decoding=\"async\" src=\"https:\/\/s.w.org\/images\/core\/emoji\/17.0.2\/72x72\/1f4c5.png\" alt=\"\ud83d\udcc5\" class=\"wp-smiley\" style=\"height: 1em; max-height: 1em;\" \/> <\/span><b>Data:<\/b><span style=\"font-weight: 400;\"> 30 de agosto de 2026 (domingo)<\/span><span style=\"font-weight: 400;\"><br \/>\n<\/span><span style=\"font-weight: 400;\"><img decoding=\"async\" src=\"https:\/\/s.w.org\/images\/core\/emoji\/17.0.2\/72x72\/23f0.png\" alt=\"\u23f0\" class=\"wp-smiley\" style=\"height: 1em; max-height: 1em;\" \/> <\/span><b>Hor\u00e1rio:<\/b><span style=\"font-weight: 400;\"> 16h (de Bras\u00edlia)<\/span><\/p>\n<p><img decoding=\"async\" src=\"https:\/\/s.w.org\/images\/core\/emoji\/17.0.2\/72x72\/26bd.png\" alt=\"\u26bd\" class=\"wp-smiley\" style=\"height: 1em; max-height: 1em;\" \/>\u00a0<strong>Gols<br \/>\n<\/strong><\/p>\n<ul>\n<li>Willian Bigode, aos 2\u2032 do 2\u00baT\u00a0 (Am\u00e9rica-MG)<\/li>\n<li>Rodrigo Pi\u00f1eiro, aos 14\u2032 do 2\u00baT\u00a0 (Am\u00e9rica-MG)<\/li>\n<\/ul>\n<h2>Como foi o jogo<\/h2>\n<p>Aos dois minutos da segunda etapa, Fer Elizari cruzou na segunda trave para Willian Bigode, que se antecipou do marcador para cabecear e abrir o placar. Aos 14, Tob\u00edas Ostchega ajeitou de fora da \u00e1rea para Rodrigo Pi\u00f1eiro soltar uma bomba no canto direito de Vinicius e ampliar.<\/p>\n<div class='fotorama' data-click='false' data-nav='thumbs' data-allowfullscreen='true'><a data-caption='\n\n<div class=\"fotorama_legenda_galeria\">Foto: Mour\u00e3o Panda \/ Am\u00e9rica<\/div>\n<p>&#8216; href=&#8217;https:\/\/static.gazetaesportiva.com\/uploads\/2026\/08\/55498177866_94a2755343_k-1024&#215;683.webp&#8217; data-thumb=&#8217;https:\/\/static.gazetaesportiva.com\/uploads\/2026\/08\/55498177866_94a2755343_k-1024&#215;683.webp&#8217;><\/a><a data-caption='\n\n<div class=\"fotorama_legenda_galeria\">Foto: Mour\u00e3o Panda \/ Am\u00e9rica<\/div>\n<p>&#8216; href=&#8217;https:\/\/static.gazetaesportiva.com\/uploads\/2026\/08\/55498561715_b37cbed842_k-1024&#215;683.webp&#8217; data-thumb=&#8217;https:\/\/static.gazetaesportiva.com\/uploads\/2026\/08\/55498561715_b37cbed842_k-1024&#215;683.webp&#8217;><\/a><a data-caption='\n\n<div class=\"fotorama_legenda_galeria\">Foto: Mour\u00e3o Panda \/ Am\u00e9rica<\/div>\n<p>&#8216; href=&#8217;https:\/\/static.gazetaesportiva.com\/uploads\/2026\/08\/55498533520_06ea988b72_k-1024&#215;683.webp&#8217; data-thumb=&#8217;https:\/\/static.gazetaesportiva.com\/uploads\/2026\/08\/55498533520_06ea988b72_k-1024&#215;683.webp&#8217;><\/a><a data-caption='\n\n<div class=\"fotorama_legenda_galeria\">Foto: Mour\u00e3o Panda \/ Am\u00e9rica<\/div>\n<p>&#8216; href=&#8217;https:\/\/static.gazetaesportiva.com\/uploads\/2026\/08\/55498253138_1e8721c739_k-1024&#215;683.webp&#8217; data-thumb=&#8217;https:\/\/static.gazetaesportiva.com\/uploads\/2026\/08\/55498253138_1e8721c739_k-1024&#215;683.webp&#8217;><\/a><a data-caption='\n\n<div class=\"fotorama_legenda_galeria\">Foto: Mour\u00e3o Panda \/ Am\u00e9rica<\/div>\n<p>&#8216; href=&#8217;https:\/\/static.gazetaesportiva.com\/uploads\/2026\/08\/55498534370_8fbdf21655_k-1024&#215;683.webp&#8217; data-thumb=&#8217;https:\/\/static.gazetaesportiva.com\/uploads\/2026\/08\/55498534370_8fbdf21655_k-1024&#215;683.webp&#8217;><\/a><a data-caption='\n\n<div class=\"fotorama_legenda_galeria\">Foto: Mour\u00e3o Panda \/ Am\u00e9rica<\/div>\n<p>&#8216; href=&#8217;https:\/\/static.gazetaesportiva.com\/uploads\/2026\/08\/55498319859_faf60737a9_k-1024&#215;683.webp&#8217; data-thumb=&#8217;https:\/\/static.gazetaesportiva.com\/uploads\/2026\/08\/55498319859_faf60737a9_k-1024&#215;683.webp&#8217;><\/a><a data-caption='\n\n<div class=\"fotorama_legenda_galeria\">Foto: Mour\u00e3o Panda \/ Am\u00e9rica<\/div>\n<p>&#8216; href=&#8217;https:\/\/static.gazetaesportiva.com\/uploads\/2026\/08\/55498089206_5482352049_k-1024&#215;683.webp&#8217; data-thumb=&#8217;https:\/\/static.gazetaesportiva.com\/uploads\/2026\/08\/55498089206_5482352049_k-1024&#215;683.webp&#8217;><\/a><a data-caption='\n\n<div class=\"fotorama_legenda_galeria\">Foto: Mour\u00e3o Panda \/ Am\u00e9rica<\/div>\n<p>&#8216; href=&#8217;https:\/\/static.gazetaesportiva.com\/uploads\/2026\/08\/55498473695_78d9207f9d_k-1024&#215;683.webp&#8217; data-thumb=&#8217;https:\/\/static.gazetaesportiva.com\/uploads\/2026\/08\/55498473695_78d9207f9d_k-1024&#215;683.webp&#8217;><\/a><a data-caption='\n\n<div class=\"fotorama_legenda_galeria\">Foto: Mour\u00e3o Panda \/ Am\u00e9rica<\/div>\n<p>&#8216; href=&#8217;https:\/\/static.gazetaesportiva.com\/uploads\/2026\/08\/55498473855_453e82be3e_k-1024&#215;683.webp&#8217; data-thumb=&#8217;https:\/\/static.gazetaesportiva.com\/uploads\/2026\/08\/55498473855_453e82be3e_k-1024&#215;683.webp&#8217;><\/a><a data-caption='\n\n<div class=\"fotorama_legenda_galeria\">Foto: Mour\u00e3o Panda \/ Am\u00e9rica<\/div>\n<p>&#8216; href=&#8217;https:\/\/static.gazetaesportiva.com\/uploads\/2026\/08\/55498258724_6e2916cad9_k-1024&#215;683.webp&#8217; data-thumb=&#8217;https:\/\/static.gazetaesportiva.com\/uploads\/2026\/08\/55498258724_6e2916cad9_k-1024&#215;683.webp&#8217;><\/a><\/div>\n<p><\/p>\n<h2>Pr\u00f3ximos jogos<\/h2>\n<h3>Am\u00e9rica-MG<\/h3>\n<ul>\n<li style=\"font-weight: 400;\" aria-level=\"1\"><b>Jogo:<\/b><span style=\"font-weight: 400;\"> CRB x Am\u00e9rica-MG<\/span><\/li>\n<li style=\"font-weight: 400;\" aria-level=\"1\"><b>Data e hor\u00e1rio:<\/b><span style=\"font-weight: 400;\"> 04 de setembro de 2026 (sexta-feira) <\/span><span style=\"font-weight: 400;\">| 21h30 (de Bras\u00edlia)<\/span><\/li>\n<li style=\"font-weight: 400;\" aria-level=\"1\"><b>Competi\u00e7\u00e3o:<\/b><span style=\"font-weight: 400;\"> S\u00e9rie B do Campeonato Brasileiro<\/span><\/li>\n<li style=\"font-weight: 400;\" aria-level=\"1\"><b>Local:<\/b> Est\u00e1dio Rei Pel\u00e9, em Macei\u00f3 (AL)<\/li>\n<\/ul>\n<h3>Ponte Preta<\/h3>\n<ul>\n<li style=\"font-weight: 400;\" aria-level=\"1\"><b>Jogo:<\/b><span style=\"font-weight: 400;\"> Ponte Preta x S\u00e3o Bernardo<\/span><\/li>\n<li style=\"font-weight: 400;\" aria-level=\"1\"><b>Data e hor\u00e1rio: <\/b><span style=\"font-weight: 400;\">06 de setembro de 2026 (domingo) <\/span><span style=\"font-weight: 400;\">| 18h30 (de Bras\u00edlia)<\/span><\/li>\n<li style=\"font-weight: 400;\" aria-level=\"1\"><b>Competi\u00e7\u00e3o:<\/b><span style=\"font-weight: 400;\"> S\u00e9rie B do Campeonato Brasileiro<\/span><\/li>\n<li style=\"font-weight: 400;\" aria-level=\"1\"><b>Local:<\/b> <span style=\"font-weight: 400;\">Est\u00e1dio Mois\u00e9s Lucarelli, em Campinas (SP)<\/span><\/li>\n<\/ul>\n<h2>Ava\u00ed 0 x 1 Atl\u00e9tico-GO<\/h2>\n<p>No mesmo hor\u00e1rio, o Atl\u00e9tico Goianiense venceu o Ava\u00ed por 1 a 0 no Est\u00e1dio da Ressacada, em Florian\u00f3polis (SC), com gol marcado no finalzinho por Bruno Jos\u00e9. Com o resultado, o time da casa perdeu a chance de se distanciar da zona de rebaixamento e fica com 29 pontos na 16\u00aa coloca\u00e7\u00e3o. O Atl\u00e9tico-GO, por sua vez, entrou no G6 e termina a rodada com 39 pontos na sexta posi\u00e7\u00e3o.<\/p>\n<p><strong>Veja tamb\u00e9m:<\/strong><br \/>\n<strong><a href=\"https:\/\/www.gazetaesportiva.com\/todas-as-noticias\/\">Todas as not\u00edcias da Gazeta Esportiva<\/a><br \/>\n<a href=\"https:\/\/www.youtube.com\/channel\/UCcndglQZmXnYjgE_Grqt5yg\">Canal da Gazeta Esportiva no YouTube<\/a><br \/>\n<a href=\"https:\/\/www.instagram.com\/gazetaesportiva\/\">Siga a Gazeta Esportiva no Instagram<\/a><br \/>\n<a href=\"https:\/\/whatsapp.com\/channel\/0029Va9JQFL3WHTguJNfam3U\">Participe do canal da Gazeta Esportiva no WhatsApp<\/a><\/strong><\/p>\n<p>O post <a href=\"https:\/\/www.gazetaesportiva.com\/times\/america-mg\/america-mg-vence-a-ponte-preta-e-finda-jejum-pela-serie-b\/\">Am\u00e9rica-MG vence a Ponte Preta e finda jejum pela S\u00e9rie B<\/a> apareceu primeiro em <a href=\"https:\/\/www.gazetaesportiva.com\">Gazeta Esportiva<\/a>.<\/p>\n","protected":false},"excerpt":{"rendered":"<p>Na tarde deste domingo, o Am\u00e9rica-MG venceu a Ponte Preta por 2 a 0 na Arena Independ\u00eancia, em<\/p>\n","protected":false},"author":1,"featured_media":11137,"comment_status":"open","ping_status":"open","sticky":false,"template":"","format":"standard","meta":{"footnotes":""},"categories":[71],"tags":[],"class_list":["post-11136","post","type-post","status-publish","format-standard","has-post-thumbnail","hentry","category-esportes-news"],"_links":{"self":[{"href":"https:\/\/portalbahianoticia.com.br\/index.php?rest_route=\/wp\/v2\/posts\/11136","targetHints":{"allow":["GET"]}}],"collection":[{"href":"https:\/\/portalbahianoticia.com.br\/index.php?rest_route=\/wp\/v2\/posts"}],"about":[{"href":"https:\/\/portalbahianoticia.com.br\/index.php?rest_route=\/wp\/v2\/types\/post"}],"author":[{"embeddable":true,"href":"https:\/\/portalbahianoticia.com.br\/index.php?rest_route=\/wp\/v2\/users\/1"}],"replies":[{"embeddable":true,"href":"https:\/\/portalbahianoticia.com.br\/index.php?rest_route=%2Fwp%2Fv2%2Fcomments&post=11136"}],"version-history":[{"count":0,"href":"https:\/\/portalbahianoticia.com.br\/index.php?rest_route=\/wp\/v2\/posts\/11136\/revisions"}],"wp:featuredmedia":[{"embeddable":true,"href":"https:\/\/portalbahianoticia.com.br\/index.php?rest_route=\/wp\/v2\/media\/11137"}],"wp:attachment":[{"href":"https:\/\/portalbahianoticia.com.br\/index.php?rest_route=%2Fwp%2Fv2%2Fmedia&parent=11136"}],"wp:term":[{"taxonomy":"category","embeddable":true,"href":"https:\/\/portalbahianoticia.com.br\/index.php?rest_route=%2Fwp%2Fv2%2Fcategories&post=11136"},{"taxonomy":"post_tag","embeddable":true,"href":"https:\/\/portalbahianoticia.com.br\/index.php?rest_route=%2Fwp%2Fv2%2Ftags&post=11136"}],"curies":[{"name":"wp","href":"https:\/\/api.w.org\/{rel}","templated":true}]}}