{"id":11126,"date":"2026-08-30T19:13:11","date_gmt":"2026-08-30T22:13:11","guid":{"rendered":"https:\/\/portalbahianoticia.com.br\/?p=11126"},"modified":"2026-08-30T19:13:11","modified_gmt":"2026-08-30T22:13:11","slug":"gremio-x-chapecoense-siga-o-tempo-real-do-jogo-pelo-campeonato-brasileiro","status":"publish","type":"post","link":"https:\/\/portalbahianoticia.com.br\/?p=11126","title":{"rendered":"Gr\u00eamio x Chapecoense: siga o tempo real do jogo pelo Campeonato Brasileiro"},"content":{"rendered":"<p>Neste domingo, o\u00a0<b><a href=\"https:\/\/www.gazetaesportiva.com\/times\/gremio\/\">Gr\u00eamio<\/a> <\/b>recebe a <a href=\"https:\/\/www.gazetaesportiva.com\/times\/chapecoense\/\"><strong>Chapecoense<\/strong> <\/a>pela\u00a0<strong>25\u00aa rodada<\/strong>\u00a0do\u00a0<a href=\"https:\/\/www.gazetaesportiva.com\/campeonatos\/brasileiro-serie-a\/\"><strong>Campeonato Brasileiro<\/strong><\/a>. A bola rola a partir das<strong> 18h30 <\/strong>(de Bras\u00edlia), na <strong>Arena do Gr\u00eamio,<\/strong> em Porto Alegre. <a href=\"https:\/\/www.gazetaesportiva.com\/minuto-a-minuto\/brasileiro-serie-a-2026\/gremio-x-chapecoense\/237703\/\">Siga o tempo real!<\/a><\/p>\n<div style=\"width: 100%; overflow: hidden;\"><iframe loading=\"lazy\" src=\"https:\/\/www.gazetaesportiva.com\/minuto-a-minuto\/brasileiro-serie-a-2026\/gremio-x-chapecoense\/237703\/\" width=\"100%\" height=\"900\" frameborder=\"0\" scrolling=\"yes\"><br \/>\n<\/iframe><\/div>\n<p><strong>Veja tamb\u00e9m:<\/strong><br \/>\n<strong><a href=\"https:\/\/www.gazetaesportiva.com\/todas-as-noticias\/\">Todas as not\u00edcias da Gazeta Esportiva<\/a><\/strong><br \/>\n<strong><a href=\"https:\/\/www.youtube.com\/channel\/UCcndglQZmXnYjgE_Grqt5yg\">Canal da Gazeta Esportiva no YouTube<\/a><\/strong><br \/>\n<strong><a href=\"https:\/\/www.instagram.com\/gazetaesportiva\/\">Siga a Gazeta Esportiva no Instagram<\/a><br \/>\n<\/strong><strong><a href=\"https:\/\/whatsapp.com\/channel\/0029Va9JQFL3WHTguJNfam3U\">Participe do canal da Gazeta Esportiva no WhatsApp<\/a><\/strong><\/p>\n<h2>Como chegam as equipes?<\/h2>\n<p>O Gr\u00eamio chega para a partida pressionado no Campeonato Brasileiro. O Tricolor perdeu para o Bragantino por 1 a 0 na 24\u00aa rodada e ocupa a <strong>15\u00aa coloca\u00e7\u00e3o<\/strong>, com <strong>25 pontos<\/strong>, apenas um acima do Mirassol, primeiro time dentro da zona de rebaixamento. A equipe tamb\u00e9m vem de empate sem gols com o Internacional, no jogo de ida das quartas de final da Copa do Brasil.<\/p>\n<p>J\u00e1 a Chapecoense vem embalada pela vit\u00f3ria por 1 a 0 sobre o S\u00e3o Paulo na \u00faltima rodada do Brasileiro. O resultado encerrou um jejum de 22 partidas sem vencer na competi\u00e7\u00e3o. O Verd\u00e3o do Oeste, por\u00e9m, segue na <strong>20\u00aa posi\u00e7\u00e3o<\/strong>, com <strong>14 pontos<\/strong> em 23 jogos, e busca uma nova vit\u00f3ria para iniciar uma rea\u00e7\u00e3o na luta contra o rebaixamento.<\/p>\n<h2>Escala\u00e7\u00f5es confirmadas<\/h2>\n<p class=\"isSelectedEnd\"><strong><img decoding=\"async\" src=\"https:\/\/s.w.org\/images\/core\/emoji\/17.0.2\/72x72\/1f535.png\" alt=\"\ud83d\udd35\" class=\"wp-smiley\" style=\"height: 1em; max-height: 1em;\" \/><img decoding=\"async\" src=\"https:\/\/s.w.org\/images\/core\/emoji\/17.0.2\/72x72\/26ab.png\" alt=\"\u26ab\" class=\"wp-smiley\" style=\"height: 1em; max-height: 1em;\" \/> Gr\u00eamio<\/strong><\/p>\n<p class=\"isSelectedEnd\">Weverton; Pavon, Wallace, Gustavo Martins e Marlon; Danilo Barbosa, Villasanti e Krovinovi\u0107; Enamorado, Amuzu e Carlos Vin\u00edcius.<br \/>\n<strong>T\u00e9cnico:<\/strong> Lu\u00eds Castro<\/p>\n<p class=\"isSelectedEnd\"><strong><img decoding=\"async\" src=\"https:\/\/s.w.org\/images\/core\/emoji\/17.0.2\/72x72\/1f7e2.png\" alt=\"\ud83d\udfe2\" class=\"wp-smiley\" style=\"height: 1em; max-height: 1em;\" \/><img decoding=\"async\" src=\"https:\/\/s.w.org\/images\/core\/emoji\/17.0.2\/72x72\/26aa.png\" alt=\"\u26aa\" class=\"wp-smiley\" style=\"height: 1em; max-height: 1em;\" \/> Chapecoense<\/strong><\/p>\n<p class=\"isSelectedEnd\">Anderson; Heitor, Kauan Faria, Eduardo Doma e Bruno Pacheco; Bruno Matias, Yago Felipe e Giovanni Augusto; Marcinho, T\u00falio Eduardo e Garcez.<br \/>\n<strong>T\u00e9cnico:<\/strong> Rafael Lacerda<\/p>\n<h2>Arbitragem<\/h2>\n<ul data-spread=\"false\">\n<li><strong>\u00c1rbitro:<\/strong> Rodrigo Jos\u00e9 Pereira de Lima (PE)<\/li>\n<li><strong>Assistentes:<\/strong> Nailton J\u00fanior de Sousa Oliveira (CE) e Karla Renata Cavalcanti de Santana (PE)<\/li>\n<li><strong>VAR:<\/strong> Rodrigo Carvalhaes de Miranda (RJ)<\/li>\n<li><strong>Quarto \u00e1rbitro:<\/strong> Rafael Carlos Salgueiro Lima (AL)<\/li>\n<\/ul>\n<h2>Ficha T\u00e9cnica<\/h2>\n<h2><img decoding=\"async\" src=\"https:\/\/s.w.org\/images\/core\/emoji\/17.0.2\/72x72\/1f535.png\" alt=\"\ud83d\udd35\" class=\"wp-smiley\" style=\"height: 1em; max-height: 1em;\" \/><img decoding=\"async\" src=\"https:\/\/s.w.org\/images\/core\/emoji\/17.0.2\/72x72\/26ab.png\" alt=\"\u26ab\" class=\"wp-smiley\" style=\"height: 1em; max-height: 1em;\" \/> Gr\u00eamio x Chapecoense <img decoding=\"async\" src=\"https:\/\/s.w.org\/images\/core\/emoji\/17.0.2\/72x72\/1f7e2.png\" alt=\"\ud83d\udfe2\" class=\"wp-smiley\" style=\"height: 1em; max-height: 1em;\" \/><img decoding=\"async\" src=\"https:\/\/s.w.org\/images\/core\/emoji\/17.0.2\/72x72\/26aa.png\" alt=\"\u26aa\" class=\"wp-smiley\" style=\"height: 1em; max-height: 1em;\" \/><\/h2>\n<p><strong>Competi\u00e7\u00e3o:<\/strong> Brasileir\u00e3o \u2013 25\u00aa rodada<br \/>\n<strong>Data e hor\u00e1rio:<\/strong> Domingo, 30 de agosto de 2026, \u00e0s 18h30 (de Bras\u00edlia)<br \/>\n<strong>Local:<\/strong> Arena do Gr\u00eamio, em Porto Alegre (RS)<br \/>\n<strong>Transmiss\u00e3o:<\/strong> Sportv e Premiere<\/p>\n<div class=\"dugout-video dugout-embed-eyJrZXkiOiIiLCJwIjoiZ2F6ZXRhZXNwb3J0aXZhIiwicGwiOiI0a2hoSjVCWCJ9\"><\/div>\n<p><script type=\"text\/javascript\" src=\"https:\/\/embed.onefootball.com\/inline\/gazetaesportiva.js\"><\/script><\/p>\n<p>O post <a href=\"https:\/\/www.gazetaesportiva.com\/campeonatos\/brasileiro-serie-a\/gremio-x-chapecoense-campeonato-brasileiro-30-08-26\/\">Gr\u00eamio x Chapecoense: siga o tempo real do jogo pelo Campeonato Brasileiro<\/a> apareceu primeiro em <a href=\"https:\/\/www.gazetaesportiva.com\">Gazeta Esportiva<\/a>.<\/p>\n","protected":false},"excerpt":{"rendered":"<p>Neste domingo, o\u00a0Gr\u00eamio recebe a Chapecoense pela\u00a025\u00aa rodada\u00a0do\u00a0Campeonato Brasileiro. A bola rola a partir das 18h30 (de Bras\u00edlia),<\/p>\n","protected":false},"author":1,"featured_media":11127,"comment_status":"open","ping_status":"open","sticky":false,"template":"","format":"standard","meta":{"footnotes":""},"categories":[71],"tags":[],"class_list":["post-11126","post","type-post","status-publish","format-standard","has-post-thumbnail","hentry","category-esportes-news"],"_links":{"self":[{"href":"https:\/\/portalbahianoticia.com.br\/index.php?rest_route=\/wp\/v2\/posts\/11126","targetHints":{"allow":["GET"]}}],"collection":[{"href":"https:\/\/portalbahianoticia.com.br\/index.php?rest_route=\/wp\/v2\/posts"}],"about":[{"href":"https:\/\/portalbahianoticia.com.br\/index.php?rest_route=\/wp\/v2\/types\/post"}],"author":[{"embeddable":true,"href":"https:\/\/portalbahianoticia.com.br\/index.php?rest_route=\/wp\/v2\/users\/1"}],"replies":[{"embeddable":true,"href":"https:\/\/portalbahianoticia.com.br\/index.php?rest_route=%2Fwp%2Fv2%2Fcomments&post=11126"}],"version-history":[{"count":0,"href":"https:\/\/portalbahianoticia.com.br\/index.php?rest_route=\/wp\/v2\/posts\/11126\/revisions"}],"wp:featuredmedia":[{"embeddable":true,"href":"https:\/\/portalbahianoticia.com.br\/index.php?rest_route=\/wp\/v2\/media\/11127"}],"wp:attachment":[{"href":"https:\/\/portalbahianoticia.com.br\/index.php?rest_route=%2Fwp%2Fv2%2Fmedia&parent=11126"}],"wp:term":[{"taxonomy":"category","embeddable":true,"href":"https:\/\/portalbahianoticia.com.br\/index.php?rest_route=%2Fwp%2Fv2%2Fcategories&post=11126"},{"taxonomy":"post_tag","embeddable":true,"href":"https:\/\/portalbahianoticia.com.br\/index.php?rest_route=%2Fwp%2Fv2%2Ftags&post=11126"}],"curies":[{"name":"wp","href":"https:\/\/api.w.org\/{rel}","templated":true}]}}