{"id":11122,"date":"2026-08-30T19:13:13","date_gmt":"2026-08-30T22:13:13","guid":{"rendered":"https:\/\/portalbahianoticia.com.br\/?p=11122"},"modified":"2026-08-30T19:13:13","modified_gmt":"2026-08-30T22:13:13","slug":"garro-lamenta-derrota-do-corinthians-em-classico-nao-adianta-falar","status":"publish","type":"post","link":"https:\/\/portalbahianoticia.com.br\/?p=11122","title":{"rendered":"Garro lamenta derrota do Corinthians em cl\u00e1ssico: \u201cN\u00e3o adianta falar\u201d"},"content":{"rendered":"<p><a href=\"https:\/\/www.gazetaesportiva.com\/campeonatos\/brasileiro-serie-a\/corinthians-x-santos-campeonato-brasileiro-30-08-2026\/\"><strong>O Corinthians perdeu por 1 a 0 para o Santos<\/strong><\/a> neste domingo, pela 25\u00aa rodada do Campeonato Brasileiro, na Neo Qu\u00edmica Arena. O meia <strong>Rodrigo Garro<\/strong> lamentou o rev\u00e9s, evitou desculpas e afirmou que o Tim\u00e3o precisa \u201ccontinuar trabalhando\u201d.<\/p>\n<p>\u201cInfelizmente n\u00e3o conseguimos dar a vit\u00f3ria pra o torcedor. Fico chateado e o grupo tamb\u00e9m. A gente n\u00e3o consegue ser forte no Brasileir\u00e3o como somos na Libertadores. N\u00e3o adianta falar, botar desculpas, tem que ser autocr\u00edtico e continuar trabalhando. Estamos em um time muito grande. <strong>Tem que falar menos e trabalhar mais<\/strong>\u201c, disse o meia, em entrevista \u00e0 <em>TV Globo<\/em>.<\/p>\n<div style=\"margin: 0 auto; min-width: 300px;\">\n<div style=\"position: relative; padding-bottom: 56.25%; height: 0; overflow: hidden;\"><iframe style=\"width: 300px; min-width: 100%; position: absolute; top: 0; left: 0; height: 100%; overflow: hidden;\" src=\"https:\/\/embed.onefootball.com\/iframe\/?p=eyJrZXkiOiI0d0tydjlqeSIsInAiOiJnYXpldGFlc3BvcnRpdmEiLCJwbCI6IiJ9\" width=\"100%\" frameborder=\"0\" scrolling=\"no\" allowfullscreen=\"allowfullscreen\"><\/iframe><\/div>\n<\/div>\n<p>Garro tamb\u00e9m falou sobre a pontaria ruim do Corinthians. O Alvinegro ficou mais com a bola, mas pecou nas finaliza\u00e7\u00f5es, <strong>acertando apenas dois chutes ao gol defendido por Gabriel Braz\u00e3o<\/strong>. Al\u00e9m disso, a equipe de Fernando Diniz n\u00e3o ofereceu perigo real ao Santos durante os 90 minutos.<\/p>\n<p>\u201cA gente n\u00e3o conseguiu fazer o gol, n\u00e3o conseguimos acertar cruzamentos e bolas no \u00faltimo ter\u00e7o. <strong>Sa\u00edmos perdendo. Tem que ter autocr\u00edtica e trabalhar<\/strong>. Neste momento tem que trabalhar e nada mais\u201d, completou o argentino.<\/p>\n<p>Fora da Copa do Brasil, o Corinthians ter\u00e1 semana livre para se preparar para o jogo contra a Chapecoense. O duelo est\u00e1 agendado para o pr\u00f3ximo domingo, \u00e0s 19h30 (de Bras\u00edlia), novamente na Neo Qu\u00edmica Arena. Com a derrota no cl\u00e1ssico, o Corinthians segue na<strong> 10\u00aa posi\u00e7\u00e3o do Campeonato Brasileiro, com 32 pontos<\/strong>.<\/p>\n<div class='fotorama' data-click='false' data-nav='thumbs' data-allowfullscreen='true'><a data-caption='\n\n<div class=\"fotorama_legenda_galeria\">(Foto: Rodrigo Coca \/ Ag. Corinthians)<\/div>\n<p>&#8216; href=&#8217;https:\/\/static.gazetaesportiva.com\/uploads\/2026\/08\/248234-963&#215;1024.webp&#8217; data-thumb=&#8217;https:\/\/static.gazetaesportiva.com\/uploads\/2026\/08\/248234-963&#215;1024.webp&#8217;><\/a><a data-caption='\n\n<div class=\"fotorama_legenda_galeria\">(Foto: Rodrigo Coca \/ Ag. Corinthians)<\/div>\n<p>&#8216; href=&#8217;https:\/\/static.gazetaesportiva.com\/uploads\/2026\/08\/248236-930&#215;1024.webp&#8217; data-thumb=&#8217;https:\/\/static.gazetaesportiva.com\/uploads\/2026\/08\/248236-930&#215;1024.webp&#8217;><\/a><a data-caption='\n\n<div class=\"fotorama_legenda_galeria\">(Foto: Divulga\u00e7\u00e3o \/ Santos)<\/div>\n<p>&#8216; href=&#8217;https:\/\/static.gazetaesportiva.com\/uploads\/2026\/08\/HQ_pM9JWMAA0rhA.webp&#8217; data-thumb=&#8217;https:\/\/static.gazetaesportiva.com\/uploads\/2026\/08\/HQ_pM9JWMAA0rhA.webp&#8217;><\/a><a data-caption='\n\n<div class=\"fotorama_legenda_galeria\">(Foto: Divulga\u00e7\u00e3o \/ Santos)<\/div>\n<p>&#8216; href=&#8217;https:\/\/static.gazetaesportiva.com\/uploads\/2026\/08\/HQ_pD96XAAAjAXU-1024&#215;650.webp&#8217; data-thumb=&#8217;https:\/\/static.gazetaesportiva.com\/uploads\/2026\/08\/HQ_pD96XAAAjAXU-1024&#215;650.webp&#8217;><\/a><a data-caption='\n\n<div class=\"fotorama_legenda_galeria\">(Foto: Rodrigo Coca \/ Ag. Corinthians)<\/div>\n<p>&#8216; href=&#8217;https:\/\/static.gazetaesportiva.com\/uploads\/2026\/08\/248232-976&#215;1024.webp&#8217; data-thumb=&#8217;https:\/\/static.gazetaesportiva.com\/uploads\/2026\/08\/248232-976&#215;1024.webp&#8217;><\/a><a data-caption='\n\n<div class=\"fotorama_legenda_galeria\">(Foto: Rodrigo Coca \/ Ag. Corinthians)<\/div>\n<p>&#8216; href=&#8217;https:\/\/static.gazetaesportiva.com\/uploads\/2026\/08\/248243-993&#215;1024.webp&#8217; data-thumb=&#8217;https:\/\/static.gazetaesportiva.com\/uploads\/2026\/08\/248243-993&#215;1024.webp&#8217;><\/a><a data-caption='\n\n<div class=\"fotorama_legenda_galeria\">(Foto: Rodrigo Coca \/ Ag. Corinthians)<\/div>\n<p>&#8216; href=&#8217;https:\/\/static.gazetaesportiva.com\/uploads\/2026\/08\/248244-898&#215;1024.webp&#8217; data-thumb=&#8217;https:\/\/static.gazetaesportiva.com\/uploads\/2026\/08\/248244-898&#215;1024.webp&#8217;><\/a><a data-caption='\n\n<div class=\"fotorama_legenda_galeria\">(Foto: Rodrigo Coca \/ Ag. Corinthians)<\/div>\n<p>&#8216; href=&#8217;https:\/\/static.gazetaesportiva.com\/uploads\/2026\/08\/248248-946&#215;1024.webp&#8217; data-thumb=&#8217;https:\/\/static.gazetaesportiva.com\/uploads\/2026\/08\/248248-946&#215;1024.webp&#8217;><\/a><\/div>\n<p><\/p>\n<h2>Pr\u00f3ximos jogos do Corinthians<\/h2>\n<p><strong>Jogo: Corinthians x Chapecoense<\/strong><br \/>\nCompeti\u00e7\u00e3o: Campeonato Brasileiro (26\u00aa rodada)<br \/>\nData e hora: 06\/09 (domingo), \u00e0s 19h30 (de Bras\u00edlia)<br \/>\nLocal: Neo Qu\u00edmica Arena, em S\u00e3o Paulo (SP)<\/p>\n<p><strong>Jogo: Estudiantes x Corinthians<\/strong><br \/>\nCompeti\u00e7\u00e3o: Copa Libertadores (jogo de ida das quartas de final)<br \/>\nData e hora: 09\/09 (quarta-feira), \u00e0s 21h30 (de Bras\u00edlia)<br \/>\nLocal: Est\u00e1dio Jorge Luis Hirschi, em La Plata, na Argentina<\/p>\n<p><strong>Veja tamb\u00e9m:<\/strong><br \/>\n<strong><a href=\"https:\/\/www.gazetaesportiva.com\/todas-as-noticias\/\">Todas as not\u00edcias da Gazeta Esportiva<\/a><\/strong><br \/>\n<strong><a href=\"https:\/\/www.youtube.com\/channel\/UCcndglQZmXnYjgE_Grqt5yg\">Canal da Gazeta Esportiva no YouTube<\/a><\/strong><br \/>\n<strong><a href=\"https:\/\/www.instagram.com\/gazetaesportiva\/\">Siga a Gazeta Esportiva no Instagram<\/a><br \/>\n<\/strong><strong><a href=\"https:\/\/whatsapp.com\/channel\/0029Va9JQFL3WHTguJNfam3U\">Canal da Gazeta Esportiva no WhatsApp<\/a><\/strong><\/p>\n<div style=\"margin: 0 auto; min-width: 300px;\">\n<div style=\"position: relative; padding-bottom: 56.25%; height: 0; overflow: hidden;\"><iframe style=\"width: 300px; min-width: 100%; position: absolute; top: 0; left: 0; height: 100%; overflow: hidden;\" src=\"https:\/\/embed.onefootball.com\/iframe\/?p=eyJrZXkiOiIiLCJwIjoiZ2F6ZXRhZXNwb3J0aXZhIiwicGwiOiI0a2hoSjVCWCJ9\" width=\"100%\" frameborder=\"0\" scrolling=\"no\" allowfullscreen=\"allowfullscreen\"><\/iframe><\/div>\n<\/div>\n<p>\u00a0<\/p>\n<p>O post <a href=\"https:\/\/www.gazetaesportiva.com\/times\/corinthians\/garro-lamenta-derrota-do-corinthians-em-classico-nao-adianta-falar\/\">Garro lamenta derrota do Corinthians em cl\u00e1ssico: \u201cN\u00e3o adianta falar\u201d<\/a> apareceu primeiro em <a href=\"https:\/\/www.gazetaesportiva.com\">Gazeta Esportiva<\/a>.<\/p>\n","protected":false},"excerpt":{"rendered":"<p>O Corinthians perdeu por 1 a 0 para o Santos neste domingo, pela 25\u00aa rodada do Campeonato Brasileiro,<\/p>\n","protected":false},"author":1,"featured_media":11123,"comment_status":"open","ping_status":"open","sticky":false,"template":"","format":"standard","meta":{"footnotes":""},"categories":[71],"tags":[],"class_list":["post-11122","post","type-post","status-publish","format-standard","has-post-thumbnail","hentry","category-esportes-news"],"_links":{"self":[{"href":"https:\/\/portalbahianoticia.com.br\/index.php?rest_route=\/wp\/v2\/posts\/11122","targetHints":{"allow":["GET"]}}],"collection":[{"href":"https:\/\/portalbahianoticia.com.br\/index.php?rest_route=\/wp\/v2\/posts"}],"about":[{"href":"https:\/\/portalbahianoticia.com.br\/index.php?rest_route=\/wp\/v2\/types\/post"}],"author":[{"embeddable":true,"href":"https:\/\/portalbahianoticia.com.br\/index.php?rest_route=\/wp\/v2\/users\/1"}],"replies":[{"embeddable":true,"href":"https:\/\/portalbahianoticia.com.br\/index.php?rest_route=%2Fwp%2Fv2%2Fcomments&post=11122"}],"version-history":[{"count":0,"href":"https:\/\/portalbahianoticia.com.br\/index.php?rest_route=\/wp\/v2\/posts\/11122\/revisions"}],"wp:featuredmedia":[{"embeddable":true,"href":"https:\/\/portalbahianoticia.com.br\/index.php?rest_route=\/wp\/v2\/media\/11123"}],"wp:attachment":[{"href":"https:\/\/portalbahianoticia.com.br\/index.php?rest_route=%2Fwp%2Fv2%2Fmedia&parent=11122"}],"wp:term":[{"taxonomy":"category","embeddable":true,"href":"https:\/\/portalbahianoticia.com.br\/index.php?rest_route=%2Fwp%2Fv2%2Fcategories&post=11122"},{"taxonomy":"post_tag","embeddable":true,"href":"https:\/\/portalbahianoticia.com.br\/index.php?rest_route=%2Fwp%2Fv2%2Ftags&post=11122"}],"curies":[{"name":"wp","href":"https:\/\/api.w.org\/{rel}","templated":true}]}}