{"id":11120,"date":"2026-08-30T19:13:14","date_gmt":"2026-08-30T22:13:14","guid":{"rendered":"https:\/\/portalbahianoticia.com.br\/?p=11120"},"modified":"2026-08-30T19:13:14","modified_gmt":"2026-08-30T22:13:14","slug":"neymar-projeta-reacao-do-santos-contra-o-palmeiras-a-responsabilidade-e-deles","status":"publish","type":"post","link":"https:\/\/portalbahianoticia.com.br\/?p=11120","title":{"rendered":"Neymar projeta rea\u00e7\u00e3o do Santos contra o Palmeiras: \u201cA responsabilidade \u00e9 deles\u201d"},"content":{"rendered":"<p class=\"isSelectedEnd\"><strong>Neymar<\/strong> j\u00e1 projetou o cl\u00e1ssico entre <strong>Santos<\/strong> e <strong>Palmeiras,<\/strong> pela<strong> Copa do Brasil<\/strong>, ap\u00f3s a vit\u00f3ria do Peixe por<strong> 1 a 0<\/strong> sobre o <strong>Corinthians,<\/strong> neste domingo, na Neo Qu\u00edmica Arena, pelo <strong>Campeonato Brasileiro.<\/strong> O atacante mostrou confian\u00e7a em uma rea\u00e7\u00e3o da equipe no confronto de quarta-feira, na Vila Belmiro, e colocou a responsabilidade pelo resultado nos rivais.<\/p>\n<blockquote class=\"twitter-tweet\">\n<p dir=\"ltr\" lang=\"pt\">FINAL DE CL\u00c1SSICO E VIT\u00d3RIA DO PEIX\u00c3O! <img decoding=\"async\" src=\"https:\/\/s.w.org\/images\/core\/emoji\/17.0.2\/72x72\/26aa.png\" alt=\"\u26aa\" class=\"wp-smiley\" style=\"height: 1em; max-height: 1em;\" \/><img decoding=\"async\" src=\"https:\/\/s.w.org\/images\/core\/emoji\/17.0.2\/72x72\/26ab.png\" alt=\"\u26ab\" class=\"wp-smiley\" style=\"height: 1em; max-height: 1em;\" \/><\/p>\n<p>O maior p\u00fablico da Neo Qu\u00edmica Arena no ano foi presenteado com uma bela vit\u00f3ria do Maior Alvinegro do Mundo: Santos 1 a 0 no Corinthians, com gol do volante Oliva, ap\u00f3s falta cobrada com perfei\u00e7\u00e3o por Neymar.<\/p>\n<p>Podem levar as faixas\u2026 <a href=\"https:\/\/t.co\/Uz0WVjYkDl\">pic.twitter.com\/Uz0WVjYkDl<\/a><\/p>\n<p>\u2014 Santos FC (@SantosFC) <a href=\"https:\/\/x.com\/SantosFC\/status\/2094168822773088471?ref_src=twsrc%5Etfw\">August 30, 2026<\/a><\/p>\n<\/blockquote>\n<p><script async src=\"https:\/\/platform.x.com\/widgets.js\" charset=\"utf-8\"><\/script><\/p>\n<p class=\"isSelectedEnd\">\u201cA gente vai jogar para se divertir, a responsabilidade \u00e9 toda do segundo melhor time do pa\u00eds que \u00e9 o Palmeiras. A responsabilidade \u00e9 deles e a gente vai se divertir quarta-feira na Vila\u201d, afirmou Neymar.<\/p>\n<p class=\"isSelectedEnd\">O Santos perdeu o jogo de ida por<strong> 3 a 0<\/strong> e precisa vencer por <strong>quatro gols de diferen\u00e7a<\/strong> para avan\u00e7ar \u00e0s semifinais da Copa do Brasil. Em caso de vit\u00f3ria santista por tr\u00eas gols, a vaga ser\u00e1 decidida nos p\u00eanaltis.<\/p>\n<h2>Neymar explica aus\u00eancia no primeiro jogo<\/h2>\n<p class=\"isSelectedEnd\">Neymar tamb\u00e9m lembrou que <strong>n\u00e3o esteve em campo<\/strong> no primeiro duelo com o Palmeiras, apesar de estar \u00e0 disposi\u00e7\u00e3o da comiss\u00e3o t\u00e9cnica. O atacante revelou que chegou a preparar uma <strong>chuteira adaptada <\/strong>para atuar na partida.<\/p>\n<p class=\"isSelectedEnd\">\u201cInfelizmente nos \u00faltimos tempos fiquei machucado. No \u00faltimo cl\u00e1ssico contra o Palmeiras, eu estava \u00e0 disposi\u00e7\u00e3o e at\u00e9 chuteira adaptada eu tinha, que \u00e9 uma chuteira de trava menor para society, mas foi uma decis\u00e3o da comiss\u00e3o t\u00e9cnica.\u201d, disse.<\/p>\n<p class=\"isSelectedEnd\">\u201cSe o jogo tivesse sido 0 a 0 ou 1 a 1, todo mundo ia falar que era o \u2018mestre Cuca\u2019 que estava ali e n\u00e3o o Cuca treinador. N\u00e3o esper\u00e1vamos o resultado de 3 a 0. O futebol \u00e9 isso, tem remontadas, jogos que v\u00e3o acontecer extraordin\u00e1rio, quem sabe n\u00e3o pode acontecer. Nosso time tem potencial, e \u00e9 um jogo que est\u00e1 0 a 0\u201d, completou.<\/p>\n<p class=\"isSelectedEnd\">O atacante ainda refor\u00e7ou que encara o cl\u00e1ssico como mais uma <strong>oportunidade<\/strong> para aproveitar a partida.<\/p>\n<p class=\"isSelectedEnd\">\u201cMais um jogo na minha carreira. Cl\u00e1ssico, mais um na minha carreira. Fiz gol em tudo o que \u00e9 lugar, mais um jogo que vou me divertir, e o pessoal que estar\u00e1 na quarta-feira vai se divertir\u201d, disse.<\/p>\n<div class='fotorama' data-click='false' data-nav='thumbs' data-allowfullscreen='true'><a data-caption='\n\n<div class=\"fotorama_legenda_galeria\">(Foto: Rodrigo Coca \/ Ag. Corinthians)<\/div>\n<p>&#8216; href=&#8217;https:\/\/static.gazetaesportiva.com\/uploads\/2026\/08\/248234-963&#215;1024.webp&#8217; data-thumb=&#8217;https:\/\/static.gazetaesportiva.com\/uploads\/2026\/08\/248234-963&#215;1024.webp&#8217;><\/a><a data-caption='\n\n<div class=\"fotorama_legenda_galeria\">(Foto: Rodrigo Coca \/ Ag. Corinthians)<\/div>\n<p>&#8216; href=&#8217;https:\/\/static.gazetaesportiva.com\/uploads\/2026\/08\/248236-930&#215;1024.webp&#8217; data-thumb=&#8217;https:\/\/static.gazetaesportiva.com\/uploads\/2026\/08\/248236-930&#215;1024.webp&#8217;><\/a><a data-caption='\n\n<div class=\"fotorama_legenda_galeria\">(Foto: Divulga\u00e7\u00e3o \/ Santos)<\/div>\n<p>&#8216; href=&#8217;https:\/\/static.gazetaesportiva.com\/uploads\/2026\/08\/HQ_pM9JWMAA0rhA.webp&#8217; data-thumb=&#8217;https:\/\/static.gazetaesportiva.com\/uploads\/2026\/08\/HQ_pM9JWMAA0rhA.webp&#8217;><\/a><a data-caption='\n\n<div class=\"fotorama_legenda_galeria\">(Foto: Divulga\u00e7\u00e3o \/ Santos)<\/div>\n<p>&#8216; href=&#8217;https:\/\/static.gazetaesportiva.com\/uploads\/2026\/08\/HQ_pD96XAAAjAXU-1024&#215;650.webp&#8217; data-thumb=&#8217;https:\/\/static.gazetaesportiva.com\/uploads\/2026\/08\/HQ_pD96XAAAjAXU-1024&#215;650.webp&#8217;><\/a><a data-caption='\n\n<div class=\"fotorama_legenda_galeria\">(Foto: Rodrigo Coca \/ Ag. Corinthians)<\/div>\n<p>&#8216; href=&#8217;https:\/\/static.gazetaesportiva.com\/uploads\/2026\/08\/248232-976&#215;1024.webp&#8217; data-thumb=&#8217;https:\/\/static.gazetaesportiva.com\/uploads\/2026\/08\/248232-976&#215;1024.webp&#8217;><\/a><a data-caption='\n\n<div class=\"fotorama_legenda_galeria\">(Foto: Rodrigo Coca \/ Ag. Corinthians)<\/div>\n<p>&#8216; href=&#8217;https:\/\/static.gazetaesportiva.com\/uploads\/2026\/08\/248243-993&#215;1024.webp&#8217; data-thumb=&#8217;https:\/\/static.gazetaesportiva.com\/uploads\/2026\/08\/248243-993&#215;1024.webp&#8217;><\/a><a data-caption='\n\n<div class=\"fotorama_legenda_galeria\">(Foto: Rodrigo Coca \/ Ag. Corinthians)<\/div>\n<p>&#8216; href=&#8217;https:\/\/static.gazetaesportiva.com\/uploads\/2026\/08\/248244-898&#215;1024.webp&#8217; data-thumb=&#8217;https:\/\/static.gazetaesportiva.com\/uploads\/2026\/08\/248244-898&#215;1024.webp&#8217;><\/a><a data-caption='\n\n<div class=\"fotorama_legenda_galeria\">(Foto: Rodrigo Coca \/ Ag. Corinthians)<\/div>\n<p>&#8216; href=&#8217;https:\/\/static.gazetaesportiva.com\/uploads\/2026\/08\/248248-946&#215;1024.webp&#8217; data-thumb=&#8217;https:\/\/static.gazetaesportiva.com\/uploads\/2026\/08\/248248-946&#215;1024.webp&#8217;><\/a><\/div>\n<p><\/p>\n<h2>Neymar cumpre promessa para torcedor corintiano<\/h2>\n<p class=\"isSelectedEnd\">Antes de deixar o est\u00e1dio, Neymar tamb\u00e9m falou sobre um momento que teve com um <strong>torcedor-mirim<\/strong> do Corinthians. O garoto, que vestia uma faixa com a mensagem \u201csou muito corintiano, mas seu f\u00e3\u201d, pediu uma lembran\u00e7a ao atacante. Neymar prometeu entregar e cumpriu a promessa ap\u00f3s a partida.<\/p>\n<p class=\"isSelectedEnd\">\u201cFoi um menino que \u00e9 corintiano, uma crian\u00e7a, independente do time que torce, rival ou n\u00e3o, quando gosta de um atleta, pode me admirar em v\u00e1rios momentos, faz parte. A faixa dizia: \u2018sou muito corintiano, mas seu f\u00e3\u2019. Eu prometi e acabei dando. \u00c9 um respeito n\u00e3o s\u00f3 pelo torcedor-mirim, pelo corintiano\u201d, contou.<\/p>\n<p>Por fim, o camisa 10 elogiou a<strong> postura da torcida corintiana<\/strong> durante o cl\u00e1ssico.<\/p>\n<p>\u201cNunca tive nada contra o Corinthians, pelo contr\u00e1rio. Eu respeito muito o Corinthians pelo time que \u00e9, pela torcida que tem, incentivaram at\u00e9 o fim, mesmo perdendo o jogo, isso eu nunca vi em nenhum lugar, tiro chap\u00e9u para todos eles. \u00c9 um time que respeito muito\u201d, finalizou.<\/p>\n<p><strong>Veja tamb\u00e9m:<strong><br \/>\n<a href=\"https:\/\/www.gazetaesportiva.com\/todas-as-noticias\/\">Todas as not\u00edcias da Gazeta Esportiva<\/a><\/strong><br \/>\n<strong><a href=\"https:\/\/www.youtube.com\/channel\/UCcndglQZmXnYjgE_Grqt5yg\">Canal da Gazeta Esportiva no YouTube<\/a><\/strong><br \/>\n<strong><a href=\"https:\/\/www.instagram.com\/gazetaesportiva\/\">Siga a Gazeta Esportiva no Instagram<\/a><br \/>\n<\/strong><strong><a href=\"https:\/\/whatsapp.com\/channel\/0029Va9JQFL3WHTguJNfam3U\">Participe do canal da Gazeta Esportiva no WhatsApp<\/a><\/strong><\/strong><\/p>\n<h2>Pr\u00f3ximo jogo do Santos<\/h2>\n<p><strong>Jogo: Santos x Palmeiras<\/strong><br \/>\nCompeti\u00e7\u00e3o: Copa do Brasil (quartas de final | volta)<br \/>\nData e hora: 02\/09 (quarta-feira), \u00e0s 21h30 (de Bras\u00edlia)<br \/>\nLocal: Vila Belmiro, em Santos (SP)<\/p>\n<p>\u00a0<\/p>\n<div style=\"margin: 0 auto; min-width: 300px;\">\n<div style=\"position: relative; padding-bottom: 56.25%; height: 0; overflow: hidden;\"><iframe style=\"width: 300px; min-width: 100%; position: absolute; top: 0; left: 0; height: 100%; overflow: hidden;\" src=\"https:\/\/embed.onefootball.com\/iframe\/?p=eyJrZXkiOiI0d0tydjlqeSIsInAiOiJnYXpldGFlc3BvcnRpdmEiLCJwbCI6IiJ9\" width=\"100%\" frameborder=\"0\" scrolling=\"no\" allowfullscreen=\"allowfullscreen\"><\/iframe><\/div>\n<\/div>\n<p>O post <a href=\"https:\/\/www.gazetaesportiva.com\/times\/santos\/neymar-reacao-palmeiras-copa-do-brasil\/\">Neymar projeta rea\u00e7\u00e3o do Santos contra o Palmeiras: \u201cA responsabilidade \u00e9 deles\u201d<\/a> apareceu primeiro em <a href=\"https:\/\/www.gazetaesportiva.com\">Gazeta Esportiva<\/a>.<\/p>\n","protected":false},"excerpt":{"rendered":"<p>Neymar j\u00e1 projetou o cl\u00e1ssico entre Santos e Palmeiras, pela Copa do Brasil, ap\u00f3s a vit\u00f3ria do Peixe<\/p>\n","protected":false},"author":1,"featured_media":11121,"comment_status":"open","ping_status":"open","sticky":false,"template":"","format":"standard","meta":{"footnotes":""},"categories":[71],"tags":[],"class_list":["post-11120","post","type-post","status-publish","format-standard","has-post-thumbnail","hentry","category-esportes-news"],"_links":{"self":[{"href":"https:\/\/portalbahianoticia.com.br\/index.php?rest_route=\/wp\/v2\/posts\/11120","targetHints":{"allow":["GET"]}}],"collection":[{"href":"https:\/\/portalbahianoticia.com.br\/index.php?rest_route=\/wp\/v2\/posts"}],"about":[{"href":"https:\/\/portalbahianoticia.com.br\/index.php?rest_route=\/wp\/v2\/types\/post"}],"author":[{"embeddable":true,"href":"https:\/\/portalbahianoticia.com.br\/index.php?rest_route=\/wp\/v2\/users\/1"}],"replies":[{"embeddable":true,"href":"https:\/\/portalbahianoticia.com.br\/index.php?rest_route=%2Fwp%2Fv2%2Fcomments&post=11120"}],"version-history":[{"count":0,"href":"https:\/\/portalbahianoticia.com.br\/index.php?rest_route=\/wp\/v2\/posts\/11120\/revisions"}],"wp:featuredmedia":[{"embeddable":true,"href":"https:\/\/portalbahianoticia.com.br\/index.php?rest_route=\/wp\/v2\/media\/11121"}],"wp:attachment":[{"href":"https:\/\/portalbahianoticia.com.br\/index.php?rest_route=%2Fwp%2Fv2%2Fmedia&parent=11120"}],"wp:term":[{"taxonomy":"category","embeddable":true,"href":"https:\/\/portalbahianoticia.com.br\/index.php?rest_route=%2Fwp%2Fv2%2Fcategories&post=11120"},{"taxonomy":"post_tag","embeddable":true,"href":"https:\/\/portalbahianoticia.com.br\/index.php?rest_route=%2Fwp%2Fv2%2Ftags&post=11120"}],"curies":[{"name":"wp","href":"https:\/\/api.w.org\/{rel}","templated":true}]}}