{"id":11105,"date":"2026-08-30T19:11:58","date_gmt":"2026-08-30T22:11:58","guid":{"rendered":"https:\/\/portalbahianoticia.com.br\/?p=11105"},"modified":"2026-08-30T19:11:58","modified_gmt":"2026-08-30T22:11:58","slug":"veja-como-foi-o-fim-de-semana-dos-candidatos-a-presidente-da-republica","status":"publish","type":"post","link":"https:\/\/portalbahianoticia.com.br\/?p=11105","title":{"rendered":"Veja como foi o fim de semana dos candidatos a presidente da Rep\u00fablica"},"content":{"rendered":"<\/p>\n<p><a class=\"\" href=\"https:\/\/agenciabrasil.ebc.com.br\/politica\/noticia\/2026-08\/veja-como-foi-o-fim-de-semana-dos-candidatos-presidente-da-republica\"><br \/>\n                    <img decoding=\"async\" src=\"https:\/\/cdn.jsdelivr.net\/gh\/sergiosdlima\/assets-ebc@1.0.0\/abr\/assets\/images\/logo-agenciabrasil.svg\" alt=\"Logo Ag\u00eancia Brasil\"><br \/>\n\t\t\t\t<\/a><\/p>\n<p>A agenda dos candidatos \u00e0 Presid\u00eancia da Rep\u00fablica neste s\u00e1bado (29) e domingo (30) incluiu participa\u00e7\u00e3o em atos p\u00fablicos,\u00a0carreatas e caminhadas, em sabatinas,\u00a0entrevistas \u00e0 imprensa, al\u00e9m de compromissos como visitas a sindicatos e a um evento de rodeio.<img decoding=\"async\" src=\"https:\/\/agenciabrasil.ebc.com.br\/ebc.png?id=1701017&#038;o=rss\"><img decoding=\"async\" src=\"https:\/\/agenciabrasil.ebc.com.br\/ebc.gif?id=1701017&#038;o=rss\"><\/p>\n<h2>>> Veja como foi o s\u00e1bado e domingo dos presidenci\u00e1veis:<\/h2>\n<p><strong>Romeu Zema (Novo)<\/strong><br \/>\nO candidato Romeu Zema (Novo) cumpriu agenda, neste s\u00e1bado (29), na cidade de Feliz (RS), onde apresentou propostas de infraestrutura para a regi\u00e3o e se reuniu com mulheres do partido.<\/p>\n<\/p>\n<h3>Not\u00edcias relacionadas:<\/h3>\n<ul>\n<li><a href=\"https:\/\/agenciabrasil.ebc.com.br\/politica\/noticia\/2026-08\/tse-marca-julgamento-de-registros-dos-candidatos-presidencia\">TSE marca julgamento de registros dos candidatos \u00e0 Presid\u00eancia.<\/a><\/li>\n<li><a href=\"https:\/\/agenciabrasil.ebc.com.br\/justica\/noticia\/2026-08\/tse-marca-julgamento-sobre-video-de-bolsonaro-feito-por-ia\">TSE marca julgamento sobre v\u00eddeo de Bolsonaro feito por IA .<\/a><\/li>\n<li><a href=\"https:\/\/agenciabrasil.ebc.com.br\/politica\/noticia\/2026-08\/tse-aprova-envio-de-tropas-federais-para-cinco-estados\">TSE aprova envio de tropas federais para cinco estados .<\/a><\/li>\n<\/ul>\n<p>Neste domingo (30), participou da feira Expointer, na regi\u00e3o metropolitana de Porto Alegre, onde\u00a0destacou a import\u00e2ncia da agropecu\u00e1ria e disse que, se eleito, ir\u00e1 apoiar fortemente o seguro agr\u00edcola.<\/p>\n<p>\u201cO agro no Brasil tem sido a atividade econ\u00f4mica que mais cresce, que mais tem contribu\u00eddo para o desenvolvimento econ\u00f4mico e precisa ter todo o apoio dos governos federal, estaduais e municipais.\/&#8217;<\/p>\n<p><strong>Ronaldo Caiado (PSD)<\/strong><br \/>\nO candidato Ronaldo Caiado participou, neste s\u00e1bado (30), da Festa do Pe\u00e3o de Barretos, no interior de S\u00e3o Paulo, buscando se aproximar do setor do agroneg\u00f3cio.<\/p>\n<p>Ele defendeu a amplia\u00e7\u00e3o do seguro rural e a necessidade de\u00a0investimentos em log\u00edstica e tecnologia.<\/p>\n<p>Neste domingo (30), Caiado fez uma caminhada na Avenida Paulista.<\/p>\n<p><strong>Rui Costa Pimenta (PCO)<\/strong><br \/>\nO candidato Rui Costa Pimenta participou neste s\u00e1bado (29) de evento de lan\u00e7amento de sua candidatura no Sindicato dos Metal\u00fargicos de Porto Alegre.<\/p>\n<p>Nas redes sociais, o candidato destacou partes do programa de governo, como a reforma do sistema penitenci\u00e1rio, extin\u00e7\u00e3o da tipifica\u00e7\u00e3o de crime hediondo, extin\u00e7\u00e3o da lei antiterrorismo e a contrariedade \u00e0 diminui\u00e7\u00e3o da maioridade penal.<\/p>\n<p><strong>Samara Martins (UP)<\/strong><br \/>\nNo estado de S\u00e3o Paulo, a candidata Samara Martins participou no s\u00e1bado (29) de uma caminhada com apoiadores em Mau\u00e1.<\/p>\n<p>Na zona norte da capital paulista, ela se reuniu com membros da Associa\u00e7\u00e3o de Moradores da Comunidade Spama.<\/p>\n<p>A candidata integra uma carreata hoje (30) em Jo\u00e3o Pessoa (PB).<\/p>\n<p><strong>Wilson Grassi (Democrata)<\/strong><br \/>\nO candidato Wilson Grassi n\u00e3o teve agenda p\u00fablica de campanha no s\u00e1bado (29).<\/p>\n<p>Ele participou de corrida de rua neste domingo (30)\u00a0na Ponte Estaiada, na capital paulista.<\/p>\n<p>Nas redes sociais, publicou um v\u00eddeo defendendo propostas relacionadas \u00e0 autoestima, sa\u00fade emocional e sa\u00fade f\u00edsica. \u00a0<\/p>\n<p><strong>Augusto Cury (Avante)<\/strong><br \/>\nO candidato Augusto Cury lan\u00e7ou o\u00a0jingle\u00a0oficial de campanha neste s\u00e1bado (29)\u00a0e\u00a0conversou com moradores do Rio de Janeiro, al\u00e9m de ter participado\u00a0de\u00a0sabatina na TV Globo.<\/p>\n<p>Neste\u00a0domingo (30), Augusto Cury visitou\u00a0o Congresso TEAMA, evento nacional sobre o Transtorno do Espectro Autista (TEA), em S\u00e3o Paulo.<\/p>\n<p>\u00c0\u00a0noite, em Uberl\u00e2ndia (MG), ter\u00e1 reuni\u00e3o com empres\u00e1rios locais e visitar\u00e1 a feira agropecu\u00e1ria Camaru 2026.<\/p>\n<p><strong>Clariana Bar\u00e3o (DC)<\/strong><br \/>\nA candidata Clariana Bar\u00e3o n\u00e3o teve agenda p\u00fablica de campanha neste fim de semana.<\/p>\n<p><strong>Edmilson Costa (PCB)<\/strong><br \/>\nO candidato Edmilson Costa n\u00e3o divulgou agenda p\u00fablica de campanha para o fim de semana.\u00a0<\/p>\n<p>Nas redes sociais, neste s\u00e1bado (29), ele publicou um v\u00eddeo em defesa do fim da escala de trabalho 6&#215;1, que tramita no Senado.<\/p>\n<p><strong>Fl\u00e1vio Bolsonaro (PL)<\/strong>\u00a0<br \/>\nO candidato Fl\u00e1vio Bolsonaro\u00a0participou de uma motocarreata e uma barqueata neste s\u00e1bado (29)\u00a0em Angra dos Reis, no litoral sul do Rio de Janeiro.<\/p>\n<p>Ele reuniu-se, neste domingo (30), na capital paulista, com o ministro da Justi\u00e7a e Seguran\u00e7a P\u00fablica de El Salvador, Gustavo Villatoro. Ao final do encontro, o candidato elogiou o programa de seguran\u00e7a p\u00fablica salvadorenho.<\/p>\n<p>Fl\u00e1vio Bolsonaro disse que, se eleito, pretende criar 500 mil vagas em\u00a0penitenci\u00e1rias. &#8220;Tem pouco preso no Brasil, tinha que ter mais. S\u00f3 n\u00e3o tem mais porque a legisla\u00e7\u00e3o \u00e9 frouxa&#8221;, disse.<\/p>\n<p>Ele participa nesta noite de sabatina na TV Record.\u00a0<\/p>\n<p><strong>Hertz Dias (PSTU)<\/strong><br \/>\nO candidato Hertz Dias participou neste s\u00e1bado (29) da sabatina do canal de TV SBT News e visitou a Casa da Estudante em Natal, onde tratou sobre arte, cultura e combate ao machismo.<\/p>\n<p>Neste domingo (30), participa da plen\u00e1ria online de lan\u00e7amento das candidaturas e do Manifesto &#8211; Juventude da Esquerda Revolucion\u00e1ria.<\/p>\n<p><strong>Luiz In\u00e1cio Lula da Silva (PT)<\/strong><br \/>\nO candidato Luiz In\u00e1cio Lula da Silva participou neste s\u00e1bado (29)\u00a0de um encontro nacional com mulheres, em Belo Horizonte.\u00a0<\/p>\n<p>Ele\u00a0tratou sobre o trabalho n\u00e3o remunerado exercido, em sua maioria, por mulheres. Segundo o candidato, a\u00a0atividade, se paga, acrescentaria 13% ao Produto Interno Bruto (PIB).<\/p>\n<p>\u201cQuem \u00e9 que cuida, quem \u00e9 que d\u00e1 banho, quem \u00e9 que veste, quem \u00e9 que d\u00e1 comida? Essa pessoa n\u00e3o est\u00e1 no crescimento do PIB, mas essa pessoa est\u00e1 trabalhando. Quando o Estado vai reconhecer que tem que pagar por isso?&#8221;.<\/p>\n<p>O candidato tem grava\u00e7\u00f5es de programas eleitorais ao longo deste domingo (30), em Bras\u00edlia.<\/p>\n<p><strong>Renan Santos (Miss\u00e3o)<\/strong><br \/>\nO candidato Renan Santos participou de carreata e adesiva\u00e7o neste s\u00e1bado (29)\u00a0em S\u00e3o Paulo.<\/p>\n<p>Ele defendeu a proposta de um prontu\u00e1rio eletr\u00f4nico \u00fanico no SUS\u00a0como forma de registrar toda a trajet\u00f3ria do paciente e, com isso, prevenir doen\u00e7as e reduzir as filas de espera. \u201cD\u00e1 para pegar a fila do SUS e zerar em tr\u00eas anos com algumas experi\u00eancias que n\u00f3s temos mundo afora. \u00c9 justamente misturar tecnologia, integra\u00e7\u00e3o e prontu\u00e1rio \u00fanico&#8221;, disse.<\/p>\n<p>O candidato n\u00e3o tem agenda p\u00fablica neste domingo.<\/p>\n<p>A ordem de apresenta\u00e7\u00e3o da cobertura da agenda dos candidatos a presidente segue rod\u00edzio di\u00e1rio em ordem alfab\u00e9tica.<\/p>\n<p><em>*Colaboraram\u00a0Bruno Bocchini (S\u00e3o Paulo) e Daniella Almeida (Bras\u00edlia)<\/em><\/p>\n","protected":false},"excerpt":{"rendered":"<p>A agenda dos candidatos \u00e0 Presid\u00eancia da Rep\u00fablica neste s\u00e1bado (29) e domingo (30) incluiu participa\u00e7\u00e3o em atos<\/p>\n","protected":false},"author":1,"featured_media":11106,"comment_status":"open","ping_status":"open","sticky":false,"template":"","format":"standard","meta":{"footnotes":""},"categories":[27],"tags":[],"class_list":["post-11105","post","type-post","status-publish","format-standard","has-post-thumbnail","hentry","category-ultimas-noticias"],"_links":{"self":[{"href":"https:\/\/portalbahianoticia.com.br\/index.php?rest_route=\/wp\/v2\/posts\/11105","targetHints":{"allow":["GET"]}}],"collection":[{"href":"https:\/\/portalbahianoticia.com.br\/index.php?rest_route=\/wp\/v2\/posts"}],"about":[{"href":"https:\/\/portalbahianoticia.com.br\/index.php?rest_route=\/wp\/v2\/types\/post"}],"author":[{"embeddable":true,"href":"https:\/\/portalbahianoticia.com.br\/index.php?rest_route=\/wp\/v2\/users\/1"}],"replies":[{"embeddable":true,"href":"https:\/\/portalbahianoticia.com.br\/index.php?rest_route=%2Fwp%2Fv2%2Fcomments&post=11105"}],"version-history":[{"count":0,"href":"https:\/\/portalbahianoticia.com.br\/index.php?rest_route=\/wp\/v2\/posts\/11105\/revisions"}],"wp:featuredmedia":[{"embeddable":true,"href":"https:\/\/portalbahianoticia.com.br\/index.php?rest_route=\/wp\/v2\/media\/11106"}],"wp:attachment":[{"href":"https:\/\/portalbahianoticia.com.br\/index.php?rest_route=%2Fwp%2Fv2%2Fmedia&parent=11105"}],"wp:term":[{"taxonomy":"category","embeddable":true,"href":"https:\/\/portalbahianoticia.com.br\/index.php?rest_route=%2Fwp%2Fv2%2Fcategories&post=11105"},{"taxonomy":"post_tag","embeddable":true,"href":"https:\/\/portalbahianoticia.com.br\/index.php?rest_route=%2Fwp%2Fv2%2Ftags&post=11105"}],"curies":[{"name":"wp","href":"https:\/\/api.w.org\/{rel}","templated":true}]}}