{"id":11099,"date":"2026-08-30T19:12:01","date_gmt":"2026-08-30T22:12:01","guid":{"rendered":"https:\/\/portalbahianoticia.com.br\/?p=11099"},"modified":"2026-08-30T19:12:01","modified_gmt":"2026-08-30T22:12:01","slug":"sem-acordo-contra-secas-comunidades-vao-sofrer-avaliam-especialistas","status":"publish","type":"post","link":"https:\/\/portalbahianoticia.com.br\/?p=11099","title":{"rendered":"Sem acordo contra secas, comunidades v\u00e3o sofrer, avaliam especialistas"},"content":{"rendered":"<\/p>\n<p><a class=\"\" href=\"https:\/\/agenciabrasil.ebc.com.br\/meio-ambiente\/noticia\/2026-08\/sem-acordo-contra-secas-comunidades-vao-sofrer-avaliam-especialistas\"><br \/>\n                    <img decoding=\"async\" src=\"https:\/\/cdn.jsdelivr.net\/gh\/sergiosdlima\/assets-ebc@1.0.0\/abr\/assets\/images\/logo-agenciabrasil.svg\" alt=\"Logo Ag\u00eancia Brasil\"><br \/>\n\t\t\t\t<\/a><\/p>\n<p>Inacredit\u00e1vel. Frustrante. Sabor amargo. Essas foram algumas das palavras usadas por organiza\u00e7\u00f5es ambientais, representantes da sociedade civil e outros especialistas para avaliar os resultados da 17\u00aa Confer\u00eancia das Na\u00e7\u00f5es Unidas de Combate \u00e0 Desertifica\u00e7\u00e3o (COP17), que terminou nesta sexta-feira (28) em Ulaanbaatar, capital da Mong\u00f3lia.<img decoding=\"async\" src=\"https:\/\/agenciabrasil.ebc.com.br\/ebc.png?id=1701051&#038;o=rss\"><img decoding=\"async\" src=\"https:\/\/agenciabrasil.ebc.com.br\/ebc.gif?id=1701051&#038;o=rss\"><\/p>\n<p><strong>A principal decep\u00e7\u00e3o foi o novo adiamento do acordo global para enfrentar as secas e os impactos que isso trar\u00e1 sobre as comunidades.<\/strong><\/p>\n<\/p>\n<h3>Not\u00edcias relacionadas:<\/h3>\n<ul>\n<li><a href=\"https:\/\/agenciabrasil.ebc.com.br\/meio-ambiente\/noticia\/2026-08\/afetada-por-disputas-geopoliticas-cop17-termina-com-poucos-avancos\">Afetada por disputas geopol\u00edticas, COP17 termina com poucos avan\u00e7os.<\/a><\/li>\n<li><a href=\"https:\/\/agenciabrasil.ebc.com.br\/meio-ambiente\/noticia\/2026-08\/degelo-e-seca-avancam-sobre-asia-central-e-pequenos-paises-insulares\">Degelo e seca avan\u00e7am sobre \u00c1sia Central e pequenos pa\u00edses insulares.<\/a><\/li>\n<li><a href=\"https:\/\/agenciabrasil.ebc.com.br\/meio-ambiente\/noticia\/2026-08\/degradacao-da-terra-e-clima-extremo-ameacam-nomades-na-mongolia\">Degrada\u00e7\u00e3o da terra e clima extremo amea\u00e7am n\u00f4mades na Mong\u00f3lia.<\/a><\/li>\n<\/ul>\n<p>O especialista do Instituto Escolhas, Rafael Giovanelli, disse que <strong>os governos falharam ao jogar para a COP18, no Egito, novas discuss\u00f5es sobre o problema.<\/strong><\/p>\n<blockquote>\n<p>&#8220;Isso deixa um sabor amargo, porque a COP termina sem decis\u00f5es substanciais para lidar com as secas&#8221;, disse.<\/p>\n<\/blockquote>\n<p>O representante da organiza\u00e7\u00e3o Wetlands Internacional, Richard Lee, disse que a <strong>falta de consenso acontece justamente quando o n\u00famero de desastres pelo mundo n\u00e3o para de crescer.<\/strong><\/p>\n<blockquote>\n<p>&#8220;\u00c9 inacredit\u00e1vel. Neste ano, a Europa sofre com uma seca hist\u00f3rica e os n\u00edveis de \u00e1gua ca\u00edram a patamares recordes no Rio Colorado, nos Estados Unidos. O chamado Super El Ni\u00f1o traz riscos de secas devastadoras do Sul da \u00c1frica at\u00e9 a Amaz\u00f4nia&#8221;, avalia Richard.<\/p>\n<\/blockquote>\n<p>&#8220;N\u00f3s acredit\u00e1vamos que esse cen\u00e1rio for\u00e7aria os governos de todo o mundo a agir. Est\u00e1vamos errados. Adiar a decis\u00e3o sobre as secas em mais dois anos custar\u00e1 mais do que tempo: comunidades e economias em todo o mundo v\u00e3o pagar o pre\u00e7o&#8221;, complementa.<\/p>\n<p>A especialista em pol\u00edticas de \u00e1gua da WWF Global, Christine Colvin, aposta na<strong> a\u00e7\u00e3o conjunta de alguns governos, sociedade civil e institui\u00e7\u00f5es financeiras para que o combate \u00e0s secas tenha algum progresso<\/strong>. Por\u00e9m, destaca que iniciativas isoladas n\u00e3o s\u00e3o o suficiente.<\/p>\n<blockquote>\n<p>&#8220;\u00c9 profundamente frustrante que a ambi\u00e7\u00e3o sobre a seca tenha se esvaziado na COP17. N\u00e3o foi entregue um resultado significativo e n\u00e3o temos uma base forte para que possamos construir a\u00e7\u00f5es&#8221;, avalia Christine.<\/p>\n<\/blockquote>\n<h2>Acordo global sobre secas<\/h2>\n<p>A proposta de criar um mecanismo multilateral para<a href=\"https:\/\/agenciabrasil.ebc.com.br\/meio-ambiente\/noticia\/2026-08\/degelo-e-seca-avancam-sobre-asia-central-e-pequenos-paises-insulares\" target=\"_blank\"> enfrentar de forma coordenada as secas<\/a> \u00e9 defendida por africanos h\u00e1, pelo menos, tr\u00eas confer\u00eancias. Historicamente, o continente \u00e9 um dos mais afetados pelo problema.<\/p>\n<p>Isso demandaria ajuda financeira para os pa\u00edses mais vulner\u00e1veis serem capazes de se antecipar e se recuperar dos eventos extremos. Eles entendem que instrumentos internacionais, como o Fundo Global para o Meio Ambiente (GEF, na sigla em ingl\u00eas), s\u00e3o estruturados sob o tema de degrada\u00e7\u00e3o das terras, algo mais amplo do que a seca.<\/p>\n<p>Os pa\u00edses mais ricos, por\u00e9m, n\u00e3o querem se comprometer com um acordo obrigat\u00f3rio e defendem ades\u00e3o volunt\u00e1ria. A Uni\u00e3o Europeia n\u00e3o quer se comprometer com gastos externos, principalmente quando precisa enfrentar crises recentes de seca no pr\u00f3prio territ\u00f3rio.<\/p>\n<h2>Iniciativas paralelas<\/h2>\n<p>Iniciativas paralelas lan\u00e7adas durante a COP17 tentam lidar com o problema das secas. \u00c9 o caso do Mecanismo de Investimento para Resili\u00eancia \u00e0 Seca (DRIF), a primeira plataforma global de financiamento dedicada exclusivamente ao tema.<\/p>\n<p>Criada pela UNCCD e por Luxemburgo, com apoio da Alian\u00e7a Internacional para a Resili\u00eancia \u00e0 Seca (IDRA), a iniciativa pretende mobilizar at\u00e9 US$ 400 milh\u00f5es em recursos p\u00fablicos e privados.<\/p>\n<p>Os investimentos dever\u00e3o ser direcionados para seguran\u00e7a h\u00eddrica, agricultura sustent\u00e1vel, solu\u00e7\u00f5es baseadas na natureza e recupera\u00e7\u00e3o de terras.<\/p>\n<p>Outra novidade foi a segunda fase do Observat\u00f3rio Internacional de Resili\u00eancia \u00e0 Seca (IDRO), que apresentou o primeiro \u00cdndice de Resili\u00eancia \u00e0 Seca (DRI). A ferramenta pretende ajudar os pa\u00edses a avaliar sua capacidade de antecipar, se preparar e se adaptar aos per\u00edodos de escassez de \u00e1gua.<\/p>\n<p><em>*O rep\u00f3rter viajou para a Mong\u00f3lia a convite da Conven\u00e7\u00e3o das Na\u00e7\u00f5es Unidas de Combate \u00e0 Desertifica\u00e7\u00e3o (UNCCD), ap\u00f3s sele\u00e7\u00e3o entre jornalistas de diversos continentes.<\/em><\/p>\n","protected":false},"excerpt":{"rendered":"<p>Inacredit\u00e1vel. Frustrante. Sabor amargo. Essas foram algumas das palavras usadas por organiza\u00e7\u00f5es ambientais, representantes da sociedade civil e<\/p>\n","protected":false},"author":1,"featured_media":11100,"comment_status":"open","ping_status":"open","sticky":false,"template":"","format":"standard","meta":{"footnotes":""},"categories":[27],"tags":[],"class_list":["post-11099","post","type-post","status-publish","format-standard","has-post-thumbnail","hentry","category-ultimas-noticias"],"_links":{"self":[{"href":"https:\/\/portalbahianoticia.com.br\/index.php?rest_route=\/wp\/v2\/posts\/11099","targetHints":{"allow":["GET"]}}],"collection":[{"href":"https:\/\/portalbahianoticia.com.br\/index.php?rest_route=\/wp\/v2\/posts"}],"about":[{"href":"https:\/\/portalbahianoticia.com.br\/index.php?rest_route=\/wp\/v2\/types\/post"}],"author":[{"embeddable":true,"href":"https:\/\/portalbahianoticia.com.br\/index.php?rest_route=\/wp\/v2\/users\/1"}],"replies":[{"embeddable":true,"href":"https:\/\/portalbahianoticia.com.br\/index.php?rest_route=%2Fwp%2Fv2%2Fcomments&post=11099"}],"version-history":[{"count":0,"href":"https:\/\/portalbahianoticia.com.br\/index.php?rest_route=\/wp\/v2\/posts\/11099\/revisions"}],"wp:featuredmedia":[{"embeddable":true,"href":"https:\/\/portalbahianoticia.com.br\/index.php?rest_route=\/wp\/v2\/media\/11100"}],"wp:attachment":[{"href":"https:\/\/portalbahianoticia.com.br\/index.php?rest_route=%2Fwp%2Fv2%2Fmedia&parent=11099"}],"wp:term":[{"taxonomy":"category","embeddable":true,"href":"https:\/\/portalbahianoticia.com.br\/index.php?rest_route=%2Fwp%2Fv2%2Fcategories&post=11099"},{"taxonomy":"post_tag","embeddable":true,"href":"https:\/\/portalbahianoticia.com.br\/index.php?rest_route=%2Fwp%2Fv2%2Ftags&post=11099"}],"curies":[{"name":"wp","href":"https:\/\/api.w.org\/{rel}","templated":true}]}}