{"id":11087,"date":"2026-08-30T15:13:09","date_gmt":"2026-08-30T18:13:09","guid":{"rendered":"https:\/\/portalbahianoticia.com.br\/?p=11087"},"modified":"2026-08-30T15:13:09","modified_gmt":"2026-08-30T18:13:09","slug":"athletico-pr-busca-empate-contra-o-fluminense-no-fim-em-jogo-de-seis-gols","status":"publish","type":"post","link":"https:\/\/portalbahianoticia.com.br\/?p=11087","title":{"rendered":"Athletico-PR busca empate contra o Fluminense no fim em jogo de seis gols"},"content":{"rendered":"<p>Neste domingo, Athletico-PR e Fluminense empataram por 3 a 3 na Arena da Baixada, pela 25\u00aa rodada do Campeonato Brasileiro. Leozinho, Benav\u00eddez e Viveros marcaram para o time da casa, enquanto Hulk, Canobbio e Ign\u00e1cio fizeram para os visitantes.<\/p>\n<h2>Situa\u00e7\u00e3o da tabela<\/h2>\n<p>Com o resultado, o Athletico chega aos 45 pontos, ainda na terceira coloca\u00e7\u00e3o do Brasileir\u00e3o. Por sua vez, o Fluminense tamb\u00e9m mant\u00e9m a quarta posi\u00e7\u00e3o, com 42 pontos somados.<\/p>\n<div class=\"dugout-video dugout-embed-eyJrZXkiOiJRenI4U2wxdiIsInAiOiJnYXpldGFlc3BvcnRpdmEiLCJwbCI6IiJ9\"><\/div>\n<p><script type=\"text\/javascript\" src=\"https:\/\/embed.onefootball.com\/inline\/gazetaesportiva.js\"><\/script><\/p>\n<p><strong>Veja tamb\u00e9m:<\/strong><br \/>\n<strong><a href=\"https:\/\/www.gazetaesportiva.com\/todas-as-noticias\/\">Todas as not\u00edcias da Gazeta Esportiva<\/a><\/strong><br \/>\n<strong><a href=\"https:\/\/www.youtube.com\/channel\/UCcndglQZmXnYjgE_Grqt5yg\">Canal da Gazeta Esportiva no YouTube<\/a><\/strong><br \/>\n<strong><a href=\"https:\/\/www.instagram.com\/gazetaesportiva\/\">Siga a Gazeta Esportiva no Instagram<\/a><\/strong><\/p>\n<h2><img decoding=\"async\" class=\"emoji\" role=\"img\" draggable=\"false\" src=\"https:\/\/s.w.org\/images\/core\/emoji\/17.0.2\/svg\/1f4cb.svg\" alt=\"\ud83d\udccb\" \/>\u00a0Resumo do jogo<\/h2>\n<h3><img decoding=\"async\" src=\"https:\/\/s.w.org\/images\/core\/emoji\/17.0.2\/72x72\/1f534.png\" alt=\"\ud83d\udd34\" class=\"wp-smiley\" style=\"height: 1em; max-height: 1em;\" \/><img decoding=\"async\" src=\"https:\/\/s.w.org\/images\/core\/emoji\/17.0.2\/72x72\/26ab.png\" alt=\"\u26ab\" class=\"wp-smiley\" style=\"height: 1em; max-height: 1em;\" \/> ATHLETICO 3 X 3 FLUMINENSE <img decoding=\"async\" src=\"https:\/\/s.w.org\/images\/core\/emoji\/17.0.2\/72x72\/1f534.png\" alt=\"\ud83d\udd34\" class=\"wp-smiley\" style=\"height: 1em; max-height: 1em;\" \/><img decoding=\"async\" src=\"https:\/\/s.w.org\/images\/core\/emoji\/17.0.2\/72x72\/1f7e2.png\" alt=\"\ud83d\udfe2\" class=\"wp-smiley\" style=\"height: 1em; max-height: 1em;\" \/><\/h3>\n<p><img decoding=\"async\" class=\"emoji\" role=\"img\" draggable=\"false\" src=\"https:\/\/s.w.org\/images\/core\/emoji\/17.0.2\/svg\/1f3c6.svg\" alt=\"\ud83c\udfc6\" \/>\u00a0<strong>Competi\u00e7\u00e3o<\/strong>: Campeonato Brasileiro \u2013 25\u00aa rodada<br \/>\n<img decoding=\"async\" class=\"emoji\" role=\"img\" draggable=\"false\" src=\"https:\/\/s.w.org\/images\/core\/emoji\/17.0.2\/svg\/1f3df.svg\" alt=\"\ud83c\udfdf\" \/>\u00a0<strong>Local<\/strong>: Arena da Baixada, em Curitiba (PR)<br \/>\n<img decoding=\"async\" class=\"emoji\" role=\"img\" draggable=\"false\" src=\"https:\/\/s.w.org\/images\/core\/emoji\/17.0.2\/svg\/1f4c5.svg\" alt=\"\ud83d\udcc5\" \/>\u00a0<strong>Data<\/strong>: 30 de agosto de 2026 (domingo)<br \/>\n<img decoding=\"async\" class=\"emoji\" role=\"img\" draggable=\"false\" src=\"https:\/\/s.w.org\/images\/core\/emoji\/17.0.2\/svg\/23f0.svg\" alt=\"\u23f0\" \/>\u00a0<strong>Hor\u00e1rio<\/strong>: 11h (de Bras\u00edlia)<br \/>\n<img decoding=\"async\" class=\"emoji\" role=\"img\" draggable=\"false\" src=\"https:\/\/s.w.org\/images\/core\/emoji\/17.0.2\/svg\/1f7e8.svg\" alt=\"\ud83d\udfe8\" \/><strong>\u00a0Cart\u00f5es amarelos<\/strong>: G. Benav\u00eddez e K. Viveros (Athletico), Ganso e Nonato (Fluminense)<\/p>\n<div class='fotorama' data-click='false' data-nav='thumbs' data-allowfullscreen='true'><a data-caption='\n\n<div class=\"fotorama_legenda_galeria\">FOTO: MARINA GARCIA \/ FLUMINENSE F.C.<\/div>\n<p>&#8216; href=&#8217;https:\/\/static.gazetaesportiva.com\/uploads\/2026\/08\/55497472176_71d9127760_o-1024&#215;683.webp&#8217; data-thumb=&#8217;https:\/\/static.gazetaesportiva.com\/uploads\/2026\/08\/55497472176_71d9127760_o-1024&#215;683.webp&#8217;><\/a><a data-caption='\n\n<div class=\"fotorama_legenda_galeria\">FOTO: MARINA GARCIA \/ FLUMINENSE F.C.<\/div>\n<p>&#8216; href=&#8217;https:\/\/static.gazetaesportiva.com\/uploads\/2026\/08\/55497615104_2cc6e7ebed_o-1024&#215;683.webp&#8217; data-thumb=&#8217;https:\/\/static.gazetaesportiva.com\/uploads\/2026\/08\/55497615104_2cc6e7ebed_o-1024&#215;683.webp&#8217;><\/a><a data-caption='\n\n<div class=\"fotorama_legenda_galeria\">FOTO: MARINA GARCIA \/ FLUMINENSE F.C.<\/div>\n<p>&#8216; href=&#8217;https:\/\/static.gazetaesportiva.com\/uploads\/2026\/08\/55497445076_23440ee080_o-1024&#215;683.webp&#8217; data-thumb=&#8217;https:\/\/static.gazetaesportiva.com\/uploads\/2026\/08\/55497445076_23440ee080_o-1024&#215;683.webp&#8217;><\/a><a data-caption='\n\n<div class=\"fotorama_legenda_galeria\">Foto: Reprodu\u00e7\u00e3o \/ Athletico-PR<\/div>\n<p>&#8216; href=&#8217;https:\/\/static.gazetaesportiva.com\/uploads\/2026\/08\/HQ-qhFgW0AAT9V5-1-1024&#215;1024.webp&#8217; data-thumb=&#8217;https:\/\/static.gazetaesportiva.com\/uploads\/2026\/08\/HQ-qhFgW0AAT9V5-1-1024&#215;1024.webp&#8217;><\/a><a data-caption='\n\n<div class=\"fotorama_legenda_galeria\">FOTO: MARINA GARCIA \/ FLUMINENSE F.C.<\/div>\n<p>&#8216; href=&#8217;https:\/\/static.gazetaesportiva.com\/uploads\/2026\/08\/55497445126_1177d58480_o-1024&#215;683.webp&#8217; data-thumb=&#8217;https:\/\/static.gazetaesportiva.com\/uploads\/2026\/08\/55497445126_1177d58480_o-1024&#215;683.webp&#8217;><\/a><a data-caption='\n\n<div class=\"fotorama_legenda_galeria\">FOTO: MARINA GARCIA \/ FLUMINENSE F.C.<\/div>\n<p>&#8216; href=&#8217;https:\/\/static.gazetaesportiva.com\/uploads\/2026\/08\/55497833195_9bebb17026_o-1024&#215;683.webp&#8217; data-thumb=&#8217;https:\/\/static.gazetaesportiva.com\/uploads\/2026\/08\/55497833195_9bebb17026_o-1024&#215;683.webp&#8217;><\/a><a data-caption='\n\n<div class=\"fotorama_legenda_galeria\">FOTO: MARINA GARCIA \/ FLUMINENSE F.C.<\/div>\n<p>&#8216; href=&#8217;https:\/\/static.gazetaesportiva.com\/uploads\/2026\/08\/55497615514_9660c3e502_o-1024&#215;683.webp&#8217; data-thumb=&#8217;https:\/\/static.gazetaesportiva.com\/uploads\/2026\/08\/55497615514_9660c3e502_o-1024&#215;683.webp&#8217;><\/a><a data-caption='\n\n<div class=\"fotorama_legenda_galeria\">FOTO: MARINA GARCIA \/ FLUMINENSE F.C.<\/div>\n<p>&#8216; href=&#8217;https:\/\/static.gazetaesportiva.com\/uploads\/2026\/08\/55497605664_8dd5f2914a_o-1024&#215;683.webp&#8217; data-thumb=&#8217;https:\/\/static.gazetaesportiva.com\/uploads\/2026\/08\/55497605664_8dd5f2914a_o-1024&#215;683.webp&#8217;><\/a><a data-caption='\n\n<div class=\"fotorama_legenda_galeria\">FOTO: MARINA GARCIA \/ FLUMINENSE F.C.<\/div>\n<p>&#8216; href=&#8217;https:\/\/static.gazetaesportiva.com\/uploads\/2026\/08\/55497496218_767536a054_o-2-1024&#215;683.webp&#8217; data-thumb=&#8217;https:\/\/static.gazetaesportiva.com\/uploads\/2026\/08\/55497496218_767536a054_o-2-1024&#215;683.webp&#8217;><\/a><a data-caption='\n\n<div class=\"fotorama_legenda_galeria\">FOTO: MARINA GARCIA \/ FLUMINENSE F.C.<\/div>\n<p>&#8216; href=&#8217;https:\/\/static.gazetaesportiva.com\/uploads\/2026\/08\/55496480967_1aa6ea111f_o-1024&#215;683.webp&#8217; data-thumb=&#8217;https:\/\/static.gazetaesportiva.com\/uploads\/2026\/08\/55496480967_1aa6ea111f_o-1024&#215;683.webp&#8217;><\/a><\/div>\n<p><\/p>\n<h2>Gols<\/h2>\n<ul>\n<li><img decoding=\"async\" class=\"emoji\" role=\"img\" draggable=\"false\" src=\"https:\/\/s.w.org\/images\/core\/emoji\/17.0.2\/svg\/26bd.svg\" alt=\"\u26bd\" \/> Leozinho, aos 35\u2019 do 1\u00baT (Athletico)<\/li>\n<li><img decoding=\"async\" class=\"emoji\" role=\"img\" draggable=\"false\" src=\"https:\/\/s.w.org\/images\/core\/emoji\/17.0.2\/svg\/26bd.svg\" alt=\"\u26bd\" \/> Hulk, aos 38\u2019 do 1\u00baT (Fluminense)<\/li>\n<li><img decoding=\"async\" class=\"emoji\" role=\"img\" draggable=\"false\" src=\"https:\/\/s.w.org\/images\/core\/emoji\/17.0.2\/svg\/26bd.svg\" alt=\"\u26bd\" \/> Gast\u00f3n Benav\u00eddez, aos 3\u2019 do 2\u00baT (Athletico)<\/li>\n<li><img decoding=\"async\" class=\"emoji\" role=\"img\" draggable=\"false\" src=\"https:\/\/s.w.org\/images\/core\/emoji\/17.0.2\/svg\/26bd.svg\" alt=\"\u26bd\" \/> Agust\u00edn Canobbio, aos 19\u2019 do 2\u00baT (Fluminense)<\/li>\n<li><img decoding=\"async\" class=\"emoji\" role=\"img\" draggable=\"false\" src=\"https:\/\/s.w.org\/images\/core\/emoji\/17.0.2\/svg\/26bd.svg\" alt=\"\u26bd\" \/> Ign\u00e1cio, aos 33\u2019 do 2\u00baT (Fluminense)<\/li>\n<li><img decoding=\"async\" class=\"emoji\" role=\"img\" draggable=\"false\" src=\"https:\/\/s.w.org\/images\/core\/emoji\/17.0.2\/svg\/26bd.svg\" alt=\"\u26bd\" \/> Kevin Viveros, aos 50\u2019 do 2\u00baT (Athletico)<\/li>\n<\/ul>\n<h2>Como foi o jogo<\/h2>\n<p><strong>Primeiro tempo<\/strong><\/p>\n<p>O Athletico abriu o placar aos 35 da primeira etapa, ap\u00f3s o cruzamento na medida de Mendonza para Leozinho tocar de cabe\u00e7a no \u00e2ngulo. O Fluminense empatou com 38 no cron\u00f4metro ap\u00f3s a cobran\u00e7a perfeita de falta de Hulk, que morreu no fundo da rede.<\/p>\n<p><strong>Segundo tempo<\/strong><\/p>\n<p>Com tr\u00eas minutos do segundo tempo, Benav\u00eddez aproveitou a sobra do escanteio e deu um peixinho na bola para empurr\u00e1-la dentro do gol. O Fluminense empatou o placar de novo ap\u00f3s Canobbio pegar rebote pr\u00f3ximo \u00e0 linha de fundo, bater quase sem \u00e2ngulo e contar com o erro do goleiro Santos, que deixou a bola passar, aos 19 minutos da segunda etapa.<\/p>\n<p>Aos 33 minutos da etapa complementar, Hulk cobrou r\u00e1pido uma falta para dentro da \u00e1rea para Ign\u00e1cio, que aproveitou a desaten\u00e7\u00e3o dos defensores do Athletico e completou sozinho de cabe\u00e7a para virar a partida.<\/p>\n<p>J\u00e1 nos acr\u00e9scimos da segunda etapa, Kevin Viveros recebeu dentro da \u00e1rea e, na tentativa de cortar o passe, o goleiro F\u00e1bio acabou fazendo o p\u00eanalti no atacante do Athletico, aos 48 minutos. Viveros foi para a cobran\u00e7a e empatou a partida aos 50 minutos, seu 17\u00ba no Brasileir\u00e3o, o artilheiro isolado.<\/p>\n<h2>Escala\u00e7\u00f5es<\/h2>\n<p><strong><img decoding=\"async\" src=\"https:\/\/s.w.org\/images\/core\/emoji\/17.0.2\/72x72\/1f534.png\" alt=\"\ud83d\udd34\" class=\"wp-smiley\" style=\"height: 1em; max-height: 1em;\" \/><img decoding=\"async\" src=\"https:\/\/s.w.org\/images\/core\/emoji\/17.0.2\/72x72\/26ab.png\" alt=\"\u26ab\" class=\"wp-smiley\" style=\"height: 1em; max-height: 1em;\" \/> ATHLETICO<\/strong><\/p>\n<p>Santos; Dantas, Juan Aguirre (Rivaldo) e Arthur Dias; Benav\u00eddez, Jadson, Luiz Gustavo (Zapelli) e Jo\u00e3o Cruz (Vargas); Steven Mendoza, Kevin Viveros e Leozinho (Dudu).<br \/>\n<strong>T\u00e9cnico<\/strong>: Odair Hellmann.<\/p>\n<p><strong><img decoding=\"async\" src=\"https:\/\/s.w.org\/images\/core\/emoji\/17.0.2\/72x72\/1f534.png\" alt=\"\ud83d\udd34\" class=\"wp-smiley\" style=\"height: 1em; max-height: 1em;\" \/><img decoding=\"async\" src=\"https:\/\/s.w.org\/images\/core\/emoji\/17.0.2\/72x72\/1f7e2.png\" alt=\"\ud83d\udfe2\" class=\"wp-smiley\" style=\"height: 1em; max-height: 1em;\" \/> FLUMINENSE<\/strong><\/p>\n<p>F\u00e1bio; Guga, Ign\u00e1cio, Mill\u00e1n e Ren\u00ea; Martinelli, Nonato e Paulo Henrique Ganso (L. Acosta); Canobbio (Savarino), Hulk (Jemmes) e Soteldo (K. Serna).<br \/>\n<strong>T\u00e9cnico<\/strong>: Marc\u00e3o.<\/p>\n<h2>Pr\u00f3ximos jogos<\/h2>\n<p><strong><img decoding=\"async\" src=\"https:\/\/s.w.org\/images\/core\/emoji\/17.0.2\/72x72\/1f534.png\" alt=\"\ud83d\udd34\" class=\"wp-smiley\" style=\"height: 1em; max-height: 1em;\" \/><img decoding=\"async\" src=\"https:\/\/s.w.org\/images\/core\/emoji\/17.0.2\/72x72\/26ab.png\" alt=\"\u26ab\" class=\"wp-smiley\" style=\"height: 1em; max-height: 1em;\" \/> Athletico<\/strong><\/p>\n<p><strong>Cruzeiro x Athletico<\/strong>\u00a0(Campeonato Brasileiro \u2013 26\u00aa rodada)<br \/>\n<strong>Data e hor\u00e1rio<\/strong>: 6 de setembro de 2026 (domingo), \u00e0s 16h (de Bras\u00edlia)<br \/>\n<strong>Local<\/strong>: Mineir\u00e3o, em Belo Horizonte (MG)<\/p>\n<p><strong><img decoding=\"async\" src=\"https:\/\/s.w.org\/images\/core\/emoji\/17.0.2\/72x72\/1f534.png\" alt=\"\ud83d\udd34\" class=\"wp-smiley\" style=\"height: 1em; max-height: 1em;\" \/><img decoding=\"async\" src=\"https:\/\/s.w.org\/images\/core\/emoji\/17.0.2\/72x72\/1f7e2.png\" alt=\"\ud83d\udfe2\" class=\"wp-smiley\" style=\"height: 1em; max-height: 1em;\" \/> Fluminense<\/strong><\/p>\n<p><strong>Fluminense x Vasco da Gama<\/strong>\u00a0(Campeonato Brasileiro \u2013 26\u00aa rodada)<br \/>\n<strong>Data e hor\u00e1rio<\/strong>: 5 de setembro de 2026 (s\u00e1bado), \u00e0s 21h (de Bras\u00edlia)<br \/>\n<strong>Local<\/strong>: Maracan\u00e3, no Rio de Janeiro (RJ)<\/p>\n<p>O post <a href=\"https:\/\/www.gazetaesportiva.com\/todas-as-noticias\/athletico-pr-e-fluminense-empatam-em-jogo-eletrizante-no-brasileirao\/\">Athletico-PR busca empate contra o Fluminense no fim em jogo de seis gols<\/a> apareceu primeiro em <a href=\"https:\/\/www.gazetaesportiva.com\">Gazeta Esportiva<\/a>.<\/p>\n","protected":false},"excerpt":{"rendered":"<p>Neste domingo, Athletico-PR e Fluminense empataram por 3 a 3 na Arena da Baixada, pela 25\u00aa rodada do<\/p>\n","protected":false},"author":1,"featured_media":11088,"comment_status":"open","ping_status":"open","sticky":false,"template":"","format":"standard","meta":{"footnotes":""},"categories":[71],"tags":[],"class_list":["post-11087","post","type-post","status-publish","format-standard","has-post-thumbnail","hentry","category-esportes-news"],"_links":{"self":[{"href":"https:\/\/portalbahianoticia.com.br\/index.php?rest_route=\/wp\/v2\/posts\/11087","targetHints":{"allow":["GET"]}}],"collection":[{"href":"https:\/\/portalbahianoticia.com.br\/index.php?rest_route=\/wp\/v2\/posts"}],"about":[{"href":"https:\/\/portalbahianoticia.com.br\/index.php?rest_route=\/wp\/v2\/types\/post"}],"author":[{"embeddable":true,"href":"https:\/\/portalbahianoticia.com.br\/index.php?rest_route=\/wp\/v2\/users\/1"}],"replies":[{"embeddable":true,"href":"https:\/\/portalbahianoticia.com.br\/index.php?rest_route=%2Fwp%2Fv2%2Fcomments&post=11087"}],"version-history":[{"count":0,"href":"https:\/\/portalbahianoticia.com.br\/index.php?rest_route=\/wp\/v2\/posts\/11087\/revisions"}],"wp:featuredmedia":[{"embeddable":true,"href":"https:\/\/portalbahianoticia.com.br\/index.php?rest_route=\/wp\/v2\/media\/11088"}],"wp:attachment":[{"href":"https:\/\/portalbahianoticia.com.br\/index.php?rest_route=%2Fwp%2Fv2%2Fmedia&parent=11087"}],"wp:term":[{"taxonomy":"category","embeddable":true,"href":"https:\/\/portalbahianoticia.com.br\/index.php?rest_route=%2Fwp%2Fv2%2Fcategories&post=11087"},{"taxonomy":"post_tag","embeddable":true,"href":"https:\/\/portalbahianoticia.com.br\/index.php?rest_route=%2Fwp%2Fv2%2Ftags&post=11087"}],"curies":[{"name":"wp","href":"https:\/\/api.w.org\/{rel}","templated":true}]}}