{"id":11069,"date":"2026-08-30T15:13:18","date_gmt":"2026-08-30T18:13:18","guid":{"rendered":"https:\/\/portalbahianoticia.com.br\/?p=11069"},"modified":"2026-08-30T15:13:18","modified_gmt":"2026-08-30T18:13:18","slug":"real-madrid-goleia-o-malaga-pelo-espanhol-com-show-de-vini-mbappe-e-bellingham","status":"publish","type":"post","link":"https:\/\/portalbahianoticia.com.br\/?p=11069","title":{"rendered":"Real Madrid goleia o M\u00e1laga pelo Espanhol com show de Vini, Mbapp\u00e9 e Bellingham"},"content":{"rendered":"<p>Neste domingo, o Real Madrid goleou o M\u00e1laga por 4 a 0 pela terceira rodada do Campeonato Espanhol, em partida disputada no Santiago Bernab\u00e9u, em Madri. Os gols foram marcados por Bellingham, Mbapp\u00e9, Arda Guler e Alfonso Herrero (Contra).<\/p>\n<h2>Situa\u00e7\u00e3o da tabela<\/h2>\n<p>Com o resultado, o Real Madrid assume a lideran\u00e7a moment\u00e2nea do Campeonato Espanhol com nove pontos somados. Caso o Barcelona ven\u00e7a o confronto desta segunda contra o Rayo Vallecano, o rival passa o Real e assume a lideran\u00e7a. O M\u00e1laga, por outro lado, sofre mais uma derrota na liga e mant\u00e9m apenas um ponto, na 18\u00aa posi\u00e7\u00e3o.<\/p>\n<p><strong>Veja tamb\u00e9m:<\/strong><br \/>\n<strong><a href=\"https:\/\/www.gazetaesportiva.com\/todas-as-noticias\/\">Todas as not\u00edcias da Gazeta Esportiva<\/a><\/strong><br \/>\n<strong><a href=\"https:\/\/www.youtube.com\/channel\/UCcndglQZmXnYjgE_Grqt5yg\">Canal da Gazeta Esportiva no YouTube<\/a><\/strong><br \/>\n<strong><a href=\"https:\/\/www.instagram.com\/gazetaesportiva\/\">Siga a Gazeta Esportiva no Instagram<\/a><\/strong><\/p>\n<h2><img decoding=\"async\" class=\"emoji\" role=\"img\" draggable=\"false\" src=\"https:\/\/s.w.org\/images\/core\/emoji\/17.0.2\/svg\/1f4cb.svg\" alt=\"\ud83d\udccb\" \/>\u00a0Resumo do jogo<\/h2>\n<h3><img decoding=\"async\" src=\"https:\/\/s.w.org\/images\/core\/emoji\/17.0.2\/72x72\/26aa.png\" alt=\"\u26aa\" class=\"wp-smiley\" style=\"height: 1em; max-height: 1em;\" \/> REAL MADRID 4 X 0 M\u00c1LAGA <img decoding=\"async\" src=\"https:\/\/s.w.org\/images\/core\/emoji\/17.0.2\/72x72\/1f535.png\" alt=\"\ud83d\udd35\" class=\"wp-smiley\" style=\"height: 1em; max-height: 1em;\" \/><\/h3>\n<p><img decoding=\"async\" class=\"emoji\" role=\"img\" draggable=\"false\" src=\"https:\/\/s.w.org\/images\/core\/emoji\/17.0.2\/svg\/1f3c6.svg\" alt=\"\ud83c\udfc6\" \/> Competi\u00e7\u00e3o: Campeonato Espanhol \u2013 Rodada 3<br \/>\n<img decoding=\"async\" class=\"emoji\" role=\"img\" draggable=\"false\" src=\"https:\/\/s.w.org\/images\/core\/emoji\/17.0.2\/svg\/1f3df.svg\" alt=\"\ud83c\udfdf\" \/> Local: Bernab\u00e9u, em Madri, na Espanha<br \/>\n<img decoding=\"async\" class=\"emoji\" role=\"img\" draggable=\"false\" src=\"https:\/\/s.w.org\/images\/core\/emoji\/17.0.2\/svg\/1f4c5.svg\" alt=\"\ud83d\udcc5\" \/>\u00a0Data: 30 de agosto de 2026 (domingo)<br \/>\n<img decoding=\"async\" class=\"emoji\" role=\"img\" draggable=\"false\" src=\"https:\/\/s.w.org\/images\/core\/emoji\/17.0.2\/svg\/23f0.svg\" alt=\"\u23f0\" \/> Hor\u00e1rio: 12h (de Bras\u00edlia)<\/p>\n<div class='fotorama' data-click='false' data-nav='thumbs' data-allowfullscreen='true'><a data-caption='\n\n<div class=\"fotorama_legenda_galeria\">Foto por THOMAS COEX \/ AFP<\/div>\n<p>&#8216; href=&#8217;https:\/\/static.gazetaesportiva.com\/uploads\/2026\/08\/AFP__20260830__C6UZ3TW__v1__HighRes__FblEspLigaRealMadridMalaga-1024&#215;683.webp&#8217; data-thumb=&#8217;https:\/\/static.gazetaesportiva.com\/uploads\/2026\/08\/AFP__20260830__C6UZ3TW__v1__HighRes__FblEspLigaRealMadridMalaga-1024&#215;683.webp&#8217;><\/a><a data-caption='\n\n<div class=\"fotorama_legenda_galeria\">Foto por THOMAS COEX \/ AFP<\/div>\n<p>&#8216; href=&#8217;https:\/\/static.gazetaesportiva.com\/uploads\/2026\/08\/AFP__20260830__C6UR6Q2__v1__HighRes__FblEspLigaRealMadridMalaga-1024&#215;683.webp&#8217; data-thumb=&#8217;https:\/\/static.gazetaesportiva.com\/uploads\/2026\/08\/AFP__20260830__C6UR6Q2__v1__HighRes__FblEspLigaRealMadridMalaga-1024&#215;683.webp&#8217;><\/a><a data-caption='\n\n<div class=\"fotorama_legenda_galeria\">Foto por THOMAS COEX \/ AFP<\/div>\n<p>&#8216; href=&#8217;https:\/\/static.gazetaesportiva.com\/uploads\/2026\/08\/AFP__20260830__C6UR6NU__v1__HighRes__FblEspLigaRealMadridMalaga-1024&#215;682.webp&#8217; data-thumb=&#8217;https:\/\/static.gazetaesportiva.com\/uploads\/2026\/08\/AFP__20260830__C6UR6NU__v1__HighRes__FblEspLigaRealMadridMalaga-1024&#215;682.webp&#8217;><\/a><a data-caption='\n\n<div class=\"fotorama_legenda_galeria\">Foto por THOMAS COEX \/ AFP<\/div>\n<p>&#8216; href=&#8217;https:\/\/static.gazetaesportiva.com\/uploads\/2026\/08\/AFP__20260830__C6UX2A8__v1__HighRes__FblEspLigaRealMadridMalaga-1024&#215;684.webp&#8217; data-thumb=&#8217;https:\/\/static.gazetaesportiva.com\/uploads\/2026\/08\/AFP__20260830__C6UX2A8__v1__HighRes__FblEspLigaRealMadridMalaga-1024&#215;684.webp&#8217;><\/a><a data-caption='\n\n<div class=\"fotorama_legenda_galeria\">Foto por THOMAS COEX \/ AFP<\/div>\n<p>&#8216; href=&#8217;https:\/\/static.gazetaesportiva.com\/uploads\/2026\/08\/AFP__20260830__C6UU4CT__v1__HighRes__FblEspLigaRealMadridMalaga-1024&#215;684.webp&#8217; data-thumb=&#8217;https:\/\/static.gazetaesportiva.com\/uploads\/2026\/08\/AFP__20260830__C6UU4CT__v1__HighRes__FblEspLigaRealMadridMalaga-1024&#215;684.webp&#8217;><\/a><a data-caption='\n\n<div class=\"fotorama_legenda_galeria\">Foto por THOMAS COEX \/ AFP<\/div>\n<p>&#8216; href=&#8217;https:\/\/static.gazetaesportiva.com\/uploads\/2026\/08\/AFP__20260830__C6UR6QB__v1__HighRes__FblEspLigaRealMadridMalaga-1024&#215;683.webp&#8217; data-thumb=&#8217;https:\/\/static.gazetaesportiva.com\/uploads\/2026\/08\/AFP__20260830__C6UR6QB__v1__HighRes__FblEspLigaRealMadridMalaga-1024&#215;683.webp&#8217;><\/a><a data-caption='\n\n<div class=\"fotorama_legenda_galeria\">Foto por THOMAS COEX \/ AFP<\/div>\n<p>&#8216; href=&#8217;https:\/\/static.gazetaesportiva.com\/uploads\/2026\/08\/AFP__20260830__C6UX2CB__v1__HighRes__FblEspLigaRealMadridMalaga-1024&#215;684.webp&#8217; data-thumb=&#8217;https:\/\/static.gazetaesportiva.com\/uploads\/2026\/08\/AFP__20260830__C6UX2CB__v1__HighRes__FblEspLigaRealMadridMalaga-1024&#215;684.webp&#8217;><\/a><a data-caption='\n\n<div class=\"fotorama_legenda_galeria\">Foto por THOMAS COEX \/ AFP<\/div>\n<p>&#8216; href=&#8217;https:\/\/static.gazetaesportiva.com\/uploads\/2026\/08\/AFP__20260830__C6UX29Y__v1__HighRes__FblEspLigaRealMadridMalaga-1024&#215;683.webp&#8217; data-thumb=&#8217;https:\/\/static.gazetaesportiva.com\/uploads\/2026\/08\/AFP__20260830__C6UX29Y__v1__HighRes__FblEspLigaRealMadridMalaga-1024&#215;683.webp&#8217;><\/a><a data-caption='\n\n<div class=\"fotorama_legenda_galeria\">Foto por THOMAS COEX \/ AFP<\/div>\n<p>&#8216; href=&#8217;https:\/\/static.gazetaesportiva.com\/uploads\/2026\/08\/AFP__20260830__C6UR6RW__v1__HighRes__FblEspLigaRealMadridMalaga-683&#215;1024.webp&#8217; data-thumb=&#8217;https:\/\/static.gazetaesportiva.com\/uploads\/2026\/08\/AFP__20260830__C6UR6RW__v1__HighRes__FblEspLigaRealMadridMalaga-683&#215;1024.webp&#8217;><\/a><a data-caption='\n\n<div class=\"fotorama_legenda_galeria\">Foto por THOMAS COEX \/ AFP<\/div>\n<p>&#8216; href=&#8217;https:\/\/static.gazetaesportiva.com\/uploads\/2026\/08\/AFP__20260830__C6UX2C7__v1__HighRes__FblEspLigaRealMadridMalaga-1024&#215;681.webp&#8217; data-thumb=&#8217;https:\/\/static.gazetaesportiva.com\/uploads\/2026\/08\/AFP__20260830__C6UX2C7__v1__HighRes__FblEspLigaRealMadridMalaga-1024&#215;681.webp&#8217;><\/a><\/div>\n<p><\/p>\n<h2>Gols<\/h2>\n<ul>\n<li><img decoding=\"async\" class=\"emoji\" role=\"img\" draggable=\"false\" src=\"https:\/\/s.w.org\/images\/core\/emoji\/17.0.2\/svg\/26bd.svg\" alt=\"\u26bd\" \/> Jude Bellingham, aos 19\u2032 do 1\u00baT (Real Madrid)<\/li>\n<li><img decoding=\"async\" class=\"emoji\" role=\"img\" draggable=\"false\" src=\"https:\/\/s.w.org\/images\/core\/emoji\/17.0.2\/svg\/26bd.svg\" alt=\"\u26bd\" \/> Alfonso Herrero (Contra), aos 26\u2032 do 1\u00baT (Real Madrid)<\/li>\n<li><img decoding=\"async\" class=\"emoji\" role=\"img\" draggable=\"false\" src=\"https:\/\/s.w.org\/images\/core\/emoji\/17.0.2\/svg\/26bd.svg\" alt=\"\u26bd\" \/> Kylian Mbapp\u00e9, aos 30\u2032 do 1\u00baT (Real Madrid)<\/li>\n<li><img decoding=\"async\" class=\"emoji\" role=\"img\" draggable=\"false\" src=\"https:\/\/s.w.org\/images\/core\/emoji\/17.0.2\/svg\/26bd.svg\" alt=\"\u26bd\" \/> Arda Guler, aos 46\u2032 do 2\u00baT (Real Madrid)<\/li>\n<\/ul>\n<h2>Como foi o jogo<\/h2>\n<p>Aos 19 minutos de jogo, Jude Bellingham arrancou na intermedi\u00e1ria, carregou a bola at\u00e9 a entrada da pequena \u00e1rea e bateu por entre as pernas do goleiro Herrero para abrir o placar. Com 26, Bellingham tocou de cabe\u00e7a e contou com a falha do goleiro Herrero, que empurrou para o fundo da rede, ampliando o marcador para o Madrid.<\/p>\n<p>Mbapp\u00e9 marcou o terceiro para o Real Madrid ainda na primeira etapa. O atacante recebeu na entrada da \u00e1rea, clareou o jogo para Alexander-Arnold, que cruzou para o camisa 10 bater bonito de voleio.<\/p>\n<p>J\u00e1 nos acr\u00e9scimos da segunda etapa, Arda Guler puxou um contra-ataque em velocidade, tocou para Vin\u00edcius J\u00fanior, que limpou o zagueiro na linha de fundo e rolou para o turco marcar o \u00faltimo da goleada do Real.<\/p>\n<blockquote class=\"twitter-tweet\">\n<p dir=\"ltr\" lang=\"es\"><img decoding=\"async\" src=\"https:\/\/s.w.org\/images\/core\/emoji\/17.0.2\/72x72\/1f90d.png\" alt=\"\ud83e\udd0d\" class=\"wp-smiley\" style=\"height: 1em; max-height: 1em;\" \/> \u00a1HALA MADRID Y NADA M\u00c1S! <a href=\"https:\/\/x.com\/emirates?ref_src=twsrc%5Etfw\">@emirates<\/a> <a href=\"https:\/\/t.co\/FlzOjA7Rjd\">pic.twitter.com\/FlzOjA7Rjd<\/a><\/p>\n<p>\u2014 Real Madrid C.F. (@realmadrid) <a href=\"https:\/\/x.com\/realmadrid\/status\/2094107883042447589?ref_src=twsrc%5Etfw\">August 30, 2026<\/a><\/p>\n<\/blockquote>\n<p><script async src=\"https:\/\/platform.x.com\/widgets.js\" charset=\"utf-8\"><\/script><\/p>\n<h2>Pr\u00f3ximos jogos<\/h2>\n<h3><img decoding=\"async\" src=\"https:\/\/s.w.org\/images\/core\/emoji\/17.0.2\/72x72\/26aa.png\" alt=\"\u26aa\" class=\"wp-smiley\" style=\"height: 1em; max-height: 1em;\" \/> Real Madrid<\/h3>\n<p>Real Betis x Real Madrid<br \/>\nCompeti\u00e7\u00e3o: Campeonato Espanhol \u2013 Rodada 4<br \/>\nData e hor\u00e1rio: sexta, 4 de setembro de 2026, \u00e0s 16h (de Bras\u00edlia)<br \/>\nLocal: Est\u00e1dio Benito Villamar\u00edn, em Sevilha (ESP)<\/p>\n<h3><img decoding=\"async\" src=\"https:\/\/s.w.org\/images\/core\/emoji\/17.0.2\/72x72\/1f535.png\" alt=\"\ud83d\udd35\" class=\"wp-smiley\" style=\"height: 1em; max-height: 1em;\" \/> M\u00e1laga<\/h3>\n<p>M\u00e1laga x Levante<br \/>\nCompeti\u00e7\u00e3o: Campeonato Espanhol \u2013 Rodada 4<br \/>\nData e hor\u00e1rio: domingo, 6 de setembro de 2026, \u00e0s 13h30 (de Bras\u00edlia)<br \/>\nLocal: Est\u00e1dio La Rosaleda, em M\u00e1laga (ESP)<\/p>\n<div class=\"dugout-video dugout-embed-eyJrZXkiOiIiLCJwIjoiZ2F6ZXRhZXNwb3J0aXZhIiwicGwiOiI0a2hoSjVCWCJ9\"><\/div>\n<p><script type=\"text\/javascript\" src=\"https:\/\/embed.onefootball.com\/inline\/gazetaesportiva.js\"><\/script><\/p>\n<p>O post <a href=\"https:\/\/www.gazetaesportiva.com\/times\/real-madrid\/real-madrid-goleia-malaga-e-assume-lideranca-provisoria-da-la-liga\/\">Real Madrid goleia o M\u00e1laga pelo Espanhol com show de Vini, Mbapp\u00e9 e Bellingham<\/a> apareceu primeiro em <a href=\"https:\/\/www.gazetaesportiva.com\">Gazeta Esportiva<\/a>.<\/p>\n","protected":false},"excerpt":{"rendered":"<p>Neste domingo, o Real Madrid goleou o M\u00e1laga por 4 a 0 pela terceira rodada do Campeonato Espanhol,<\/p>\n","protected":false},"author":1,"featured_media":11070,"comment_status":"open","ping_status":"open","sticky":false,"template":"","format":"standard","meta":{"footnotes":""},"categories":[71],"tags":[],"class_list":["post-11069","post","type-post","status-publish","format-standard","has-post-thumbnail","hentry","category-esportes-news"],"_links":{"self":[{"href":"https:\/\/portalbahianoticia.com.br\/index.php?rest_route=\/wp\/v2\/posts\/11069","targetHints":{"allow":["GET"]}}],"collection":[{"href":"https:\/\/portalbahianoticia.com.br\/index.php?rest_route=\/wp\/v2\/posts"}],"about":[{"href":"https:\/\/portalbahianoticia.com.br\/index.php?rest_route=\/wp\/v2\/types\/post"}],"author":[{"embeddable":true,"href":"https:\/\/portalbahianoticia.com.br\/index.php?rest_route=\/wp\/v2\/users\/1"}],"replies":[{"embeddable":true,"href":"https:\/\/portalbahianoticia.com.br\/index.php?rest_route=%2Fwp%2Fv2%2Fcomments&post=11069"}],"version-history":[{"count":0,"href":"https:\/\/portalbahianoticia.com.br\/index.php?rest_route=\/wp\/v2\/posts\/11069\/revisions"}],"wp:featuredmedia":[{"embeddable":true,"href":"https:\/\/portalbahianoticia.com.br\/index.php?rest_route=\/wp\/v2\/media\/11070"}],"wp:attachment":[{"href":"https:\/\/portalbahianoticia.com.br\/index.php?rest_route=%2Fwp%2Fv2%2Fmedia&parent=11069"}],"wp:term":[{"taxonomy":"category","embeddable":true,"href":"https:\/\/portalbahianoticia.com.br\/index.php?rest_route=%2Fwp%2Fv2%2Fcategories&post=11069"},{"taxonomy":"post_tag","embeddable":true,"href":"https:\/\/portalbahianoticia.com.br\/index.php?rest_route=%2Fwp%2Fv2%2Ftags&post=11069"}],"curies":[{"name":"wp","href":"https:\/\/api.w.org\/{rel}","templated":true}]}}